{"id":1813,"date":"2016-03-10T14:11:04","date_gmt":"2016-03-10T20:11:04","guid":{"rendered":"http:\/\/www.gesmujer.org\/sitio\/?p=1813"},"modified":"2024-04-05T14:57:46","modified_gmt":"2024-04-05T20:57:46","slug":"el-poder-de-toda-mujer-emana-de-ella-misma","status":"publish","type":"post","link":"https:\/\/www.gesmujer.org\/sitio\/?p=1813","title":{"rendered":"El poder de toda mujer emana de ella misma"},"content":{"rendered":"<ul>\n<li style=\"text-align: justify;\">GESMujer imparti\u00f3 en sus instalaciones la pl\u00e1tica \u201cEmpoder\u00e1ndome desde mi ser humano, mi ser mujer\u201d.<\/li>\n<\/ul>\n<p style=\"text-align: justify;\">Otorgarse el tiempo para participar en la pl\u00e1tica \u201cEmpoder\u00e1ndome desde mi ser humano, mi ser mujer\u201d que la ma\u00f1ana de este jueves ofreci\u00f3 el Grupo de estudios sobre la mujer Rosario Castellanos (GESMujer), permiti\u00f3 a cada una de las asistentes mirarse, sentir, reconectarse y reafirmar que el poder de toda mujer emana de ella misma.<\/p>\n<p style=\"text-align: justify;\">Para crear un ambiente de confianza y seguridad, desde el inicio de la sesi\u00f3n, la psic\u00f3loga Mar\u00eda Cecilia Sandoval Salazar implement\u00f3 din\u00e1micas de integraci\u00f3n, relajaci\u00f3n e intercambio de experiencias y vivencias en las que cada asistente pod\u00eda descubrir que muchas de las emociones y caracter\u00edsticas que quiere en su vida est\u00e1n ya presentes.<\/p>\n<p style=\"text-align: justify;\">Contrario a lo que suele ser una pl\u00e1tica expositiva, la psic\u00f3loga Cecilia Sandoval propici\u00f3 momentos de reflexi\u00f3n en torno a las desventajas que suelen enfrentar las mujeres en situaciones cotidianas, las cuales se aceptan y se ven con normalidad, cuando muchas veces violentan o agreden, por lo que la invitaci\u00f3n que gu\u00edo la pl\u00e1tica fue la de \u201cconectarnos con nuestro poder\u201d y dejar de creer que por ser mujeres hay determinadas cosas que no pueden sentir o actitudes que a diferencia de los hombres no pueden tener.<\/p>\n<p style=\"text-align: justify;\"><a href=\"http:\/\/www.gesmujer.org\/SITIO\/wp-content\/uploads\/\/2016\/03\/elpoder.jpg\"><img fetchpriority=\"high\" decoding=\"async\" class=\"alignnone size-full wp-image-2131\" src=\"http:\/\/www.gesmujer.org\/SITIO\/wp-content\/uploads\/\/2016\/03\/elpoder.jpg\" alt=\"elpoder\" width=\"1600\" height=\"1200\" srcset=\"https:\/\/www.gesmujer.org\/sitio\/wp-content\/uploads\/2016\/03\/elpoder.jpg 1600w, https:\/\/www.gesmujer.org\/sitio\/wp-content\/uploads\/2016\/03\/elpoder-1080x810.jpg 1080w, https:\/\/www.gesmujer.org\/sitio\/wp-content\/uploads\/2016\/03\/elpoder-300x225.jpg 300w\" sizes=\"(max-width: 1600px) 100vw, 1600px\" \/><\/a><\/p>\n<p style=\"text-align: justify;\">As\u00ed, compartiendo sus experiencias de vida, cada una reafirm\u00f3 que la seguridad, la fortaleza, la tranquilidad, la felicidad o la certeza que desean reafirmar est\u00e1 en ellas mismas, adem\u00e1s de que la psic\u00f3loga Cecilia Sandoval destac\u00f3 la importancia de que cada mujer se d\u00e9 el tiempo para escucharse y decirse qu\u00e9 siente y quiere, \u201cya que en las propias experiencias podemos descubrir que lo que creemos necesitar lo tenemos y s\u00f3lo debemos poner atenci\u00f3n en ello o detener situaciones abusivas\u201d.<\/p>\n<p style=\"text-align: justify;\">Despu\u00e9s de dos horas de compartir vivencias, enfocarse a descubrir los aciertos de hacerse caso a ellas mismas, relajarse y escuchar las experiencias de otras mujeres, las asistentes externaron su gratitud con ellas mismas al haber tomado la decisi\u00f3n, pero sobre todo el tiempo para asistir a esta pl\u00e1tica que fue parte de los servicios que con perspectiva de g\u00e9nero ofrece de manera gratuita el GESMujer.<\/p>\n<p style=\"text-align: justify;\"><a href=\"http:\/\/www.gesmujer.org\/SITIO\/wp-content\/uploads\/\/2016\/03\/elpoderemana.jpg\"><img decoding=\"async\" class=\"alignnone size-full wp-image-2134\" src=\"http:\/\/www.gesmujer.org\/SITIO\/wp-content\/uploads\/\/2016\/03\/elpoderemana.jpg\" alt=\"elpoderemana\" width=\"1600\" height=\"1200\" srcset=\"https:\/\/www.gesmujer.org\/sitio\/wp-content\/uploads\/2016\/03\/elpoderemana.jpg 1600w, https:\/\/www.gesmujer.org\/sitio\/wp-content\/uploads\/2016\/03\/elpoderemana-1080x810.jpg 1080w, https:\/\/www.gesmujer.org\/sitio\/wp-content\/uploads\/2016\/03\/elpoderemana-300x225.jpg 300w\" sizes=\"(max-width: 1600px) 100vw, 1600px\" \/><\/a><\/p>\n<p style=\"text-align: justify;\">En la Casa de la Mujer que se localiza en tercera privada de Guadalupe Victoria No. 107, en la Colonia Libertad de la ciudad de Oaxaca, adem\u00e1s de pl\u00e1ticas como la de este jueves, GESMujer ofrece servicios de asesor\u00eda psicol\u00f3gica y jur\u00eddica a mujeres que enfrentan alguna situaci\u00f3n de violencia de g\u00e9nero.<\/p>\n<p style=\"text-align: justify;\">Para conocer m\u00e1s detalles sobre su quehacer y servicios que se ofrecen, GESMujer cuenta con un sitio web: <a href=\"http:\/\/www.gesmujer.org\/web\">www.gesmujer.org<\/a>. Se proporcionan informes tambi\u00e9n al tel\u00e9fono (951) 51 5 68 10 o a trav\u00e9s de su cuenta en twitter @GES_Mujer y en Facebook Gesmujer Rosario Castellanos.<\/p>\n<p>  <!--codes_iframe--><!--\/codes_iframe--><\/p>\n","protected":false},"excerpt":{"rendered":"<p>GESMujer imparti\u00f3 en sus instalaciones la pl\u00e1tica \u201cEmpoder\u00e1ndome desde mi ser humano, mi ser mujer\u201d. Otorgarse el tiempo para participar en la pl\u00e1tica \u201cEmpoder\u00e1ndome desde mi ser humano, mi ser mujer\u201d que la ma\u00f1ana de este jueves ofreci\u00f3 el Grupo de estudios sobre la mujer Rosario Castellanos (GESMujer), permiti\u00f3 a cada una de las asistentes [&hellip;]<\/p>\n","protected":false},"author":4,"featured_media":2131,"comment_status":"closed","ping_status":"open","sticky":false,"template":"","format":"standard","meta":{"give_campaign_id":0,"rs_blank_template":"","rs_page_bg_color":"","slide_template_v7":"","footnotes":""},"categories":[36],"tags":[63],"class_list":["post-1813","post","type-post","status-publish","format-standard","has-post-thumbnail","hentry","category-comunicados","tag-equidad-de-genero"],"_links":{"self":[{"href":"https:\/\/www.gesmujer.org\/sitio\/index.php?rest_route=\/wp\/v2\/posts\/1813","targetHints":{"allow":["GET"]}}],"collection":[{"href":"https:\/\/www.gesmujer.org\/sitio\/index.php?rest_route=\/wp\/v2\/posts"}],"about":[{"href":"https:\/\/www.gesmujer.org\/sitio\/index.php?rest_route=\/wp\/v2\/types\/post"}],"author":[{"embeddable":true,"href":"https:\/\/www.gesmujer.org\/sitio\/index.php?rest_route=\/wp\/v2\/users\/4"}],"replies":[{"embeddable":true,"href":"https:\/\/www.gesmujer.org\/sitio\/index.php?rest_route=%2Fwp%2Fv2%2Fcomments&post=1813"}],"version-history":[{"count":9,"href":"https:\/\/www.gesmujer.org\/sitio\/index.php?rest_route=\/wp\/v2\/posts\/1813\/revisions"}],"predecessor-version":[{"id":58407,"href":"https:\/\/www.gesmujer.org\/sitio\/index.php?rest_route=\/wp\/v2\/posts\/1813\/revisions\/58407"}],"wp:featuredmedia":[{"embeddable":true,"href":"https:\/\/www.gesmujer.org\/sitio\/index.php?rest_route=\/wp\/v2\/media\/2131"}],"wp:attachment":[{"href":"https:\/\/www.gesmujer.org\/sitio\/index.php?rest_route=%2Fwp%2Fv2%2Fmedia&parent=1813"}],"wp:term":[{"taxonomy":"category","embeddable":true,"href":"https:\/\/www.gesmujer.org\/sitio\/index.php?rest_route=%2Fwp%2Fv2%2Fcategories&post=1813"},{"taxonomy":"post_tag","embeddable":true,"href":"https:\/\/www.gesmujer.org\/sitio\/index.php?rest_route=%2Fwp%2Fv2%2Ftags&post=1813"}],"curies":[{"name":"wp","href":"https:\/\/api.w.org\/{rel}","templated":true}]}}