{"id":2259,"date":"2016-12-02T09:00:46","date_gmt":"2016-12-02T15:00:46","guid":{"rendered":"http:\/\/www.gesmujer.org\/sitio\/?p=2259"},"modified":"2024-04-05T14:58:12","modified_gmt":"2024-04-05T20:58:12","slug":"demandan-paridad-de-genero-en-el-gabinete","status":"publish","type":"post","link":"https:\/\/www.gesmujer.org\/sitio\/?p=2259","title":{"rendered":"Demandan paridad de g\u00e9nero en el gabinete"},"content":{"rendered":"<p>Por Yuri Sosa, Viernes 02 de Diciembre de 2016.<\/p>\n<p style=\"text-align: justify;\"><img fetchpriority=\"high\" decoding=\"async\" class=\"alignleft wp-image-2260 size-medium\" src=\"http:\/\/www.gesmujer.org\/SITIO\/wp-content\/uploads\/\/2016\/12\/images-300x169.jpg\" alt=\"images\" width=\"300\" height=\"169\" srcset=\"https:\/\/www.gesmujer.org\/sitio\/wp-content\/uploads\/2016\/12\/images-300x169.jpg 300w, https:\/\/www.gesmujer.org\/sitio\/wp-content\/uploads\/2016\/12\/images-1080x609.jpg 1080w, https:\/\/www.gesmujer.org\/sitio\/wp-content\/uploads\/2016\/12\/images-768x433.jpg 768w, https:\/\/www.gesmujer.org\/sitio\/wp-content\/uploads\/2016\/12\/images-1024x577.jpg 1024w, https:\/\/www.gesmujer.org\/sitio\/wp-content\/uploads\/2016\/12\/images.jpg 1144w\" sizes=\"(max-width: 300px) 100vw, 300px\" \/>La presidenta del Grupo de Estudios de la Mujer Rosario Castellanos, Ximena Avellaneda D\u00edaz, se\u00f1al\u00f3 que pese a los avances logrados en materia de paridad de g\u00e9nero, a\u00fan no se alcanza la participaci\u00f3n deseada de la mujer en la pol\u00edtica.<\/p>\n<p style=\"text-align: justify;\">Apunt\u00f3 que en el nuevo gobierno estatal deber\u00eda retomar la pol\u00edtica de igualdad para integrar el gabinete, con el fin que la voz de las mujeres tengan espacios importantes en la toma de decisiones.<\/p>\n<p style=\"text-align: justify;\">Con base en la informaci\u00f3n preliminar de quienes ocupar\u00edan los principales cargos en esta administraci\u00f3n -en la que se destaca la participaci\u00f3n de menos del 30 por ciento de las mujeres- la activista indic\u00f3 que pese a ser reducida la cifra, es un avance respecto a las secretar\u00edas que encabezaron ellas en administraci\u00f3n anterior.<\/p>\n<p style=\"text-align: justify;\">\u201cQue m\u00e1s mujeres formen parte del gabinete legal es sumamente importante, dado que es es el n\u00facleo de la toma de decisiones reales\u201d, enfatiz\u00f3 la maestra.<\/p>\n<p style=\"text-align: justify;\"><strong>Se desdibuj\u00f3 la mujer en el poder<\/strong><\/p>\n<p style=\"text-align: justify;\">Durante la gesti\u00f3n estatal pasada, la presencia de la mujer al frente de cargos p\u00fablicos de primeras instancias fue de claroscuros, apunt\u00f3 Avellaneda D\u00edaz.<\/p>\n<p style=\"text-align: justify;\">El gabinete legal de Gabino Cu\u00e9 Monteagudo inici\u00f3 con dos mujeres al frente de secretar\u00edas: Irma Pi\u00f1eyro Arias a cargo de Secretar\u00eda General de Gobierno (Segego) y Perla Woolrich Fern\u00e1ndez, como titular de la Secretar\u00eda de la Contralor\u00eda y Transparencia Gubernamental .<\/p>\n<p style=\"text-align: justify;\">Pi\u00f1eyro Arias dej\u00f3 el cargo en agosto del a\u00f1o 2011, tras se\u00f1alar trabas para desempe\u00f1ar sus funciones; el puesto lo ocup\u00f3 un hombre. En mayo de 2015, Woolrich Fern\u00e1ndez tambi\u00e9n dej\u00f3 el cargo, el cual lo ocup\u00f3 un var\u00f3n.<\/p>\n<p style=\"text-align: justify;\">Fue hasta la renuncia de Jos\u00e9 Zorrilla de San Mart\u00edn Diego a la Secretar\u00eda de Turismo y Desarrollo Econ\u00f3mico (Styde), en marzo de este a\u00f1o, cuando se abri\u00f3 otra posibilidad para una funcionaria. El cargo lo asumi\u00f3 \u00c1ngela Hern\u00e1ndez Sibaja.<\/p>\n<p style=\"text-align: justify;\">Este hecho fue significativo, pero no plausible, se\u00f1al\u00f3 la presidenta de Ges Mujer; quien dijo que el nombramiento se da tard\u00edo para que que la funcionario pudiera exponer su propia forma de trabajo ante el desarrollo de Oaxaca.<\/p>\n<p style=\"text-align: justify;\">Otro cargo para las mujeres de \u201c\u00faltima hora\u201d fue el de la Secretar\u00eda de Desarrollo Social y Humano de Oaxaca (Sedesoh), el cual se concedi\u00f3 para A\u00edda Valencia Ram\u00edrez. Ella tom\u00f3 este cargo a principios de este a\u00f1o.<\/p>\n<p style=\"text-align: justify;\">La defensora de los derechos de las mujeres record\u00f3 al menos cinco puestos en el gabinete ampliado que tambi\u00e9n ocuparon funcionarias, los cuales fueron insuficientes para se\u00f1alar la existencia de una pol\u00edtica igualitaria.<\/p>\n<p style=\"text-align: justify;\">Avellaneda D\u00edaz destac\u00f3 la importancia de mantener a una mujer al frente de la nueva Secretar\u00eda de la Mujer.<\/p>\n<p>&nbsp;<\/p>\n<p>Fuente: Noticias Voz e Imagen de Oaxaca.  <!--codes_iframe--><!--\/codes_iframe--><\/p>\n","protected":false},"excerpt":{"rendered":"<p>Por Yuri Sosa, Viernes 02 de Diciembre de 2016. La presidenta del Grupo de Estudios de la Mujer Rosario Castellanos, Ximena Avellaneda D\u00edaz, se\u00f1al\u00f3 que pese a los avances logrados en materia de paridad de g\u00e9nero, a\u00fan no se alcanza la participaci\u00f3n deseada de la mujer en la pol\u00edtica. Apunt\u00f3 que en el nuevo gobierno [&hellip;]<\/p>\n","protected":false},"author":4,"featured_media":2260,"comment_status":"closed","ping_status":"open","sticky":false,"template":"","format":"standard","meta":{"give_campaign_id":0,"rs_blank_template":"","rs_page_bg_color":"","slide_template_v7":"","footnotes":""},"categories":[91,32],"tags":[60,63,58,39,80,72],"class_list":["post-2259","post","type-post","status-publish","format-standard","has-post-thumbnail","hentry","category-notas","category-novedades","tag-derechos-mujeres","tag-equidad-de-genero","tag-gesmujer","tag-igualdad","tag-oaxaca","tag-participacion-politica"],"_links":{"self":[{"href":"https:\/\/www.gesmujer.org\/sitio\/index.php?rest_route=\/wp\/v2\/posts\/2259","targetHints":{"allow":["GET"]}}],"collection":[{"href":"https:\/\/www.gesmujer.org\/sitio\/index.php?rest_route=\/wp\/v2\/posts"}],"about":[{"href":"https:\/\/www.gesmujer.org\/sitio\/index.php?rest_route=\/wp\/v2\/types\/post"}],"author":[{"embeddable":true,"href":"https:\/\/www.gesmujer.org\/sitio\/index.php?rest_route=\/wp\/v2\/users\/4"}],"replies":[{"embeddable":true,"href":"https:\/\/www.gesmujer.org\/sitio\/index.php?rest_route=%2Fwp%2Fv2%2Fcomments&post=2259"}],"version-history":[{"count":3,"href":"https:\/\/www.gesmujer.org\/sitio\/index.php?rest_route=\/wp\/v2\/posts\/2259\/revisions"}],"predecessor-version":[{"id":58449,"href":"https:\/\/www.gesmujer.org\/sitio\/index.php?rest_route=\/wp\/v2\/posts\/2259\/revisions\/58449"}],"wp:featuredmedia":[{"embeddable":true,"href":"https:\/\/www.gesmujer.org\/sitio\/index.php?rest_route=\/wp\/v2\/media\/2260"}],"wp:attachment":[{"href":"https:\/\/www.gesmujer.org\/sitio\/index.php?rest_route=%2Fwp%2Fv2%2Fmedia&parent=2259"}],"wp:term":[{"taxonomy":"category","embeddable":true,"href":"https:\/\/www.gesmujer.org\/sitio\/index.php?rest_route=%2Fwp%2Fv2%2Fcategories&post=2259"},{"taxonomy":"post_tag","embeddable":true,"href":"https:\/\/www.gesmujer.org\/sitio\/index.php?rest_route=%2Fwp%2Fv2%2Ftags&post=2259"}],"curies":[{"name":"wp","href":"https:\/\/api.w.org\/{rel}","templated":true}]}}