{"id":2262,"date":"2016-12-03T08:00:22","date_gmt":"2016-12-03T14:00:22","guid":{"rendered":"http:\/\/www.gesmujer.org\/sitio\/?p=2262"},"modified":"2024-04-05T14:58:25","modified_gmt":"2024-04-05T20:58:25","slug":"avanzan-mujeres-en-puestos-de-gobierno","status":"publish","type":"post","link":"https:\/\/www.gesmujer.org\/sitio\/?p=2262","title":{"rendered":"Avanzan mujeres en puestos de gobierno"},"content":{"rendered":"<p style=\"text-align: justify;\">Por Yuri Sosa, S\u00e1bado 03 de Diciembre de 2016.<\/p>\n<p style=\"text-align: justify;\"><img fetchpriority=\"high\" decoding=\"async\" class=\"alignleft wp-image-2263 \" src=\"http:\/\/www.gesmujer.org\/SITIO\/wp-content\/uploads\/\/2016\/12\/beca-300x169.jpg\" alt=\"beca\" width=\"351\" height=\"197\" srcset=\"https:\/\/www.gesmujer.org\/sitio\/wp-content\/uploads\/2016\/12\/beca-300x169.jpg 300w, https:\/\/www.gesmujer.org\/sitio\/wp-content\/uploads\/2016\/12\/beca-1080x609.jpg 1080w, https:\/\/www.gesmujer.org\/sitio\/wp-content\/uploads\/2016\/12\/beca-768x433.jpg 768w, https:\/\/www.gesmujer.org\/sitio\/wp-content\/uploads\/2016\/12\/beca-1024x577.jpg 1024w, https:\/\/www.gesmujer.org\/sitio\/wp-content\/uploads\/2016\/12\/beca.jpg 1144w\" sizes=\"(max-width: 351px) 100vw, 351px\" \/>Organizaciones en defensa de los derechos de la mujer se\u00f1alaron que es tiempo que este g\u00e9nero ocupe los cargos de m\u00e1s alto nivel dentro de los gobiernos, en donde su voz sea fundamental para la toma de decisiones.<\/p>\n<p style=\"text-align: justify;\">En comparaci\u00f3n a la administraci\u00f3n anterior, este gobierno duplic\u00f3 la presencia de mujeres al frente de una secretar\u00eda; sin embargo, apenas ocupan el 23.5 por ciento de los principales puestos.<\/p>\n<p style=\"text-align: justify;\">Ana Mar\u00eda Hern\u00e1ndez, de Consorcio para el Di\u00e1logo Parlamentario y la Equidad en Oaxaca, consider\u00f3 que este n\u00famero pudiera significar una subevaluaci\u00f3n de las capacidades de las mujeres para dirigir las agendas de gobierno.<\/p>\n<p style=\"text-align: justify;\">Cargos importantes<\/p>\n<p style=\"text-align: justify;\">La defensora dijo que \u201clas migajas no se pueden considerar como progresos en un tema tan sensible como lo es la paridad de g\u00e9nero. A la luz de una reforma en la que obliga a la paridad, \u00e9sto se ignora\u201d.<\/p>\n<p style=\"text-align: justify;\">Por su parte, la presidenta del Grupo de Estudios de la Mujer Rosario Castellanos, Ximena Avellaneda D\u00edaz, lament\u00f3 que las funcionarias que rindieron protesta no hayan asumido cargos en donde se toman \u201clas grandes decisiones para desarrollar las pol\u00edticas del estado\u201d.<\/p>\n<p style=\"text-align: justify;\">\u201cNo basta con un nombramiento, es necesario que sean cargos importantes\u201d, recalc\u00f3 la defensora.<\/p>\n<p style=\"text-align: justify;\">Lograr la transversalidad, reto<\/p>\n<p style=\"text-align: justify;\">El Grupo de Estudios de la Mujer Rosario Castellanos y Consorcio para el Di\u00e1logo Parlamentario y la Equidad en Oaxaca, coincidieron en que el reto principal que tiene Miriam Liborio Hern\u00e1ndez, titular de la Secretar\u00eda de la Mujer, es lograr que todos los poderes del Estado reconozcan y fomenten el progreso de este g\u00e9nero en todas las \u00e1reas de la administraci\u00f3n p\u00fablica.<\/p>\n<p style=\"text-align: justify;\">Ximena Avellaneda D\u00edaz urgi\u00f3 la necesidad de sentar las bases para el cierre de la brecha de la desigualdad entre hombres y mujeres frente a mandos p\u00fablicos.<\/p>\n<p style=\"text-align: justify;\">La defensora consider\u00f3 que Liborio Hern\u00e1ndez tendr\u00e1 una tarea frente a un gobierno masculino.<\/p>\n<p style=\"text-align: justify;\">En cuanto al desempe\u00f1o de la secretaria, la experta en el tema de la defensa de las mujeres no dud\u00f3 de las capacidades que puede tener Miriam Liborio.<\/p>\n<p style=\"text-align: justify;\">A\u00f1os de trabajo<\/p>\n<p style=\"text-align: justify;\">\u201cNo comienza de cero, hay muchos a\u00f1os de trabajo de parte del Instituto de la Mujer Oaxaque\u00f1a y de organizaciones feministas que han luchado por ganarse espacios en el \u00e1mbito p\u00fablico\u201d, expreso.<\/p>\n<p style=\"text-align: justify;\">En tanto, la defensora Ana Mar\u00eda Hern\u00e1ndez, dijo que la nueva secretaria de la Mujer deber\u00e1 trabajar en la transversalizaci\u00f3n de g\u00e9nero en todas las \u00e1reas del gobierno, as\u00ed como vigilar, hacer cumplir la ley en el tema de la igualdad y justicia para las mujeres en todos los \u00e1mbitos.<\/p>\n<p style=\"text-align: justify;\">\u201cSer\u00e1 un trabajo de retos, pero la pol\u00edtica de g\u00e9nero no s\u00f3lo le toca a un \u00e1rea, es una labor de todos\u201d, precis\u00f3.<\/p>\n<p style=\"text-align: justify;\">Qui\u00e9n es la secretaria:<\/p>\n<p style=\"text-align: justify;\">Miriam Liborio Hern\u00e1ndez fungi\u00f3 como secretaria general de la Confederaci\u00f3n Nacional Campesina (CNC) en Oaxaca, en el 2015.<\/p>\n<p style=\"text-align: justify;\">Dentro de esta organizaci\u00f3n del Partido Revolucionario Institucional (PRI), se desempe\u00f1\u00f3 como secretaria del \u00e1rea Acci\u00f3n Femenil, en donde impuls\u00f3 proyectos productivos para las amas de casa de las comunidades oaxaque\u00f1as.<\/p>\n<p style=\"text-align: justify;\">Tambi\u00e9n dirigi\u00f3 la Liga de Comunidades Agrarias y Sindicatos Campesinos del Estado de Oaxaca.<\/p>\n<p style=\"text-align: justify;\">En la 61 legislatura local, Liborio Hern\u00e1ndez fue suplente del diputado Marco Antonio Hern\u00e1ndez Cuevas.<\/p>\n<p style=\"text-align: justify;\">4 mujeres al frente de una Secretar\u00eda<\/p>\n<p style=\"text-align: justify;\">Fuente: Noticias Voz e Imagen de Oaxaca.<\/p>\n<p>  <!--codes_iframe--><!--\/codes_iframe--><\/p>\n","protected":false},"excerpt":{"rendered":"<p>Por Yuri Sosa, S\u00e1bado 03 de Diciembre de 2016. Organizaciones en defensa de los derechos de la mujer se\u00f1alaron que es tiempo que este g\u00e9nero ocupe los cargos de m\u00e1s alto nivel dentro de los gobiernos, en donde su voz sea fundamental para la toma de decisiones. En comparaci\u00f3n a la administraci\u00f3n anterior, este gobierno [&hellip;]<\/p>\n","protected":false},"author":4,"featured_media":2263,"comment_status":"closed","ping_status":"open","sticky":false,"template":"","format":"standard","meta":{"footnotes":""},"categories":[91,32],"tags":[60,63,58,39,9,77,71,72],"class_list":["post-2262","post","type-post","status-publish","format-standard","has-post-thumbnail","hentry","category-notas","category-novedades","tag-derechos-mujeres","tag-equidad-de-genero","tag-gesmujer","tag-igualdad","tag-liderazgo","tag-mujeres-indigenas","tag-paridad","tag-participacion-politica"],"_links":{"self":[{"href":"https:\/\/www.gesmujer.org\/sitio\/index.php?rest_route=\/wp\/v2\/posts\/2262","targetHints":{"allow":["GET"]}}],"collection":[{"href":"https:\/\/www.gesmujer.org\/sitio\/index.php?rest_route=\/wp\/v2\/posts"}],"about":[{"href":"https:\/\/www.gesmujer.org\/sitio\/index.php?rest_route=\/wp\/v2\/types\/post"}],"author":[{"embeddable":true,"href":"https:\/\/www.gesmujer.org\/sitio\/index.php?rest_route=\/wp\/v2\/users\/4"}],"replies":[{"embeddable":true,"href":"https:\/\/www.gesmujer.org\/sitio\/index.php?rest_route=%2Fwp%2Fv2%2Fcomments&post=2262"}],"version-history":[{"count":3,"href":"https:\/\/www.gesmujer.org\/sitio\/index.php?rest_route=\/wp\/v2\/posts\/2262\/revisions"}],"predecessor-version":[{"id":58469,"href":"https:\/\/www.gesmujer.org\/sitio\/index.php?rest_route=\/wp\/v2\/posts\/2262\/revisions\/58469"}],"wp:featuredmedia":[{"embeddable":true,"href":"https:\/\/www.gesmujer.org\/sitio\/index.php?rest_route=\/wp\/v2\/media\/2263"}],"wp:attachment":[{"href":"https:\/\/www.gesmujer.org\/sitio\/index.php?rest_route=%2Fwp%2Fv2%2Fmedia&parent=2262"}],"wp:term":[{"taxonomy":"category","embeddable":true,"href":"https:\/\/www.gesmujer.org\/sitio\/index.php?rest_route=%2Fwp%2Fv2%2Fcategories&post=2262"},{"taxonomy":"post_tag","embeddable":true,"href":"https:\/\/www.gesmujer.org\/sitio\/index.php?rest_route=%2Fwp%2Fv2%2Ftags&post=2262"}],"curies":[{"name":"wp","href":"https:\/\/api.w.org\/{rel}","templated":true}]}}