{"id":2265,"date":"2016-12-05T12:00:02","date_gmt":"2016-12-05T18:00:02","guid":{"rendered":"http:\/\/www.gesmujer.org\/sitio\/?p=2265"},"modified":"2024-04-05T14:58:26","modified_gmt":"2024-04-05T20:58:26","slug":"el-16-de-diciembre-artistas-de-oaxaca-uniran-su-canto-a-favor-del-gesmujer","status":"publish","type":"post","link":"https:\/\/www.gesmujer.org\/sitio\/?p=2265","title":{"rendered":"El 16 de diciembre artistas de Oaxaca unir\u00e1n su canto a favor del GESMujer"},"content":{"rendered":"<p style=\"text-align: justify;\"><img fetchpriority=\"high\" decoding=\"async\" class=\"alignleft wp-image-2267\" src=\"http:\/\/www.gesmujer.org\/SITIO\/wp-content\/uploads\/\/2016\/12\/Foto-02-Gala-Navide\u00f1a.gif\" alt=\"foto-02-gala-navidena\" width=\"450\" height=\"338\" \/>El Coro de la Ciudad de Oaxaca, la interprete Ana D\u00edaz, el pianista Oscar Rafael Mart\u00ednez y la Tuna de la Universidad Regional del Sureste (URSE) se unir\u00e1n este viernes 16 de diciembre en la gran Gala Navide\u00f1a que busca fortalecer el trabajo que el Grupo de estudios sobre la mujer Rosario Castellanos (GESMujer) realiza a favor del ejercicio de los derechos de ni\u00f1as, j\u00f3venes y mujeres que viven en Oaxaca.<\/p>\n<p style=\"text-align: justify;\">En conferencia a los medios de comunicaci\u00f3n, la presidenta del GESMujer, Ximena Avellaneda D\u00edaz, detall\u00f3 que a partir de las 19:00 horas del pr\u00f3ximo 16 de Diciembre, el Teatro Macedonio Alcal\u00e1 ser\u00e1 el escenario en el que artistas de Oaxaca unir\u00e1n su canto a favor de la organizaci\u00f3n que tiene presencia en Oaxaca por casi 40 a\u00f1os, marcando la pauta en el trabajo a favor de la equidad de g\u00e9nero, en un marco de respeto a la diversidad cultural e impulsando los derechos de las mujeres, sobre todo las que viven en comunidades ind\u00edgenas.<\/p>\n<p style=\"text-align: justify;\">Contribuir a que mujeres que han vivido alguna situaci\u00f3n de violencia reciban atenci\u00f3n psicol\u00f3gica y jur\u00eddica fue lo que motiv\u00f3 a quienes integran el Coro de la Ciudad de Oaxaca a participar en este concierto que unir\u00e1 el talento de artistas de Oaxaca. El maestro Israel Rivera Ca\u00f1as, director de esta agrupaci\u00f3n con 26 a\u00f1os de trayectoria destac\u00f3 que por primera vez compartir\u00e1n el escenario con Ana D\u00edaz, quien ha obtenido reconocimientos en el plano de la composici\u00f3n y la interpretaci\u00f3n.<\/p>\n<p style=\"text-align: justify;\">Gracias al esfuerzo de los artistas que colaboran en esta causa se ha integrado un programa alusivo a la temporada navide\u00f1a que permita a quienes asistan disfrutar de un paseo musical a trav\u00e9s del tiempo, ya que el Coro de la Ciudad de Oaxaca interpretar\u00e1 obras sacras navide\u00f1as, para despu\u00e9s seguir con una selecci\u00f3n de melod\u00edas espa\u00f1olas y cerrar su participaci\u00f3n de la m\u00fasica distintiva de las posadas mexicanas.<\/p>\n<p style=\"text-align: justify;\">Acompa\u00f1ada del pianista Oscar Rafael Mart\u00ednez, la cantante, compositora y promotora cultural Ana D\u00edaz, quien cuenta con una trayectoria de m\u00e1s de 20 a\u00f1os y cuya propuesta se ha caracterizado por la fusi\u00f3n de diversos g\u00e9neros y formas musicales como el jazz, blues, latin, funk y tradicional oaxaque\u00f1a, ser\u00e1 quien interprete piezas que en la \u00e9poca navide\u00f1a se escuchan en diversas partes del mundo.<\/p>\n<p style=\"text-align: justify;\">Adem\u00e1s de la \u00e9poca navide\u00f1a, para Ana D\u00edaz la propuesta que ofrecer\u00e1 en el concierto del pr\u00f3ximo 16 de Diciembre ser\u00e1 un canto de esperanza, de unidad y de paz para que \u201cpodamos de esta manera ser part\u00edcipes de este esfuerzo para lograr una sociedad m\u00e1s justa y equitativa en Oaxaca\u201d.<img decoding=\"async\" class=\"alignright wp-image-2266\" src=\"http:\/\/www.gesmujer.org\/SITIO\/wp-content\/uploads\/\/2016\/12\/Foto-01-Gala-Navide\u00f1a.gif\" alt=\"foto-01-gala-navidena\" width=\"450\" height=\"338\" \/><\/p>\n<p style=\"text-align: justify;\">Consider\u00f3 que adem\u00e1s de importante es necesario apoyar el esfuerzo del GESMujer porque es una organizaci\u00f3n que busca hacer conciencia de la problem\u00e1tica de violencia de g\u00e9nero, una tarea que es de todas las personas, no s\u00f3lo de quienes la viven o est\u00e1n cerca de ella.<\/p>\n<p style=\"text-align: justify;\">Ser\u00e1 la Tuna de la URSE quien eleve el ambiente festivo que se espera en esta Gala Navide\u00f1a. Su director, el maestro Lino Vargas Trinidad, que a pesar de ser una agrupaci\u00f3n que se integra \u00fanicamente por hombres, se suman a esta Gala Navide\u00f1a porque est\u00e1n en contra de la violencia de g\u00e9nero contra las mujeres.<\/p>\n<p style=\"text-align: justify;\">Los boletos de la Gala Navide\u00f1a a beneficio del GESMujer ya est\u00e1n disponibles en la Casa Matriz de la Proveedora Escolar, en la taquilla del Teatro Macedonio Alcal\u00e1 y al (951) 5166810 ext. 101.<\/p>\n<p style=\"text-align: justify;\">Con esta Gala Navide\u00f1a el GESMujer cierra las actividades de su campa\u00f1a de procuraci\u00f3n de fondos 2016, la cual arranc\u00f3 en febrero pasado con la puesta en escena de \u201cLos Mon\u00f3logos de la Vagina\u201d, obra de la feminista estadounidense Eve Ensler.<\/p>\n<p>  <!--codes_iframe--><!--\/codes_iframe--><\/p>\n","protected":false},"excerpt":{"rendered":"<p>El Coro de la Ciudad de Oaxaca, la interprete Ana D\u00edaz, el pianista Oscar Rafael Mart\u00ednez y la Tuna de la Universidad Regional del Sureste (URSE) se unir\u00e1n este viernes 16 de diciembre en la gran Gala Navide\u00f1a que busca fortalecer el trabajo que el Grupo de estudios sobre la mujer Rosario Castellanos (GESMujer) realiza [&hellip;]<\/p>\n","protected":false},"author":4,"featured_media":2268,"comment_status":"closed","ping_status":"open","sticky":false,"template":"","format":"standard","meta":{"give_campaign_id":0,"rs_blank_template":"","rs_page_bg_color":"","slide_template_v7":"","footnotes":""},"categories":[36,32],"tags":[60,63,101,58,39,80,67],"class_list":["post-2265","post","type-post","status-publish","format-standard","has-post-thumbnail","hentry","category-comunicados","category-novedades","tag-derechos-mujeres","tag-equidad-de-genero","tag-gala-navidena","tag-gesmujer","tag-igualdad","tag-oaxaca","tag-violencia"],"_links":{"self":[{"href":"https:\/\/www.gesmujer.org\/sitio\/index.php?rest_route=\/wp\/v2\/posts\/2265","targetHints":{"allow":["GET"]}}],"collection":[{"href":"https:\/\/www.gesmujer.org\/sitio\/index.php?rest_route=\/wp\/v2\/posts"}],"about":[{"href":"https:\/\/www.gesmujer.org\/sitio\/index.php?rest_route=\/wp\/v2\/types\/post"}],"author":[{"embeddable":true,"href":"https:\/\/www.gesmujer.org\/sitio\/index.php?rest_route=\/wp\/v2\/users\/4"}],"replies":[{"embeddable":true,"href":"https:\/\/www.gesmujer.org\/sitio\/index.php?rest_route=%2Fwp%2Fv2%2Fcomments&post=2265"}],"version-history":[{"count":3,"href":"https:\/\/www.gesmujer.org\/sitio\/index.php?rest_route=\/wp\/v2\/posts\/2265\/revisions"}],"predecessor-version":[{"id":58471,"href":"https:\/\/www.gesmujer.org\/sitio\/index.php?rest_route=\/wp\/v2\/posts\/2265\/revisions\/58471"}],"wp:featuredmedia":[{"embeddable":true,"href":"https:\/\/www.gesmujer.org\/sitio\/index.php?rest_route=\/wp\/v2\/media\/2268"}],"wp:attachment":[{"href":"https:\/\/www.gesmujer.org\/sitio\/index.php?rest_route=%2Fwp%2Fv2%2Fmedia&parent=2265"}],"wp:term":[{"taxonomy":"category","embeddable":true,"href":"https:\/\/www.gesmujer.org\/sitio\/index.php?rest_route=%2Fwp%2Fv2%2Fcategories&post=2265"},{"taxonomy":"post_tag","embeddable":true,"href":"https:\/\/www.gesmujer.org\/sitio\/index.php?rest_route=%2Fwp%2Fv2%2Ftags&post=2265"}],"curies":[{"name":"wp","href":"https:\/\/api.w.org\/{rel}","templated":true}]}}