{"id":22664,"date":"2021-08-20T13:19:09","date_gmt":"2021-08-20T19:19:09","guid":{"rendered":"https:\/\/www.gesmujer.org\/sitio\/?p=22664"},"modified":"2021-08-20T13:19:12","modified_gmt":"2021-08-20T19:19:12","slug":"lanza-gesmujer-campana-tu-ayuda-es-la-fuerza-que-nos-mueve","status":"publish","type":"post","link":"https:\/\/www.gesmujer.org\/sitio\/?p=22664","title":{"rendered":"Lanza GESMujer campa\u00f1a &#8220;Tu ayuda es la fuerza que nos mueve&#8221;"},"content":{"rendered":"\n<p><strong>Para atender v\u00edctimas de violencia<\/strong><\/p>\n\n\n\n<p>La formaci\u00f3n de mujeres l\u00edderes comunitarias ind\u00edgenas y afromexicanas, as\u00ed como el acompa\u00f1amiento a mujeres v\u00edctimas de violencia, son dos de los objetivos que persigue la recaudaci\u00f3n de fondos impulsada por la campa\u00f1a \u201cTu ayuda es la fuerza que nos mueve\u201d, lanzada ayer por el Grupo de Estudios Sobre la Mujer Rosario Castellanos (GESMujer).<\/p>\n\n\n\n<p>En rueda de prensa, la presidenta del GESMujer, Ang\u00e9lica Ayala Ortiz, se\u00f1al\u00f3 que la meta es reunir un mill\u00f3n de pesos, recursos que cada vez se hace m\u00e1s necesarios, debido al recrudecimiento de la violencia a partir de la presencia de la COVID-19.<\/p>\n\n\n\n<p>\u201cLa violencia se ha incrementado y nos demanda atenci\u00f3n en el \u00e1rea jur\u00eddica y en el \u00e1rea psicol\u00f3gica. En la jur\u00eddica estamos atendiendo casos relacionados con todas las formas de violencia: f\u00edsica, emocional, sexual, econ\u00f3mica, patrimonial, digital. Desafortunadamente el estr\u00e9s postraum\u00e1tico por la violencia se ha reflejado en s\u00edntomas de ansiedad, depresi\u00f3n, inclusive en tentativa de suicidio\u201d, dijo.<\/p>\n\n\n\n<p>La atenci\u00f3n integral -expuso- podr\u00e1 desarrollarse e incrementar el nivel de servicio con el resultado final de la campa\u00f1a \u201cTu ayuda es la fuerza que nos mueve\u201d.<\/p>\n\n\n\n<p>En esta acci\u00f3n, la fot\u00f3grafa Judith Romero, la empresaria Estela Nolasco y la antrop\u00f3loga Martha Rees, fueron nombradas mayordomas por tener una trayectoria m\u00e1s all\u00e1 de las fronteras de Oaxaca. A trav\u00e9s de una serie de actividades convocar\u00e1n a la ciudadan\u00eda a sumarse con sus donativos.<\/p>\n\n\n\n<p>La fot\u00f3grafa Judith Romero desarrollar\u00e1 una exposici\u00f3n en noviembre pr\u00f3ximo con la serie Biodesnudez, desarrollada ante el desastre ecol\u00f3gico actual, entrelazando plantas end\u00e9micas y en peligro de extinci\u00f3n con las texturas de la piel.<\/p>\n\n\n\n<p>De su lado, la empresaria Estela Nolasco, fundadora de Chimalli Travel Group y quien participa en otras iniciativas por y para mujeres, conjuntar\u00e1 esfuerzos con Ivonne Kennedy y Tony Petate para que alrededor de 50 artistas junten su talento en Central del Arte y el pr\u00f3ximo 2 de septiembre se realice una subasta de 80 obras de arte a trav\u00e9s de la cuenta en Instagram Galer\u00eda Ivonne Kennedy.<\/p>\n\n\n\n<p>A su vez Martha Rees impulsar\u00e1 en noviembre la charla virtual sobre La vida de las mujeres en Oaxaca, adem\u00e1s de que a esta iniciativa se han sumado los restaurantes Las Quince Letras, Zangunda y Los Pacos para ofrecer un platillo a favor del GESMujer, con el cual un porcentaje de las ganancias ser\u00e1 donado a la organizaci\u00f3n.<\/p>\n\n\n\n<p>Las personas interesadas en fortalecer el trabajo de esta organizaci\u00f3n que busca alianzas y recursos para dar continuidad y fortalecer la labor a favor de una sociedad con equidad y justicia, puede depositar a la cuenta 0153441342 de BBVA Bancomer, o realizar una transferencia interbancaria a la clabe del mismo banco: 012610001534413427.<\/p>\n","protected":false},"excerpt":{"rendered":"<p>Para atender v\u00edctimas de violencia La formaci\u00f3n de mujeres l\u00edderes comunitarias ind\u00edgenas y afromexicanas, as\u00ed como el acompa\u00f1amiento a mujeres v\u00edctimas de violencia, son dos de los objetivos que persigue la recaudaci\u00f3n de fondos impulsada por la campa\u00f1a \u201cTu ayuda es la fuerza que nos mueve\u201d, lanzada ayer por el Grupo de Estudios Sobre la [&hellip;]<\/p>\n","protected":false},"author":4,"featured_media":22666,"comment_status":"closed","ping_status":"open","sticky":false,"template":"","format":"standard","meta":{"give_campaign_id":0,"rs_blank_template":"","rs_page_bg_color":"","slide_template_v7":"","footnotes":""},"categories":[36,3],"tags":[43,60,63,75,58,39,42,77,80,67],"class_list":["post-22664","post","type-post","status-publish","format-standard","has-post-thumbnail","hentry","category-comunicados","category-portada","tag-derechos","tag-derechos-mujeres","tag-equidad-de-genero","tag-feminicidios","tag-gesmujer","tag-igualdad","tag-mujeres","tag-mujeres-indigenas","tag-oaxaca","tag-violencia"],"_links":{"self":[{"href":"https:\/\/www.gesmujer.org\/sitio\/index.php?rest_route=\/wp\/v2\/posts\/22664","targetHints":{"allow":["GET"]}}],"collection":[{"href":"https:\/\/www.gesmujer.org\/sitio\/index.php?rest_route=\/wp\/v2\/posts"}],"about":[{"href":"https:\/\/www.gesmujer.org\/sitio\/index.php?rest_route=\/wp\/v2\/types\/post"}],"author":[{"embeddable":true,"href":"https:\/\/www.gesmujer.org\/sitio\/index.php?rest_route=\/wp\/v2\/users\/4"}],"replies":[{"embeddable":true,"href":"https:\/\/www.gesmujer.org\/sitio\/index.php?rest_route=%2Fwp%2Fv2%2Fcomments&post=22664"}],"version-history":[{"count":1,"href":"https:\/\/www.gesmujer.org\/sitio\/index.php?rest_route=\/wp\/v2\/posts\/22664\/revisions"}],"predecessor-version":[{"id":22667,"href":"https:\/\/www.gesmujer.org\/sitio\/index.php?rest_route=\/wp\/v2\/posts\/22664\/revisions\/22667"}],"wp:featuredmedia":[{"embeddable":true,"href":"https:\/\/www.gesmujer.org\/sitio\/index.php?rest_route=\/wp\/v2\/media\/22666"}],"wp:attachment":[{"href":"https:\/\/www.gesmujer.org\/sitio\/index.php?rest_route=%2Fwp%2Fv2%2Fmedia&parent=22664"}],"wp:term":[{"taxonomy":"category","embeddable":true,"href":"https:\/\/www.gesmujer.org\/sitio\/index.php?rest_route=%2Fwp%2Fv2%2Fcategories&post=22664"},{"taxonomy":"post_tag","embeddable":true,"href":"https:\/\/www.gesmujer.org\/sitio\/index.php?rest_route=%2Fwp%2Fv2%2Ftags&post=22664"}],"curies":[{"name":"wp","href":"https:\/\/api.w.org\/{rel}","templated":true}]}}