{"id":2284,"date":"2016-12-17T19:50:46","date_gmt":"2016-12-18T01:50:46","guid":{"rendered":"http:\/\/www.gesmujer.org\/sitio\/?p=2284"},"modified":"2024-04-05T14:58:27","modified_gmt":"2024-04-05T20:58:27","slug":"cierra-gesmujer-actividades-del-2016-con-gala-navidena","status":"publish","type":"post","link":"https:\/\/www.gesmujer.org\/sitio\/?p=2284","title":{"rendered":"Cierra GESMujer actividades del 2016 con Gala Navide\u00f1a"},"content":{"rendered":"<p style=\"text-align: justify;\"><img fetchpriority=\"high\" decoding=\"async\" class=\"alignleft wp-image-2288\" src=\"http:\/\/www.gesmujer.org\/SITIO\/wp-content\/uploads\/\/2016\/12\/Gala-Navide\u00f1a-04-200x300.jpg\" alt=\"gala-navidena-04\" width=\"300\" height=\"450\" srcset=\"https:\/\/www.gesmujer.org\/sitio\/wp-content\/uploads\/2016\/12\/Gala-Navide\u00f1a-04-200x300.jpg 200w, https:\/\/www.gesmujer.org\/sitio\/wp-content\/uploads\/2016\/12\/Gala-Navide\u00f1a-04-768x1152.jpg 768w, https:\/\/www.gesmujer.org\/sitio\/wp-content\/uploads\/2016\/12\/Gala-Navide\u00f1a-04-683x1024.jpg 683w, https:\/\/www.gesmujer.org\/sitio\/wp-content\/uploads\/2016\/12\/Gala-Navide\u00f1a-04.jpg 1405w\" sizes=\"(max-width: 300px) 100vw, 300px\" \/>El inter\u00e9s de contribuir a construir una sociedad m\u00e1s justa y equitativa en Oaxaca se reflej\u00f3 la noche de este viernes en la Gala Navide\u00f1a realizada en el Teatro Macedonio Alcal\u00e1, donde artistas y asistentes se sumaron a la labor del Grupo de estudios sobre la mujer Rosario Castellanos (GESMujer) A. C.<\/p>\n<p style=\"text-align: justify;\">El recorrido musical fue diverso. Se interpretaron piezas creadas lo mismo en pa\u00edses hispanos, que en el norte de Am\u00e9rica o Europa. Los ritmos fueron de la sacralidad a la alegr\u00eda y el festejo que rememoran los motivos por los que la temporada de fin de a\u00f1o debe disfrutarse.<\/p>\n<p style=\"text-align: justify;\">Al ver el apoyo de cada persona que acudi\u00f3 a esta Gala Navide\u00f1a para fortalecer el trabajo de GESMujer, su presidenta Ximena Avellaneda D\u00edaz, les agradeci\u00f3 su presencia, as\u00ed como la de cada artista que acept\u00f3 donar su trabajo y permitir una velada musical cuyo hilo conductor fueron la paz y alegr\u00eda que se buscan en estas fiestas de fin de a\u00f1o.<\/p>\n<p style=\"text-align: justify;\">El Coro de la Ciudad de Oaxaca fue la primera agrupaci\u00f3n en ocupar el escenario del Teatro Macedonio Alcal\u00e1. Mujeres y hombres de diferentes edades siguieron con su canto a su director, Israel Rivera Ca\u00f1as, mientras en el piano el maestro Oscar Rafael Mart\u00ednez interpretaba \u201cEl mes\u00edas\u201d, cuyos acordes fueron escritos por Georg Friedric Handel hace tres siglos y medio.<\/p>\n<p style=\"text-align: justify;\">Por momentos las voces del Coro de la Ciudad de Oaxaca callaron y permitieron que en solitario, el talento del tenor oaxaque\u00f1o Kevin Cruz Franco luciera, al igual que la del soprano Javier E. V\u00e1zquez Pizarro, Patricia Hunk como contralto y como bajo Samuel Francisco Garc\u00eda Ca\u00f1as.<\/p>\n<p style=\"text-align: justify;\">Fueron las integrantes del Coro de la Ciudad quienes alternaran con la interprete Ana D\u00edaz, cuyos matices de voz permitieron disfrutar de \u201cVelo que bonito\u201d, un villancico colombiano que empez\u00f3 a contagiar la alegr\u00eda entre quienes disfrutaban de esta Gala Navide\u00f1a.<img decoding=\"async\" class=\"alignright wp-image-2287\" src=\"http:\/\/www.gesmujer.org\/SITIO\/wp-content\/uploads\/\/2016\/12\/Gala-Navide\u00f1a-03-300x200.jpg\" alt=\"gala-navidena-03\" width=\"500\" height=\"333\" srcset=\"https:\/\/www.gesmujer.org\/sitio\/wp-content\/uploads\/2016\/12\/Gala-Navide\u00f1a-03-300x200.jpg 300w, https:\/\/www.gesmujer.org\/sitio\/wp-content\/uploads\/2016\/12\/Gala-Navide\u00f1a-03-768x512.jpg 768w, https:\/\/www.gesmujer.org\/sitio\/wp-content\/uploads\/2016\/12\/Gala-Navide\u00f1a-03-1024x683.jpg 1024w\" sizes=\"(max-width: 500px) 100vw, 500px\" \/><\/p>\n<p style=\"text-align: justify;\">Un segundo villancico, \u201cEl ni\u00f1o del tambor\u201d suaviz\u00f3 el ambiente en el Teatro Alcal\u00e1, manteniendo casi el ritmo con \u201cUp to the mountain\u201d de Patti Griffin. El escenario fue abandonado por el guitarrista H\u00e9ctor D\u00edaz, el percusionista Oscar Mart\u00ednez OXAMA y el maestro Oscar Rafael Mart\u00ednez, quien cedi\u00f3 el piano para que Ana D\u00edaz tocar\u00e1 e interpretar\u00e1 un canto de esperanza: \u201cS\u00e9 que habr\u00e1\u201d.<\/p>\n<p style=\"text-align: justify;\">La alegr\u00eda volvi\u00f3 al teatro con otro villancico colombiano, \u201cFarolitos en el cielo\u201d, una pieza que invitaba a bailar. El di\u00e1logo musical entre Ana D\u00edaz y el p\u00fablico se reflej\u00f3 en el palmeo a ritmo que por momentos acompa\u00f1\u00f3 a una artista que desde el escenario agradeci\u00f3 la invitaci\u00f3n para ofrecer su canto para fortalecer la causa del GESMujer.<\/p>\n<p style=\"text-align: justify;\">La entrada de la Tuna de la Universidad Regional del Sureste desde la parte opuesta del escenario hizo a asistentes girar de sus asientos y disfrutar de la m\u00fasica de la agrupaci\u00f3n estudiantil bajo la direcci\u00f3n del maestro Lino Vargas, quien incluso sugiri\u00f3 que esta velada navide\u00f1a pueda repetirse el pr\u00f3ximo a\u00f1o.<\/p>\n<p style=\"text-align: justify;\">Despu\u00e9s de interpretar varios villancicos como \u201cYa llego la navidad\u201d o \u201cHasta el portal\u00edn de bel\u00e9n\u201d, una parte de los integrantes de la Tuna de la URSE acompa\u00f1aron con guitarras, mandolinas y acorde\u00f3n al Coro de la Ciudad de Oaxaca, que volvi\u00f3 al escenario para interpretar m\u00e1s villancicos y cerrar con \u201cLa Marimorena\u201d.<\/p>\n<p style=\"text-align: justify;\">Con esta Gala Navide\u00f1a el GESMujer concluye su campa\u00f1a de procuraci\u00f3n de este a\u00f1o. Lo recaudado se destinar\u00e1 a actividades que impulsa para el empoderamiento de las mujeres, desde el plano individual, como las asesor\u00edas legales y psicol\u00f3gicas, como en el plano grupal, desde platicas, talleres y diplomados con temas relacionados con la equidad de g\u00e9nero.<\/p>\n<p style=\"text-align: justify;\"><img decoding=\"async\" class=\"wp-image-2290 aligncenter\" src=\"http:\/\/www.gesmujer.org\/SITIO\/wp-content\/uploads\/\/2016\/12\/Gala-Navide\u00f1a-06.jpg\" alt=\"gala-navidena-06\" width=\"500\" height=\"333\" srcset=\"https:\/\/www.gesmujer.org\/sitio\/wp-content\/uploads\/2016\/12\/Gala-Navide\u00f1a-06.jpg 2160w, https:\/\/www.gesmujer.org\/sitio\/wp-content\/uploads\/2016\/12\/Gala-Navide\u00f1a-06-300x200.jpg 300w, https:\/\/www.gesmujer.org\/sitio\/wp-content\/uploads\/2016\/12\/Gala-Navide\u00f1a-06-768x512.jpg 768w, https:\/\/www.gesmujer.org\/sitio\/wp-content\/uploads\/2016\/12\/Gala-Navide\u00f1a-06-1024x683.jpg 1024w\" sizes=\"(max-width: 500px) 100vw, 500px\" \/><\/p>\n<p>  <!--codes_iframe--><!--\/codes_iframe--><\/p>\n","protected":false},"excerpt":{"rendered":"<p>El inter\u00e9s de contribuir a construir una sociedad m\u00e1s justa y equitativa en Oaxaca se reflej\u00f3 la noche de este viernes en la Gala Navide\u00f1a realizada en el Teatro Macedonio Alcal\u00e1, donde artistas y asistentes se sumaron a la labor del Grupo de estudios sobre la mujer Rosario Castellanos (GESMujer) A. C. El recorrido musical [&hellip;]<\/p>\n","protected":false},"author":4,"featured_media":2293,"comment_status":"closed","ping_status":"open","sticky":false,"template":"","format":"standard","meta":{"give_campaign_id":0,"rs_blank_template":"","rs_page_bg_color":"","slide_template_v7":"","footnotes":""},"categories":[36,32],"tags":[63,101,58,39,42,80],"class_list":["post-2284","post","type-post","status-publish","format-standard","has-post-thumbnail","hentry","category-comunicados","category-novedades","tag-equidad-de-genero","tag-gala-navidena","tag-gesmujer","tag-igualdad","tag-mujeres","tag-oaxaca"],"_links":{"self":[{"href":"https:\/\/www.gesmujer.org\/sitio\/index.php?rest_route=\/wp\/v2\/posts\/2284","targetHints":{"allow":["GET"]}}],"collection":[{"href":"https:\/\/www.gesmujer.org\/sitio\/index.php?rest_route=\/wp\/v2\/posts"}],"about":[{"href":"https:\/\/www.gesmujer.org\/sitio\/index.php?rest_route=\/wp\/v2\/types\/post"}],"author":[{"embeddable":true,"href":"https:\/\/www.gesmujer.org\/sitio\/index.php?rest_route=\/wp\/v2\/users\/4"}],"replies":[{"embeddable":true,"href":"https:\/\/www.gesmujer.org\/sitio\/index.php?rest_route=%2Fwp%2Fv2%2Fcomments&post=2284"}],"version-history":[{"count":4,"href":"https:\/\/www.gesmujer.org\/sitio\/index.php?rest_route=\/wp\/v2\/posts\/2284\/revisions"}],"predecessor-version":[{"id":58473,"href":"https:\/\/www.gesmujer.org\/sitio\/index.php?rest_route=\/wp\/v2\/posts\/2284\/revisions\/58473"}],"wp:featuredmedia":[{"embeddable":true,"href":"https:\/\/www.gesmujer.org\/sitio\/index.php?rest_route=\/wp\/v2\/media\/2293"}],"wp:attachment":[{"href":"https:\/\/www.gesmujer.org\/sitio\/index.php?rest_route=%2Fwp%2Fv2%2Fmedia&parent=2284"}],"wp:term":[{"taxonomy":"category","embeddable":true,"href":"https:\/\/www.gesmujer.org\/sitio\/index.php?rest_route=%2Fwp%2Fv2%2Fcategories&post=2284"},{"taxonomy":"post_tag","embeddable":true,"href":"https:\/\/www.gesmujer.org\/sitio\/index.php?rest_route=%2Fwp%2Fv2%2Ftags&post=2284"}],"curies":[{"name":"wp","href":"https:\/\/api.w.org\/{rel}","templated":true}]}}