{"id":23166,"date":"2021-08-31T08:49:00","date_gmt":"2021-08-31T14:49:00","guid":{"rendered":"https:\/\/www.gesmujer.org\/sitio\/?p=23166"},"modified":"2021-08-31T22:03:00","modified_gmt":"2021-09-01T04:03:00","slug":"a-3-anos-de-la-alerta-de-violencia-de-genero-han-asesinado-a-334-ninas-y-mujeres-en-oaxaca-ges-mujer","status":"publish","type":"post","link":"https:\/\/www.gesmujer.org\/sitio\/?p=23166","title":{"rendered":"A 3 a\u00f1os de la Alerta de Violencia de G\u00e9nero, han asesinado a 334 ni\u00f1as y mujeres en Oaxaca: GES Mujer"},"content":{"rendered":"\n<p><strong>El 60% de los cr\u00edmenes se concentra en tres regiones: el Istmo de Tehuantepec repr<\/strong>es<strong>enta el nivel m\u00e1s elevado con 25%, seguido de Valles Centrales y Cuenca de Papaloapam<\/strong><\/p>\n\n\n\n<p><strong>Juan Carlos Zavala. Lunes 30 de agosto de 2021, El Universal.-<\/strong>A tres a\u00f1os de la&nbsp;<strong>Alerta de Violencia de G\u00e9nero<\/strong>&nbsp;(AVG) que la Secretar\u00eda de Gobernaci\u00f3n (SEGOB) decret\u00f3 en 40 municipio de Oaxaca, 334 ni\u00f1as y mujeres fueron asesinadas de manera violenta, de acuerdo con el Grupo de Estudios Sobre la Mujer \u201cRosario Castellanos\u201d (GESMujer).<\/p>\n\n\n\n<p>Desde esta declaratoria, el 60% de los cr\u00edmenes se concentra en tres regiones. En el Istmo de Tehuantepec representa el nivel m\u00e1s elevado con 25%, le sigue Valles Centrales con 20% y la Cuenca del Papaloapam con un 15%.<\/p>\n\n\n\n<p>La organizaci\u00f3n; sin embargo, sostiene que los datos son fr\u00edos y, no alcanzan a dimensionar \u201cla indignaci\u00f3n, el dolor, la impotencia de cada familia que ha enfrentado la p\u00e9rdida de una hija, una madre, una hermana, una abuela, pues la<strong>&nbsp;violencia machista<\/strong>&nbsp;no respeta edad, condici\u00f3n social, econ\u00f3mica ni ninguna otra\u201d.<\/p>\n\n\n\n<p>Mientras persisten los&nbsp;<strong>feminicidios&nbsp;<\/strong>y asesinatos violentos de ni\u00f1as y mujeres, asegura que el acceso a la justicia se torna m\u00e1s dif\u00edcil para las mujeres de comunidades ind\u00edgenas y afromexicanas, adem\u00e1s de estar invisibilizadas en los registros hemerogr\u00e1ficos y digitales disponibles, se\u00f1ala.&nbsp;<\/p>\n\n\n\n<p>Sobre el mecanismo de Alerta de Violencia&nbsp; de G\u00e9nero y la instalaci\u00f3n de los Consejos Municipales de prevenci\u00f3n, atenci\u00f3n, sanci\u00f3n y erradicaci\u00f3n de la violencia contra las mujeres en los 40 municipios que ya contempla la Ley Estatal, afirma que sus resultados son cuestionables.<\/p>\n\n\n\n<figure class=\"wp-block-image\"><img decoding=\"async\" src=\"https:\/\/oaxaca.eluniversal.com.mx\/sites\/default\/files\/u24135\/feminicidios_oaxaca_1.jpeg\" alt=\"feminicidios_oaxaca_1.jpeg\"\/><\/figure>\n\n\n\n<p>Foto: Christian Jim\u00e9nez<\/p>\n\n\n\n<p>Lo anterior porque de acuerdo al Monitoreo de Violencia Feminicida del GESMujer, el 57% de la violencia feminicida ocurri\u00f3 en municipios con alerta de g\u00e9nero y el 43% en municipios sin alerta.&nbsp;<\/p>\n\n\n\n<p>\u201cLo que implica que no hay una diferencia entre contar con el mecanismo que carecer de \u00e9l, o bien que la violencia hacia las mujeres que se focalizaba en 40 municipios, a tres a\u00f1os se ha extendido a otros que no estaban identificados como de alto riesgo\u201d.<\/p>\n\n\n\n<p>Asimismo, advierte que la pandemia es un factor que agrava las condiciones de riesgo para las mujeres, en todos los \u00e1mbitos, pero innegablemente en relaci\u00f3n a la violencia, lo que implica la urgencia de atenderla, con las debidas medidas de protecci\u00f3n.<\/p>\n\n\n\n<p>GESMujer menciona que como integrantes del&nbsp;<strong>movimiento feminista<\/strong>&nbsp;han denunciado las barreras sociales, culturales e institucionales que limitan el ejercicio pleno de los derechos de ni\u00f1as, j\u00f3venes y mujeres.<\/p>\n\n\n\n<p>Tambi\u00e9n sostiene que a tres de a\u00f1os de la alerta en Oaxaca, los resultados evidencian la falta de voluntad pol\u00edtica para contar con un diagn\u00f3stico real de la problem\u00e1tica; ausencia de coordinaci\u00f3n entre las instituciones responsables de la prevenci\u00f3n, atenci\u00f3n, sanci\u00f3n y erradicaci\u00f3n de las violencias por raz\u00f3n de g\u00e9nero y la impunidad como consecuencia de negligencias y omisiones ocasiona que ni\u00f1as y mujeres sigan siendo violentadas.<\/p>\n\n\n\n<p>Fuente: https:\/\/oaxaca.eluniversal.com.mx\/sociedad\/3-anos-de-la-alerta-de-violencia-de-genero-han-asesinado-334-ninas-y-mujeres-en-oaxaca-ges<\/p>\n","protected":false},"excerpt":{"rendered":"<p>El 60% de los cr\u00edmenes se concentra en tres regiones: el Istmo de Tehuantepec representa el nivel m\u00e1s elevado con 25%, seguido de Valles Centrales y Cuenca de Papaloapam Juan Carlos Zavala. Lunes 30 de agosto de 2021, El Universal.-A tres a\u00f1os de la&nbsp;Alerta de Violencia de G\u00e9nero&nbsp;(AVG) que la Secretar\u00eda de Gobernaci\u00f3n (SEGOB) decret\u00f3 [&hellip;]<\/p>\n","protected":false},"author":4,"featured_media":23167,"comment_status":"closed","ping_status":"open","sticky":false,"template":"","format":"standard","meta":{"give_campaign_id":0,"rs_blank_template":"","rs_page_bg_color":"","slide_template_v7":"","footnotes":""},"categories":[568,32,3],"tags":[60,63,75,58,39,77,67],"class_list":["post-23166","post","type-post","status-publish","format-standard","has-post-thumbnail","hentry","category-monitoreo","category-novedades","category-portada","tag-derechos-mujeres","tag-equidad-de-genero","tag-feminicidios","tag-gesmujer","tag-igualdad","tag-mujeres-indigenas","tag-violencia"],"_links":{"self":[{"href":"https:\/\/www.gesmujer.org\/sitio\/index.php?rest_route=\/wp\/v2\/posts\/23166","targetHints":{"allow":["GET"]}}],"collection":[{"href":"https:\/\/www.gesmujer.org\/sitio\/index.php?rest_route=\/wp\/v2\/posts"}],"about":[{"href":"https:\/\/www.gesmujer.org\/sitio\/index.php?rest_route=\/wp\/v2\/types\/post"}],"author":[{"embeddable":true,"href":"https:\/\/www.gesmujer.org\/sitio\/index.php?rest_route=\/wp\/v2\/users\/4"}],"replies":[{"embeddable":true,"href":"https:\/\/www.gesmujer.org\/sitio\/index.php?rest_route=%2Fwp%2Fv2%2Fcomments&post=23166"}],"version-history":[{"count":2,"href":"https:\/\/www.gesmujer.org\/sitio\/index.php?rest_route=\/wp\/v2\/posts\/23166\/revisions"}],"predecessor-version":[{"id":23205,"href":"https:\/\/www.gesmujer.org\/sitio\/index.php?rest_route=\/wp\/v2\/posts\/23166\/revisions\/23205"}],"wp:featuredmedia":[{"embeddable":true,"href":"https:\/\/www.gesmujer.org\/sitio\/index.php?rest_route=\/wp\/v2\/media\/23167"}],"wp:attachment":[{"href":"https:\/\/www.gesmujer.org\/sitio\/index.php?rest_route=%2Fwp%2Fv2%2Fmedia&parent=23166"}],"wp:term":[{"taxonomy":"category","embeddable":true,"href":"https:\/\/www.gesmujer.org\/sitio\/index.php?rest_route=%2Fwp%2Fv2%2Fcategories&post=23166"},{"taxonomy":"post_tag","embeddable":true,"href":"https:\/\/www.gesmujer.org\/sitio\/index.php?rest_route=%2Fwp%2Fv2%2Ftags&post=23166"}],"curies":[{"name":"wp","href":"https:\/\/api.w.org\/{rel}","templated":true}]}}