{"id":2322,"date":"2016-12-27T11:56:52","date_gmt":"2016-12-27T17:56:52","guid":{"rendered":"http:\/\/www.gesmujer.org\/sitio\/?p=2322"},"modified":"2020-08-24T12:43:59","modified_gmt":"2020-08-24T18:43:59","slug":"el-abc-de-la-lider-comunitaria-entrelazando-saberes","status":"publish","type":"post","link":"https:\/\/www.gesmujer.org\/sitio\/?p=2322","title":{"rendered":"El abc de la l\u00edder comunitaria entrelazando saberes."},"content":{"rendered":"\n<p>En el Grupo de estudios sobre la mujer \u201cRosario Castellanos\u201d lo sabemos, pues somos parte de este grupo de mujeres tejedoras de sue\u00f1os de justicia y libertad. Por ello deseamos compartir con ustedes, mujeres voz, mujeres fuerza, mujeres luz, mujeres l\u00edderes, una propuesta para socializar aquellos conocimientos construidos de manera colectiva por intelectuales, acad\u00e9micas, maestras, promotoras comunitarias, mujeres ind\u00edgenas, educadoras populares, as\u00ed como mujeres que desde sus comunidades han aportado sus experiencias, conocimientos y propuestas, en fin mujeres que d\u00eda a d\u00eda aprenden, comparten, ense\u00f1an y vuelven a aprender sobre sus derechos, a ejercerlos y colaborar en su defensa. Sabemos que juntas podemos avanzar hacia la igualdad de g\u00e9nero y el goce pleno de nuestros derechos.<\/p>\n\n\n\n<p class=\"has-text-color has-text-align-center has-vivid-purple-color\"><a href=\"https:\/\/www.gesmujer.org\/web\/wp-content\/uploads\/2016\/12\/El-ABC-de-la-l\u00edder-comunitar\u00eda.-Entrelazando-saberes.pdf\">Descarga aqu\u00ed el PDF de nuestro Manual.<\/a><\/p>\n\n\n\n<p class=\"wp-block-pdfemb-pdf-embedder-viewer\"><\/p>\n\n\n\n<p><\/p>\n","protected":false},"excerpt":{"rendered":"<p>En el Grupo de estudios sobre la mujer \u201cRosario Castellanos\u201d lo sabemos, pues somos parte de este grupo de mujeres tejedoras de sue\u00f1os de justicia y libertad. Por ello deseamos compartir con ustedes, mujeres voz, mujeres fuerza, mujeres luz, mujeres l\u00edderes, una propuesta para socializar aquellos conocimientos construidos de manera colectiva por intelectuales, acad\u00e9micas, maestras, [&hellip;]<\/p>\n","protected":false},"author":4,"featured_media":2324,"comment_status":"closed","ping_status":"open","sticky":false,"template":"","format":"standard","meta":{"footnotes":""},"categories":[30,56],"tags":[115,116],"class_list":["post-2322","post","type-post","status-publish","format-standard","has-post-thumbnail","hentry","category-centro-de-documentacion","category-publicaciones","tag-documentacion","tag-libros"],"_links":{"self":[{"href":"https:\/\/www.gesmujer.org\/sitio\/index.php?rest_route=\/wp\/v2\/posts\/2322","targetHints":{"allow":["GET"]}}],"collection":[{"href":"https:\/\/www.gesmujer.org\/sitio\/index.php?rest_route=\/wp\/v2\/posts"}],"about":[{"href":"https:\/\/www.gesmujer.org\/sitio\/index.php?rest_route=\/wp\/v2\/types\/post"}],"author":[{"embeddable":true,"href":"https:\/\/www.gesmujer.org\/sitio\/index.php?rest_route=\/wp\/v2\/users\/4"}],"replies":[{"embeddable":true,"href":"https:\/\/www.gesmujer.org\/sitio\/index.php?rest_route=%2Fwp%2Fv2%2Fcomments&post=2322"}],"version-history":[{"count":4,"href":"https:\/\/www.gesmujer.org\/sitio\/index.php?rest_route=\/wp\/v2\/posts\/2322\/revisions"}],"predecessor-version":[{"id":5822,"href":"https:\/\/www.gesmujer.org\/sitio\/index.php?rest_route=\/wp\/v2\/posts\/2322\/revisions\/5822"}],"wp:featuredmedia":[{"embeddable":true,"href":"https:\/\/www.gesmujer.org\/sitio\/index.php?rest_route=\/wp\/v2\/media\/2324"}],"wp:attachment":[{"href":"https:\/\/www.gesmujer.org\/sitio\/index.php?rest_route=%2Fwp%2Fv2%2Fmedia&parent=2322"}],"wp:term":[{"taxonomy":"category","embeddable":true,"href":"https:\/\/www.gesmujer.org\/sitio\/index.php?rest_route=%2Fwp%2Fv2%2Fcategories&post=2322"},{"taxonomy":"post_tag","embeddable":true,"href":"https:\/\/www.gesmujer.org\/sitio\/index.php?rest_route=%2Fwp%2Fv2%2Ftags&post=2322"}],"curies":[{"name":"wp","href":"https:\/\/api.w.org\/{rel}","templated":true}]}}