{"id":2336,"date":"2017-01-28T11:00:53","date_gmt":"2017-01-28T17:00:53","guid":{"rendered":"http:\/\/www.gesmujer.org\/sitio\/?p=2336"},"modified":"2024-04-05T14:58:41","modified_gmt":"2024-04-05T20:58:41","slug":"violencia-politica-es-reflejo-del-machismo-en-la-sociedad-gesmujer","status":"publish","type":"post","link":"https:\/\/www.gesmujer.org\/sitio\/violencia-politica-es-reflejo-del-machismo-en-la-sociedad-gesmujer\/","title":{"rendered":"Violencia pol\u00edtica es reflejo del machismo en la sociedad: GESMujer"},"content":{"rendered":"<p><img fetchpriority=\"high\" decoding=\"async\" class=\"aligncenter wp-image-2337 size-large\" src=\"http:\/\/www.gesmujer.org\/SITIO\/wp-content\/uploads\/\/2017\/01\/IMG_0690-1024x773.jpg\" width=\"640\" height=\"483\" srcset=\"https:\/\/www.gesmujer.org\/sitio\/wp-content\/uploads\/2017\/01\/IMG_0690-1024x773.jpg 1024w, https:\/\/www.gesmujer.org\/sitio\/wp-content\/uploads\/2017\/01\/IMG_0690-1080x815.jpg 1080w, https:\/\/www.gesmujer.org\/sitio\/wp-content\/uploads\/2017\/01\/IMG_0690-300x227.jpg 300w, https:\/\/www.gesmujer.org\/sitio\/wp-content\/uploads\/2017\/01\/IMG_0690-768x580.jpg 768w, https:\/\/www.gesmujer.org\/sitio\/wp-content\/uploads\/2017\/01\/IMG_0690.jpg 1200w\" sizes=\"(max-width: 640px) 100vw, 640px\" \/>Carlos Alberto Hern\u00e1ndez, S\u00e1bado 28 de Enero de 2017.<\/p>\n<p>Para la presidenta\u00a0 del Grupo de Estudios sobre la Mujer \u2018Rosario Castellanos\u2019, Ximena Avellaneda D\u00edaz, el fen\u00f3meno de la violencia pol\u00edtica es producto del machismo y la insensibilidad de un sector de la sociedad que se niega a darle apertura a la mujer.<\/p>\n<p>En entrevista posterior a la presentaci\u00f3n del manual de participaci\u00f3n juvenil comunitaria, \u201cj\u00f3venes dejando huellas y gestando realidades\u201d, lament\u00f3 los casos de Pinotepa Nacional, Eloxochitl\u00e1n, San Pedro Atoyac y San Juan Bautista Lo de Soto.<\/p>\n<p>Sostuvo que las f\u00e9minas tienen toda la capacidad al igual o en mayor grado a un var\u00f3n para llevar las riendas de un municipio, pero por cuestiones de discriminaci\u00f3n no se les permite asumir su cargo.<\/p>\n<p>Avellaneda D\u00edaz consider\u00f3 terrible que las autoridades, hombres y tambi\u00e9n mujeres agredan, denosten o se difame a la mujer para evitar que alcancen una presidencia municipal, sindicatura o concejal\u00eda.<\/p>\n<p>Incluso calific\u00f3 de penoso el que los partidos pol\u00edticos se valgan de esos argumentos de violencia f\u00edsica o verbal para mantener el control en los municipios.<\/p>\n<p>Fuente: El Imparcial de Oaxaca.  <!--codes_iframe--><!--\/codes_iframe--><\/p>\n","protected":false},"excerpt":{"rendered":"<p>Carlos Alberto Hern\u00e1ndez, S\u00e1bado 28 de Enero de 2017. Para la presidenta\u00a0 del Grupo de Estudios sobre la Mujer \u2018Rosario Castellanos\u2019, Ximena Avellaneda D\u00edaz, el fen\u00f3meno de la violencia pol\u00edtica es producto del machismo y la insensibilidad de un sector de la sociedad que se niega a darle apertura a la mujer. En entrevista posterior [&hellip;]<\/p>\n","protected":false},"author":4,"featured_media":2337,"comment_status":"closed","ping_status":"open","sticky":false,"template":"","format":"standard","meta":{"give_campaign_id":0,"footnotes":""},"categories":[91,32],"tags":[63,58,39,9,42,72,118],"class_list":["post-2336","post","type-post","status-publish","format-standard","has-post-thumbnail","hentry","category-notas","category-novedades","tag-equidad-de-genero","tag-gesmujer","tag-igualdad","tag-liderazgo","tag-mujeres","tag-participacion-politica","tag-violencia-politica"],"yoast_head":"<!-- This site is optimized with the Yoast SEO plugin v27.4 - https:\/\/yoast.com\/product\/yoast-seo-wordpress\/ -->\n<title>Violencia pol\u00edtica es reflejo del machismo en la sociedad: GESMujer - GESMujer &quot;Rosario Castellanos&quot;<\/title>\n<meta name=\"robots\" content=\"index, follow, max-snippet:-1, max-image-preview:large, max-video-preview:-1\" \/>\n<link rel=\"canonical\" href=\"https:\/\/www.gesmujer.org\/sitio\/violencia-politica-es-reflejo-del-machismo-en-la-sociedad-gesmujer\/\" \/>\n<meta property=\"og:locale\" content=\"es_MX\" \/>\n<meta property=\"og:type\" content=\"article\" \/>\n<meta property=\"og:title\" content=\"Violencia pol\u00edtica es reflejo del machismo en la sociedad: GESMujer - GESMujer &quot;Rosario Castellanos&quot;\" \/>\n<meta property=\"og:description\" content=\"Carlos Alberto Hern\u00e1ndez, S\u00e1bado 28 de Enero de 2017. Para la presidenta\u00a0 del Grupo de Estudios sobre la Mujer \u2018Rosario Castellanos\u2019, Ximena Avellaneda D\u00edaz, el fen\u00f3meno de la violencia pol\u00edtica es producto del machismo y la insensibilidad de un sector de la sociedad que se niega a darle apertura a la mujer. En entrevista posterior [&hellip;]\" \/>\n<meta property=\"og:url\" content=\"https:\/\/www.gesmujer.org\/sitio\/violencia-politica-es-reflejo-del-machismo-en-la-sociedad-gesmujer\/\" \/>\n<meta property=\"og:site_name\" content=\"GESMujer &quot;Rosario Castellanos&quot;\" \/>\n<meta property=\"article:publisher\" content=\"https:\/\/www.facebook.com\/gesmujer.rosario.castellanos.ac\" \/>\n<meta property=\"article:published_time\" content=\"2017-01-28T17:00:53+00:00\" \/>\n<meta property=\"article:modified_time\" content=\"2024-04-05T20:58:41+00:00\" \/>\n<meta property=\"og:image\" content=\"https:\/\/www.gesmujer.org\/sitio\/wp-content\/uploads\/2017\/01\/IMG_0690.jpg\" \/>\n\t<meta property=\"og:image:width\" content=\"1200\" \/>\n\t<meta property=\"og:image:height\" content=\"906\" \/>\n\t<meta property=\"og:image:type\" content=\"image\/jpeg\" \/>\n<meta name=\"author\" content=\"cendoc\" \/>\n<meta name=\"twitter:card\" content=\"summary_large_image\" \/>\n<meta name=\"twitter:creator\" content=\"@GES_Mujer\" \/>\n<meta name=\"twitter:site\" content=\"@GES_Mujer\" \/>\n<meta name=\"twitter:label1\" content=\"Escrito por\" \/>\n\t<meta name=\"twitter:data1\" content=\"cendoc\" \/>\n\t<meta name=\"twitter:label2\" content=\"Tiempo de lectura\" \/>\n\t<meta name=\"twitter:data2\" content=\"1 minuto\" \/>\n<script type=\"application\/ld+json\" class=\"yoast-schema-graph\">{\"@context\":\"https:\\\/\\\/schema.org\",\"@graph\":[{\"@type\":\"Article\",\"@id\":\"https:\\\/\\\/www.gesmujer.org\\\/sitio\\\/violencia-politica-es-reflejo-del-machismo-en-la-sociedad-gesmujer\\\/#article\",\"isPartOf\":{\"@id\":\"https:\\\/\\\/www.gesmujer.org\\\/sitio\\\/violencia-politica-es-reflejo-del-machismo-en-la-sociedad-gesmujer\\\/\"},\"author\":{\"name\":\"cendoc\",\"@id\":\"https:\\\/\\\/www.gesmujer.org\\\/sitio\\\/#\\\/schema\\\/person\\\/50e03387f883646c2714c51783a7e288\"},\"headline\":\"Violencia pol\u00edtica es reflejo del machismo en la sociedad: GESMujer\",\"datePublished\":\"2017-01-28T17:00:53+00:00\",\"dateModified\":\"2024-04-05T20:58:41+00:00\",\"mainEntityOfPage\":{\"@id\":\"https:\\\/\\\/www.gesmujer.org\\\/sitio\\\/violencia-politica-es-reflejo-del-machismo-en-la-sociedad-gesmujer\\\/\"},\"wordCount\":209,\"publisher\":{\"@id\":\"https:\\\/\\\/www.gesmujer.org\\\/sitio\\\/#organization\"},\"image\":{\"@id\":\"https:\\\/\\\/www.gesmujer.org\\\/sitio\\\/violencia-politica-es-reflejo-del-machismo-en-la-sociedad-gesmujer\\\/#primaryimage\"},\"thumbnailUrl\":\"https:\\\/\\\/www.gesmujer.org\\\/sitio\\\/wp-content\\\/uploads\\\/2017\\\/01\\\/IMG_0690.jpg\",\"keywords\":[\"Equidad de g\u00e9nero\",\"GESMujer\",\"igualdad\",\"liderazgo\",\"mujeres\",\"Participaci\u00f3n pol\u00edtica\",\"Violencia pol\u00edtica\"],\"articleSection\":[\"NOTAS\",\"NOTICIAS\"],\"inLanguage\":\"es\"},{\"@type\":\"WebPage\",\"@id\":\"https:\\\/\\\/www.gesmujer.org\\\/sitio\\\/violencia-politica-es-reflejo-del-machismo-en-la-sociedad-gesmujer\\\/\",\"url\":\"https:\\\/\\\/www.gesmujer.org\\\/sitio\\\/violencia-politica-es-reflejo-del-machismo-en-la-sociedad-gesmujer\\\/\",\"name\":\"Violencia pol\u00edtica es reflejo del machismo en la sociedad: GESMujer - GESMujer &quot;Rosario Castellanos&quot;\",\"isPartOf\":{\"@id\":\"https:\\\/\\\/www.gesmujer.org\\\/sitio\\\/#website\"},\"primaryImageOfPage\":{\"@id\":\"https:\\\/\\\/www.gesmujer.org\\\/sitio\\\/violencia-politica-es-reflejo-del-machismo-en-la-sociedad-gesmujer\\\/#primaryimage\"},\"image\":{\"@id\":\"https:\\\/\\\/www.gesmujer.org\\\/sitio\\\/violencia-politica-es-reflejo-del-machismo-en-la-sociedad-gesmujer\\\/#primaryimage\"},\"thumbnailUrl\":\"https:\\\/\\\/www.gesmujer.org\\\/sitio\\\/wp-content\\\/uploads\\\/2017\\\/01\\\/IMG_0690.jpg\",\"datePublished\":\"2017-01-28T17:00:53+00:00\",\"dateModified\":\"2024-04-05T20:58:41+00:00\",\"breadcrumb\":{\"@id\":\"https:\\\/\\\/www.gesmujer.org\\\/sitio\\\/violencia-politica-es-reflejo-del-machismo-en-la-sociedad-gesmujer\\\/#breadcrumb\"},\"inLanguage\":\"es\",\"potentialAction\":[{\"@type\":\"ReadAction\",\"target\":[\"https:\\\/\\\/www.gesmujer.org\\\/sitio\\\/violencia-politica-es-reflejo-del-machismo-en-la-sociedad-gesmujer\\\/\"]}]},{\"@type\":\"ImageObject\",\"inLanguage\":\"es\",\"@id\":\"https:\\\/\\\/www.gesmujer.org\\\/sitio\\\/violencia-politica-es-reflejo-del-machismo-en-la-sociedad-gesmujer\\\/#primaryimage\",\"url\":\"https:\\\/\\\/www.gesmujer.org\\\/sitio\\\/wp-content\\\/uploads\\\/2017\\\/01\\\/IMG_0690.jpg\",\"contentUrl\":\"https:\\\/\\\/www.gesmujer.org\\\/sitio\\\/wp-content\\\/uploads\\\/2017\\\/01\\\/IMG_0690.jpg\",\"width\":1200,\"height\":906},{\"@type\":\"BreadcrumbList\",\"@id\":\"https:\\\/\\\/www.gesmujer.org\\\/sitio\\\/violencia-politica-es-reflejo-del-machismo-en-la-sociedad-gesmujer\\\/#breadcrumb\",\"itemListElement\":[{\"@type\":\"ListItem\",\"position\":1,\"name\":\"Home\",\"item\":\"https:\\\/\\\/www.gesmujer.org\\\/sitio\\\/\"},{\"@type\":\"ListItem\",\"position\":2,\"name\":\"Violencia pol\u00edtica es reflejo del machismo en la sociedad: GESMujer\"}]},{\"@type\":\"WebSite\",\"@id\":\"https:\\\/\\\/www.gesmujer.org\\\/sitio\\\/#website\",\"url\":\"https:\\\/\\\/www.gesmujer.org\\\/sitio\\\/\",\"name\":\"GESMujer \\\"Rosario Castellanos\\\"\",\"description\":\"M\u00e1s de 45 a\u00f1os ha llevado a cabo acciones para erradicar la violencia de g\u00e9nero y construir entornos donde las mujeres encuentren su resiliencia, incrementen su agencia y autonom\u00eda que les permita lograr su empoderamiento a trav\u00e9s de cinco l\u00edneas de acci\u00f3n.\",\"publisher\":{\"@id\":\"https:\\\/\\\/www.gesmujer.org\\\/sitio\\\/#organization\"},\"alternateName\":\"GESMujer\",\"potentialAction\":[{\"@type\":\"SearchAction\",\"target\":{\"@type\":\"EntryPoint\",\"urlTemplate\":\"https:\\\/\\\/www.gesmujer.org\\\/sitio\\\/?s={search_term_string}\"},\"query-input\":{\"@type\":\"PropertyValueSpecification\",\"valueRequired\":true,\"valueName\":\"search_term_string\"}}],\"inLanguage\":\"es\"},{\"@type\":\"Organization\",\"@id\":\"https:\\\/\\\/www.gesmujer.org\\\/sitio\\\/#organization\",\"name\":\"Grupo de estudios sobre la mujer Rosario Castellanos ac\",\"alternateName\":\"GESMujer\",\"url\":\"https:\\\/\\\/www.gesmujer.org\\\/sitio\\\/\",\"logo\":{\"@type\":\"ImageObject\",\"inLanguage\":\"es\",\"@id\":\"https:\\\/\\\/www.gesmujer.org\\\/sitio\\\/#\\\/schema\\\/logo\\\/image\\\/\",\"url\":\"https:\\\/\\\/www.gesmujer.org\\\/sitio\\\/wp-content\\\/uploads\\\/2026\\\/03\\\/Logo-GESMujer-300.png\",\"contentUrl\":\"https:\\\/\\\/www.gesmujer.org\\\/sitio\\\/wp-content\\\/uploads\\\/2026\\\/03\\\/Logo-GESMujer-300.png\",\"width\":300,\"height\":141,\"caption\":\"Grupo de estudios sobre la mujer Rosario Castellanos ac\"},\"image\":{\"@id\":\"https:\\\/\\\/www.gesmujer.org\\\/sitio\\\/#\\\/schema\\\/logo\\\/image\\\/\"},\"sameAs\":[\"https:\\\/\\\/www.facebook.com\\\/gesmujer.rosario.castellanos.ac\",\"https:\\\/\\\/x.com\\\/GES_Mujer\",\"https:\\\/\\\/www.instagram.com\\\/ges_mujer\\\/?hl=es\",\"https:\\\/\\\/www.youtube.com\\\/c\\\/GESMujerRosarioCastellanos\\\/videos\",\"https:\\\/\\\/soundcloud.com\\\/gesmujerac\",\"https:\\\/\\\/www.tiktok.com\\\/@gesmujer\"]},{\"@type\":\"Person\",\"@id\":\"https:\\\/\\\/www.gesmujer.org\\\/sitio\\\/#\\\/schema\\\/person\\\/50e03387f883646c2714c51783a7e288\",\"name\":\"cendoc\",\"image\":{\"@type\":\"ImageObject\",\"inLanguage\":\"es\",\"@id\":\"https:\\\/\\\/secure.gravatar.com\\\/avatar\\\/2f187338ccb33c33bc1b08e92e2247a6891db221398e12bbc0f5ff0cfc462495?s=96&d=mm&r=g\",\"url\":\"https:\\\/\\\/secure.gravatar.com\\\/avatar\\\/2f187338ccb33c33bc1b08e92e2247a6891db221398e12bbc0f5ff0cfc462495?s=96&d=mm&r=g\",\"contentUrl\":\"https:\\\/\\\/secure.gravatar.com\\\/avatar\\\/2f187338ccb33c33bc1b08e92e2247a6891db221398e12bbc0f5ff0cfc462495?s=96&d=mm&r=g\",\"caption\":\"cendoc\"},\"sameAs\":[\"http:\\\/\\\/gesmujer.org\"],\"url\":\"https:\\\/\\\/www.gesmujer.org\\\/sitio\\\/author\\\/cendoc\\\/\"}]}<\/script>\n<!-- \/ Yoast SEO plugin. -->","yoast_head_json":{"title":"Violencia pol\u00edtica es reflejo del machismo en la sociedad: GESMujer - GESMujer &quot;Rosario Castellanos&quot;","robots":{"index":"index","follow":"follow","max-snippet":"max-snippet:-1","max-image-preview":"max-image-preview:large","max-video-preview":"max-video-preview:-1"},"canonical":"https:\/\/www.gesmujer.org\/sitio\/violencia-politica-es-reflejo-del-machismo-en-la-sociedad-gesmujer\/","og_locale":"es_MX","og_type":"article","og_title":"Violencia pol\u00edtica es reflejo del machismo en la sociedad: GESMujer - GESMujer &quot;Rosario Castellanos&quot;","og_description":"Carlos Alberto Hern\u00e1ndez, S\u00e1bado 28 de Enero de 2017. Para la presidenta\u00a0 del Grupo de Estudios sobre la Mujer \u2018Rosario Castellanos\u2019, Ximena Avellaneda D\u00edaz, el fen\u00f3meno de la violencia pol\u00edtica es producto del machismo y la insensibilidad de un sector de la sociedad que se niega a darle apertura a la mujer. En entrevista posterior [&hellip;]","og_url":"https:\/\/www.gesmujer.org\/sitio\/violencia-politica-es-reflejo-del-machismo-en-la-sociedad-gesmujer\/","og_site_name":"GESMujer &quot;Rosario Castellanos&quot;","article_publisher":"https:\/\/www.facebook.com\/gesmujer.rosario.castellanos.ac","article_published_time":"2017-01-28T17:00:53+00:00","article_modified_time":"2024-04-05T20:58:41+00:00","og_image":[{"width":1200,"height":906,"url":"https:\/\/www.gesmujer.org\/sitio\/wp-content\/uploads\/2017\/01\/IMG_0690.jpg","type":"image\/jpeg"}],"author":"cendoc","twitter_card":"summary_large_image","twitter_creator":"@GES_Mujer","twitter_site":"@GES_Mujer","twitter_misc":{"Escrito por":"cendoc","Tiempo de lectura":"1 minuto"},"schema":{"@context":"https:\/\/schema.org","@graph":[{"@type":"Article","@id":"https:\/\/www.gesmujer.org\/sitio\/violencia-politica-es-reflejo-del-machismo-en-la-sociedad-gesmujer\/#article","isPartOf":{"@id":"https:\/\/www.gesmujer.org\/sitio\/violencia-politica-es-reflejo-del-machismo-en-la-sociedad-gesmujer\/"},"author":{"name":"cendoc","@id":"https:\/\/www.gesmujer.org\/sitio\/#\/schema\/person\/50e03387f883646c2714c51783a7e288"},"headline":"Violencia pol\u00edtica es reflejo del machismo en la sociedad: GESMujer","datePublished":"2017-01-28T17:00:53+00:00","dateModified":"2024-04-05T20:58:41+00:00","mainEntityOfPage":{"@id":"https:\/\/www.gesmujer.org\/sitio\/violencia-politica-es-reflejo-del-machismo-en-la-sociedad-gesmujer\/"},"wordCount":209,"publisher":{"@id":"https:\/\/www.gesmujer.org\/sitio\/#organization"},"image":{"@id":"https:\/\/www.gesmujer.org\/sitio\/violencia-politica-es-reflejo-del-machismo-en-la-sociedad-gesmujer\/#primaryimage"},"thumbnailUrl":"https:\/\/www.gesmujer.org\/sitio\/wp-content\/uploads\/2017\/01\/IMG_0690.jpg","keywords":["Equidad de g\u00e9nero","GESMujer","igualdad","liderazgo","mujeres","Participaci\u00f3n pol\u00edtica","Violencia pol\u00edtica"],"articleSection":["NOTAS","NOTICIAS"],"inLanguage":"es"},{"@type":"WebPage","@id":"https:\/\/www.gesmujer.org\/sitio\/violencia-politica-es-reflejo-del-machismo-en-la-sociedad-gesmujer\/","url":"https:\/\/www.gesmujer.org\/sitio\/violencia-politica-es-reflejo-del-machismo-en-la-sociedad-gesmujer\/","name":"Violencia pol\u00edtica es reflejo del machismo en la sociedad: GESMujer - GESMujer &quot;Rosario Castellanos&quot;","isPartOf":{"@id":"https:\/\/www.gesmujer.org\/sitio\/#website"},"primaryImageOfPage":{"@id":"https:\/\/www.gesmujer.org\/sitio\/violencia-politica-es-reflejo-del-machismo-en-la-sociedad-gesmujer\/#primaryimage"},"image":{"@id":"https:\/\/www.gesmujer.org\/sitio\/violencia-politica-es-reflejo-del-machismo-en-la-sociedad-gesmujer\/#primaryimage"},"thumbnailUrl":"https:\/\/www.gesmujer.org\/sitio\/wp-content\/uploads\/2017\/01\/IMG_0690.jpg","datePublished":"2017-01-28T17:00:53+00:00","dateModified":"2024-04-05T20:58:41+00:00","breadcrumb":{"@id":"https:\/\/www.gesmujer.org\/sitio\/violencia-politica-es-reflejo-del-machismo-en-la-sociedad-gesmujer\/#breadcrumb"},"inLanguage":"es","potentialAction":[{"@type":"ReadAction","target":["https:\/\/www.gesmujer.org\/sitio\/violencia-politica-es-reflejo-del-machismo-en-la-sociedad-gesmujer\/"]}]},{"@type":"ImageObject","inLanguage":"es","@id":"https:\/\/www.gesmujer.org\/sitio\/violencia-politica-es-reflejo-del-machismo-en-la-sociedad-gesmujer\/#primaryimage","url":"https:\/\/www.gesmujer.org\/sitio\/wp-content\/uploads\/2017\/01\/IMG_0690.jpg","contentUrl":"https:\/\/www.gesmujer.org\/sitio\/wp-content\/uploads\/2017\/01\/IMG_0690.jpg","width":1200,"height":906},{"@type":"BreadcrumbList","@id":"https:\/\/www.gesmujer.org\/sitio\/violencia-politica-es-reflejo-del-machismo-en-la-sociedad-gesmujer\/#breadcrumb","itemListElement":[{"@type":"ListItem","position":1,"name":"Home","item":"https:\/\/www.gesmujer.org\/sitio\/"},{"@type":"ListItem","position":2,"name":"Violencia pol\u00edtica es reflejo del machismo en la sociedad: GESMujer"}]},{"@type":"WebSite","@id":"https:\/\/www.gesmujer.org\/sitio\/#website","url":"https:\/\/www.gesmujer.org\/sitio\/","name":"GESMujer \"Rosario Castellanos\"","description":"M\u00e1s de 45 a\u00f1os ha llevado a cabo acciones para erradicar la violencia de g\u00e9nero y construir entornos donde las mujeres encuentren su resiliencia, incrementen su agencia y autonom\u00eda que les permita lograr su empoderamiento a trav\u00e9s de cinco l\u00edneas de acci\u00f3n.","publisher":{"@id":"https:\/\/www.gesmujer.org\/sitio\/#organization"},"alternateName":"GESMujer","potentialAction":[{"@type":"SearchAction","target":{"@type":"EntryPoint","urlTemplate":"https:\/\/www.gesmujer.org\/sitio\/?s={search_term_string}"},"query-input":{"@type":"PropertyValueSpecification","valueRequired":true,"valueName":"search_term_string"}}],"inLanguage":"es"},{"@type":"Organization","@id":"https:\/\/www.gesmujer.org\/sitio\/#organization","name":"Grupo de estudios sobre la mujer Rosario Castellanos ac","alternateName":"GESMujer","url":"https:\/\/www.gesmujer.org\/sitio\/","logo":{"@type":"ImageObject","inLanguage":"es","@id":"https:\/\/www.gesmujer.org\/sitio\/#\/schema\/logo\/image\/","url":"https:\/\/www.gesmujer.org\/sitio\/wp-content\/uploads\/2026\/03\/Logo-GESMujer-300.png","contentUrl":"https:\/\/www.gesmujer.org\/sitio\/wp-content\/uploads\/2026\/03\/Logo-GESMujer-300.png","width":300,"height":141,"caption":"Grupo de estudios sobre la mujer Rosario Castellanos ac"},"image":{"@id":"https:\/\/www.gesmujer.org\/sitio\/#\/schema\/logo\/image\/"},"sameAs":["https:\/\/www.facebook.com\/gesmujer.rosario.castellanos.ac","https:\/\/x.com\/GES_Mujer","https:\/\/www.instagram.com\/ges_mujer\/?hl=es","https:\/\/www.youtube.com\/c\/GESMujerRosarioCastellanos\/videos","https:\/\/soundcloud.com\/gesmujerac","https:\/\/www.tiktok.com\/@gesmujer"]},{"@type":"Person","@id":"https:\/\/www.gesmujer.org\/sitio\/#\/schema\/person\/50e03387f883646c2714c51783a7e288","name":"cendoc","image":{"@type":"ImageObject","inLanguage":"es","@id":"https:\/\/secure.gravatar.com\/avatar\/2f187338ccb33c33bc1b08e92e2247a6891db221398e12bbc0f5ff0cfc462495?s=96&d=mm&r=g","url":"https:\/\/secure.gravatar.com\/avatar\/2f187338ccb33c33bc1b08e92e2247a6891db221398e12bbc0f5ff0cfc462495?s=96&d=mm&r=g","contentUrl":"https:\/\/secure.gravatar.com\/avatar\/2f187338ccb33c33bc1b08e92e2247a6891db221398e12bbc0f5ff0cfc462495?s=96&d=mm&r=g","caption":"cendoc"},"sameAs":["http:\/\/gesmujer.org"],"url":"https:\/\/www.gesmujer.org\/sitio\/author\/cendoc\/"}]}},"_links":{"self":[{"href":"https:\/\/www.gesmujer.org\/sitio\/wp-json\/wp\/v2\/posts\/2336","targetHints":{"allow":["GET"]}}],"collection":[{"href":"https:\/\/www.gesmujer.org\/sitio\/wp-json\/wp\/v2\/posts"}],"about":[{"href":"https:\/\/www.gesmujer.org\/sitio\/wp-json\/wp\/v2\/types\/post"}],"author":[{"embeddable":true,"href":"https:\/\/www.gesmujer.org\/sitio\/wp-json\/wp\/v2\/users\/4"}],"replies":[{"embeddable":true,"href":"https:\/\/www.gesmujer.org\/sitio\/wp-json\/wp\/v2\/comments?post=2336"}],"version-history":[{"count":4,"href":"https:\/\/www.gesmujer.org\/sitio\/wp-json\/wp\/v2\/posts\/2336\/revisions"}],"predecessor-version":[{"id":58493,"href":"https:\/\/www.gesmujer.org\/sitio\/wp-json\/wp\/v2\/posts\/2336\/revisions\/58493"}],"wp:featuredmedia":[{"embeddable":true,"href":"https:\/\/www.gesmujer.org\/sitio\/wp-json\/wp\/v2\/media\/2337"}],"wp:attachment":[{"href":"https:\/\/www.gesmujer.org\/sitio\/wp-json\/wp\/v2\/media?parent=2336"}],"wp:term":[{"taxonomy":"category","embeddable":true,"href":"https:\/\/www.gesmujer.org\/sitio\/wp-json\/wp\/v2\/categories?post=2336"},{"taxonomy":"post_tag","embeddable":true,"href":"https:\/\/www.gesmujer.org\/sitio\/wp-json\/wp\/v2\/tags?post=2336"}],"curies":[{"name":"wp","href":"https:\/\/api.w.org\/{rel}","templated":true}]}}