{"id":23608,"date":"2021-09-13T11:02:56","date_gmt":"2021-09-13T17:02:56","guid":{"rendered":"https:\/\/www.gesmujer.org\/sitio\/?p=23608"},"modified":"2021-09-13T11:21:51","modified_gmt":"2021-09-13T17:21:51","slug":"asesinan-a-dos-mujeres-jovenes-durante-la-manana-de-este-domingo","status":"publish","type":"post","link":"https:\/\/www.gesmujer.org\/sitio\/?p=23608","title":{"rendered":"Asesinan a dos mujeres j\u00f3venes durante la ma\u00f1ana de este domingo"},"content":{"rendered":"\n<p><strong>Nere Gonz\u00e0lez, Domingo 12 de septiembre del 2021, Primera L\u00ecnea.- <\/strong>En dos hechos distintos, dos mujeres fueron asesinadas de forma violenta durante la ma\u00f1ana de este domingo, en el estado de Oaxaca, reportaron autoridades policiacas.<\/p>\n\n\n\n<p>El primer caso se suscit\u00f2 en en el municipio de San Juan Bautista Tuxtepec, al rededor de las seis de la ma\u00f1ana, sobre el cruce de las calles de Prolongaci\u00f2n Independencia y Veracruz, de la colonia Grajales, donde una mujer que vest\u00eca una blusa color azul, pantal\u00f2n de mezclilla en tono azul marino y zapatillas negras, fue hallada tendida en el asfalto.  <\/p>\n\n\n\n<p>Al solicitarse el arribo de cuerpos de emergencia del municipio de Tuxtepec, estos corroboraron que ya estaba sin vida y que presentaba por lo menos 10 disparos de arma de fuego.<\/p>\n\n\n\n<p>Testigos que transitaban en el lugar, se\u00f1alaron que la mujer estaba junta a la tienda Oxxo ubicada en la direcci\u00f2n antes mencionada, ah\u00ec llegaron sujetos desconocidos, quienes le dispararon en m\u00f9ltiples ocasiones.<\/p>\n\n\n\n<p>Otra v\u00ecctima en El Tule.<\/p>\n\n\n\n<p>A este hecho, se suma otra v\u00ecctima en el municipio de Santa Mar\u00eca El Tule, en Valles Centrales, de acuerdo con los primeros reportes, se trata de una mjer de 28 a\u00f1os de edad.<\/p>\n\n\n\n<p>El feminicidio se registr\u00f2 este domingo, al rededor de las 7:30 de la ma\u00f1ana, la v\u00ecctima habr\u00eca recibido disparos de arma de fuego por parte de su c\u00f2nyugue, sin embargo, hasta el momento no hay m\u00e0s datos del caso. <\/p>\n\n\n\n<p>En las \u00f9ltimas semanas la organizaci\u00f2n feminista del Grupo de Estudios sobre la mujer Rosario Castellanos (GESMujer), report\u00f2 que en lo que va de este a\u00f1o, Oxaca regisra 62 mujeres y ni\u00f1asd asesinadas de amnera violenta. <\/p>\n\n\n\n<p>Fuente: https:\/\/www.primeralinea.mx\/2021\/09\/12\/asesinan-a-dos-mujeres-jovenes-durante-la-manana-de-este-domingo-en-oaxaca\/<\/p>\n","protected":false},"excerpt":{"rendered":"<p>Nere Gonz\u00e0lez, Domingo 12 de septiembre del 2021, Primera L\u00ecnea.- En dos hechos distintos, dos mujeres fueron asesinadas de forma violenta durante la ma\u00f1ana de este domingo, en el estado de Oaxaca, reportaron autoridades policiacas. El primer caso se suscit\u00f2 en en el municipio de San Juan Bautista Tuxtepec, al rededor de las seis de [&hellip;]<\/p>\n","protected":false},"author":4,"featured_media":23609,"comment_status":"closed","ping_status":"open","sticky":false,"template":"","format":"standard","meta":{"give_campaign_id":0,"rs_blank_template":"","rs_page_bg_color":"","slide_template_v7":"","footnotes":""},"categories":[3],"tags":[43,60,75,58,39,80,67],"class_list":["post-23608","post","type-post","status-publish","format-standard","has-post-thumbnail","hentry","category-portada","tag-derechos","tag-derechos-mujeres","tag-feminicidios","tag-gesmujer","tag-igualdad","tag-oaxaca","tag-violencia"],"_links":{"self":[{"href":"https:\/\/www.gesmujer.org\/sitio\/index.php?rest_route=\/wp\/v2\/posts\/23608","targetHints":{"allow":["GET"]}}],"collection":[{"href":"https:\/\/www.gesmujer.org\/sitio\/index.php?rest_route=\/wp\/v2\/posts"}],"about":[{"href":"https:\/\/www.gesmujer.org\/sitio\/index.php?rest_route=\/wp\/v2\/types\/post"}],"author":[{"embeddable":true,"href":"https:\/\/www.gesmujer.org\/sitio\/index.php?rest_route=\/wp\/v2\/users\/4"}],"replies":[{"embeddable":true,"href":"https:\/\/www.gesmujer.org\/sitio\/index.php?rest_route=%2Fwp%2Fv2%2Fcomments&post=23608"}],"version-history":[{"count":2,"href":"https:\/\/www.gesmujer.org\/sitio\/index.php?rest_route=\/wp\/v2\/posts\/23608\/revisions"}],"predecessor-version":[{"id":23612,"href":"https:\/\/www.gesmujer.org\/sitio\/index.php?rest_route=\/wp\/v2\/posts\/23608\/revisions\/23612"}],"wp:featuredmedia":[{"embeddable":true,"href":"https:\/\/www.gesmujer.org\/sitio\/index.php?rest_route=\/wp\/v2\/media\/23609"}],"wp:attachment":[{"href":"https:\/\/www.gesmujer.org\/sitio\/index.php?rest_route=%2Fwp%2Fv2%2Fmedia&parent=23608"}],"wp:term":[{"taxonomy":"category","embeddable":true,"href":"https:\/\/www.gesmujer.org\/sitio\/index.php?rest_route=%2Fwp%2Fv2%2Fcategories&post=23608"},{"taxonomy":"post_tag","embeddable":true,"href":"https:\/\/www.gesmujer.org\/sitio\/index.php?rest_route=%2Fwp%2Fv2%2Ftags&post=23608"}],"curies":[{"name":"wp","href":"https:\/\/api.w.org\/{rel}","templated":true}]}}