{"id":23817,"date":"2021-09-29T12:47:22","date_gmt":"2021-09-29T18:47:22","guid":{"rendered":"https:\/\/www.gesmujer.org\/sitio\/?p=23817"},"modified":"2021-09-29T12:47:24","modified_gmt":"2021-09-29T18:47:24","slug":"fanny-queria-darle-mejor-vida-a-su-hija-la-mataron-y-ahora-nos-amenazan-por-exigir-justicia-alertan-familiares","status":"publish","type":"post","link":"https:\/\/www.gesmujer.org\/sitio\/?p=23817","title":{"rendered":"Fanny quer\u00eda darle mejor vida a su hija, la mataron y ahora nos amenazan por exigir justicia, alertan familiares"},"content":{"rendered":"\n<p><strong>Diana Manzo, Mi\u00e9rcoles 29 de septiembre del 2021, Aristegui Noticias.- <\/strong>A dos d\u00edas de la muerte de Fanny, una joven de 16 a\u00f1os que fue hallada sin vida el pasado 26 de septiembre, su t\u00eda Dora Anabel Hern\u00e1ndez Bautista\u00a0<strong>exigi\u00f3 que se investigue a Isaac Hern\u00e1ndez Guillen, agente municipal de El Porvenir, San Juan Cotzoc\u00f3n Mixe por acosar, golpear y amenazar a su sobrina<\/strong>; tambi\u00e9n dijo que se debe investigar a su esposo Alexis Trujillo, que siempre ejerci\u00f3 violencia familiar contra la joven.<\/p>\n\n\n\n<p><strong>Risue\u00f1a, de pelo negro y sonrisa bonita,&nbsp;<\/strong>as\u00ed recuerda Dora Anabel Hern\u00e1ndez Bautista a su sobrina Fanny Guadalupe, qui\u00e9n dej\u00f3 en la orfandad a una ni\u00f1a de 6 meses de edad, a qui\u00e9n Fanny quer\u00eda darle una mejor vida, pero no pudo, porque la mataron.<\/p>\n\n\n\n<p><strong>\u201cNo fue suicidio, a mi sobrina la mataron\u201d<\/strong>\u00a0expres\u00f3 Dora Anabel qui\u00e9n alert\u00f3 que siente miedo ante las amenazas recientes que recibi\u00f3 de parte del esposo de su sobrina y tambi\u00e9n del agente municipal.<\/p>\n\n\n\n<p><strong>\u201cEl d\u00eda que la est\u00e1bamos velando lleg\u00f3 el marido de Fanny y me dijo que me calmara, porque yo podr\u00eda ser la pr\u00f3xima,<\/strong>&nbsp;tengo miedo, pero no puedo callarme, perd\u00ed a mi sobrina, una ni\u00f1a alegre que ten\u00eda el sue\u00f1o de ser militar y darle mejores condiciones a su peque\u00f1a, pero no pudo, porque su marido siempre la acosaba y la golpeaba\u201d, expres\u00f3.<\/p>\n\n\n\n<p>Record\u00f3 que el 30 de agosto del 2021 acompa\u00f1\u00f3 a Fanny a&nbsp;<strong>denunciar las amenazas y acoso del que hab\u00eda sido v\u00edctima el 13 de julio de este a\u00f1o, de parte del agente municipal<\/strong>&nbsp;para que existiera un antecedente, pero nadie hizo nada y Fanny ya est\u00e1 muerta.<\/p>\n\n\n\n<div class=\"wp-block-image\"><figure class=\"aligncenter\"><img decoding=\"async\" src=\"https:\/\/aristeguinoticias.com\/editorial\/wp-content\/uploads\/2021\/09\/muerte-fanny-oaxaca-amenazas.jpg\" alt=\"\" class=\"wp-image-1122246\"\/><\/figure><\/div>\n\n\n\n<p><strong>Dora Anabel denunci\u00f3 que ella tambi\u00e9n es v\u00edctima de acoso y amenazas del agente municipal:<\/strong>&nbsp;\u201cLuego de la denuncia del 30 de agosto me cit\u00f3 a su oficina el 1 de septiembre, pero no fui, entonces me mand\u00f3 avisar que me va a encarcelar por desobediencia, temo por mi vida\u201d.<\/p>\n\n\n\n<p>Con la muerte de Fanny, su t\u00eda, una joven de 24 a\u00f1os de edad que es cocinera en un restaurante local de la comunidad,&nbsp;<strong>asumi\u00f3 la crianza de su hija y solicit\u00f3 de forma urgente protecci\u00f3n para ella y su familia ante los sucesos que han vivido.<\/strong><\/p>\n\n\n\n<p>\u201cNos sentimos desprotegidos y solos, por una parte, el agente municipal tiene poder y puede hacernos muchas cosas malas; estamos encerrados sin poder salir y por el otro,\u00a0<strong>el marido de Fanny tambi\u00e9n es una persona grosera y mala, y tememos por nuestra vida\u201d<\/strong>, alert\u00f3.<\/p>\n\n\n\n<p>Colectivas, feministas, activistas y organizaciones civiles de Oaxaca exigieron justicia y captura a los responsables de la muerte de la joven.&nbsp;<strong>La Fiscal\u00eda General del Estado de Oaxaca inform\u00f3 que activ\u00f3 el protocolo de investigaci\u00f3n por delito de feminicidio.<\/strong><\/p>\n\n\n\n<p><strong>De acuerdo al colectivo GESMujer, con el feminicidio de Fanny sumar\u00edan 66 oaxaque\u00f1as asesinadas en lo que va del a\u00f1o,<\/strong>\u00a0de un total de 561 casos de mujeres asesinadas en lo que va de la administraci\u00f3n del gobernador Alejandro Murat Hinojosa, del 1 de diciembre de 2016 a la fecha.<\/p>\n\n\n\n<p>Fuente: https:\/\/aristeguinoticias.com\/2909\/mexico\/fanny-queria-darle-mejor-vida-a-su-hija-la-mataron-y-ahora-nos-amenazan-por-exigir-justicia-alertan-familiares\/<\/p>\n","protected":false},"excerpt":{"rendered":"<p>Diana Manzo, Mi\u00e9rcoles 29 de septiembre del 2021, Aristegui Noticias.- A dos d\u00edas de la muerte de Fanny, una joven de 16 a\u00f1os que fue hallada sin vida el pasado 26 de septiembre, su t\u00eda Dora Anabel Hern\u00e1ndez Bautista\u00a0exigi\u00f3 que se investigue a Isaac Hern\u00e1ndez Guillen, agente municipal de El Porvenir, San Juan Cotzoc\u00f3n Mixe [&hellip;]<\/p>\n","protected":false},"author":4,"featured_media":23818,"comment_status":"closed","ping_status":"open","sticky":false,"template":"","format":"standard","meta":{"give_campaign_id":0,"rs_blank_template":"","rs_page_bg_color":"","slide_template_v7":"","footnotes":""},"categories":[32,3],"tags":[75,58,42,77,80,67],"class_list":["post-23817","post","type-post","status-publish","format-standard","has-post-thumbnail","hentry","category-novedades","category-portada","tag-feminicidios","tag-gesmujer","tag-mujeres","tag-mujeres-indigenas","tag-oaxaca","tag-violencia"],"_links":{"self":[{"href":"https:\/\/www.gesmujer.org\/sitio\/index.php?rest_route=\/wp\/v2\/posts\/23817","targetHints":{"allow":["GET"]}}],"collection":[{"href":"https:\/\/www.gesmujer.org\/sitio\/index.php?rest_route=\/wp\/v2\/posts"}],"about":[{"href":"https:\/\/www.gesmujer.org\/sitio\/index.php?rest_route=\/wp\/v2\/types\/post"}],"author":[{"embeddable":true,"href":"https:\/\/www.gesmujer.org\/sitio\/index.php?rest_route=\/wp\/v2\/users\/4"}],"replies":[{"embeddable":true,"href":"https:\/\/www.gesmujer.org\/sitio\/index.php?rest_route=%2Fwp%2Fv2%2Fcomments&post=23817"}],"version-history":[{"count":1,"href":"https:\/\/www.gesmujer.org\/sitio\/index.php?rest_route=\/wp\/v2\/posts\/23817\/revisions"}],"predecessor-version":[{"id":23819,"href":"https:\/\/www.gesmujer.org\/sitio\/index.php?rest_route=\/wp\/v2\/posts\/23817\/revisions\/23819"}],"wp:featuredmedia":[{"embeddable":true,"href":"https:\/\/www.gesmujer.org\/sitio\/index.php?rest_route=\/wp\/v2\/media\/23818"}],"wp:attachment":[{"href":"https:\/\/www.gesmujer.org\/sitio\/index.php?rest_route=%2Fwp%2Fv2%2Fmedia&parent=23817"}],"wp:term":[{"taxonomy":"category","embeddable":true,"href":"https:\/\/www.gesmujer.org\/sitio\/index.php?rest_route=%2Fwp%2Fv2%2Fcategories&post=23817"},{"taxonomy":"post_tag","embeddable":true,"href":"https:\/\/www.gesmujer.org\/sitio\/index.php?rest_route=%2Fwp%2Fv2%2Ftags&post=23817"}],"curies":[{"name":"wp","href":"https:\/\/api.w.org\/{rel}","templated":true}]}}