{"id":23824,"date":"2021-09-29T13:27:55","date_gmt":"2021-09-29T19:27:55","guid":{"rendered":"https:\/\/www.gesmujer.org\/sitio\/?p=23824"},"modified":"2021-09-29T13:41:11","modified_gmt":"2021-09-29T19:41:11","slug":"miercoles-29-de-septiembre-de-2021","status":"publish","type":"post","link":"https:\/\/www.gesmujer.org\/sitio\/miercoles-29-de-septiembre-de-2021\/","title":{"rendered":"Feminicidio de Fanny, una suma de negligencias"},"content":{"rendered":"\n<p> <strong>Mi\u00e9rcoles 29 de Septiembre de 2021<\/strong><\/p>\n\n\n\n<figure class=\"wp-block-audio\"><audio controls src=\"https:\/\/www.gesmujer.org\/sitio\/wp-content\/uploads\/2021\/09\/Angelica-Ayala.-Caso-Fanny.ogg\"><\/audio><figcaption><span class=\"has-inline-color has-vivid-purple-color\">Voz de Ang\u00e9lica Ayala&nbsp;Ortiz, presidenta del GESMujer<\/span><\/figcaption><\/figure>\n\n\n\n<p>El indignante caso de Fanny, adolescente de 16 a\u00f1os, ind\u00edgena mixe v\u00edctima de feminicidio en San Juan Cotzoc\u00f3n y madre de una beb\u00e9 de seis meses, evidencia la suma de negligencias, omisiones y vulnerabilidades que como consecuencia derivan en a falta de resultados ante la violencia feminicida que en Oaxaca cobr\u00f3 la vida de 561 ni\u00f1as y mujeres en casi cinco a\u00f1os de la administraci\u00f3n del gobernador &nbsp;Alejandro Murat.<\/p>\n\n\n\n<p>La presidenta del Grupo de estudios sobre la mujer Rosario Castellanos, Ang\u00e9lica Ayala&nbsp; Ortiz, denunci\u00f3 que en reiteradas ocasiones las organizaciones feministas han denunciado las barreras que enfrentan las mujeres cuando denuncian violencias.<\/p>\n\n\n\n<p>Fanny, a sus 16 a\u00f1os, tuvo el valor de denunciar ante las instancias de justicia, por lo cual se abri\u00f3 la carpeta de investigaci\u00f3n 23472\/FIST\/CODDI\/Mat\u00edas\/202 y conf\u00edo en que ser\u00eda protegida. Fanny, como infinidad de mujeres, enfrent\u00f3 la falta de atenci\u00f3n a pesar de la gravedad de su denuncia; se\u00f1al\u00f3 amenazas de muerte por parte del agente municipal de El Porvenir, Isaac H. G., pero las autoridades no actuaron para proteger su vida.<\/p>\n\n\n\n<p>Al dar seguimiento a las acciones procedentes tras denunciar violencias, nuestra organizaci\u00f3n ha detectado mensajes \u201cpresuntamente\u201d de la unidad de g\u00e9nero \u201cinvitando\u201d a las mujeres que decidieron abandonar a su agresor a que regresen al hogar y darle otra oportunidad a su pareja violenta, manipul\u00e1ndolas con expresiones como \u201cpiense en sus peques\u201d (hijas e hijos), una acci\u00f3n que las coloca en mayor riesgo de violencia.<\/p>\n\n\n\n<p>En otros casos, identificar qu\u00e9 acciones acompa\u00f1an la emisi\u00f3n de \u00f3rdenes de protecci\u00f3n y medidas cautelares, se vuelve un verdadero reto. Saber qui\u00e9n o quienes actuar\u00e1n para proteger a las v\u00edctimas implica infinidad de llamadas telef\u00f3nicas a instancias especializadas que solicitan datos, fechas y nombres de personas para poder \u201cubicar\u201d a quien le corresponde dar seguimiento.<\/p>\n\n\n\n<p>En ese tr\u00e1mite las mujeres en situaci\u00f3n de riesgo, se quedan a la espera de una comunicaci\u00f3n o de una acci\u00f3n que, por peque\u00f1a que sea, les brinde seguridad.<\/p>\n\n\n\n<p>\u201cHemos exigido una y otra vez qu\u00e9 en las instancias, incluyendo las especializadas en atenci\u00f3n a la violencia, identifiquen los niveles de riesgo feminicida y se act\u00fae de inmediato\u201d, recalc\u00f3 Ayala Ortiz.<\/p>\n\n\n\n<p>Consider\u00f3 que el caso de Fany ejemplifica la negligencia de quien recibi\u00f3 la denuncia, de quien supervisa los casos de riesgo de violencia feminicida y de quien ten\u00eda a su cargo la ejecuci\u00f3n de las medidas cautelares, lo que finalmente tuvo como resultado un feminicidio.<\/p>\n\n\n\n<p>&nbsp;\u00bfCu\u00e1ntas v\u00edctimas m\u00e1s de feminicidio dieron la voz de alarma ante las instancias de justicia, sin recibir atenci\u00f3n?, se pregunt\u00f3 la presidenta del Grupo de estudios sobre la mujer Rosario Castellanos.<\/p>\n\n\n\n<p>Dos fiscales en la presente administraci\u00f3n del gobernador Alejandro Murat, Rub\u00e9n Vasconcelos y Arturo Peimbert con discursos triunfalistas, datos estad\u00edsticos que minimizan la violencia feminicida en sus reportes ante el Secretariado Ejecutivo del Sistema Nacional de Seguridad P\u00fablica sin reconocer que el feminicidio sigue siendo una cruel realidad en Oaxaca.<\/p>\n\n\n\n<p>Los cambios culturales requieren acciones de sensibilizaci\u00f3n con autoridades municipales. Durante esta administraci\u00f3n gubernamental se han abierto Instancias Municipales de la Mujer, Centros de Desarrollo de la Mujer, pero lamentablemente sus condiciones son muy limitadas, por lo que requieren ser acompa\u00f1adas por una Secretar\u00eda de las Mujeres con capacidad de incidir con acciones de prevenci\u00f3n, atenci\u00f3n y sanci\u00f3n de la violencia.<\/p>\n\n\n\n<p>Es urgente que se lleve a cabo una evaluaci\u00f3n de las condiciones en que operan \u00e9stas instancias y que la titular de esa Secretar\u00eda, Ana V\u00e1squez Colmenares, rinda un informe detallado sobre las problem\u00e1ticas que enfrentan y c\u00f3mo las han solucionado o no.<\/p>\n\n\n\n<p>Fany fue llamada por la autoridad municipal a petici\u00f3n de su pareja Alexis N., para que hablaran con ella y se \u201cportara bien\u201d, pero lo que recibi\u00f3 fueron amenazas y golpes. Al final fue v\u00edctima de feminicidio.<\/p>\n\n\n\n<p>\u00bfCu\u00e1ntas mujeres ind\u00edgenas han sido v\u00edctimas de la violencia institucional?, \u00bfcu\u00e1ntas de ellas lo \u00fanico que reciben por parte de las autoridades estatales, municipales o locales fue la confirmaci\u00f3n de que su deber es obedecer y callar ante la violencia?<\/p>\n\n\n\n<p>No hay que perder de vista que la uni\u00f3n de una adolescente con un hombre casi diez a\u00f1os mayor que ella es una conducta ampliamente normalizada que se tipifica como el delito que equipara a la violaci\u00f3n y se sanciona de 14 a 20 a\u00f1os de prisi\u00f3n para quien, usando la seducci\u00f3n y el enga\u00f1o, a\u00fan con el \u201cconsentimiento\u201d de la menor, sostenga relaciones sexuales con una persona mayor de 12 a\u00f1os y menor de 18. Fanny fue una madre adolescente.<\/p>\n\n\n\n<p>En un caso reciente acompa\u00f1ado por este Grupo de estudios exigimos a las autoridades que actuaran en un caso similar, sin embargo la Ministerio P\u00fablico argumento que al rescatar a la v\u00edctima adolescente y a su beb\u00e9 que estaban con el agresor, no hab\u00eda m\u00e1s delito que castigar.<\/p>\n\n\n\n<p>En ese caso, si la familia deseaba que se sancionara al agresor deb\u00edan interponer otra denuncia y enfrentarse de nuevo al burocratismo.<\/p>\n\n\n\n<p>\u00bfCu\u00e1ntos casos como \u00e9stos, que no sancionan a los agresores, colocan en el mismo riesgo a otras ni\u00f1as y adolescentes de ser v\u00edctimas del delito de violaci\u00f3n equiparada?<\/p>\n\n\n\n<p>En Oaxaca, el matrimonio infantil est\u00e1 prohibido desde 2013, pero, de acuerdo con cifras del INEGI, cuatro de cada 10 matrimonios involucran a menores de edad. Fany refleja la normalizaci\u00f3n de las uniones tempranas y del embarazo adolescente.<\/p>\n\n\n\n<p>Adem\u00e1s, la posici\u00f3n de desventaja coloca a las adolescentes en riesgo de sufrir violencias. Fanny era v\u00edctima de violencia por parte de su pareja y los abusos eran socialmente conocidos en su entorno, lo que confirma la normalizaci\u00f3n de las uniones tempranas y de las violencias, pero sobre todo de la falta de prevenci\u00f3n, atenci\u00f3n y sanci\u00f3n ante las violaciones a sus derechos humanos que dan como consecuencia la m\u00e1s grave de todas: el feminicidio.&nbsp;<\/p>\n\n\n\n<p>Ante la presi\u00f3n de las organizaciones feministas hoy el fiscal General del Estado de Oaxaca, Arturo Peimbert, declara que el caso de Fanny se investigar\u00e1 bajo el protocolo de feminicidio, sin embargo, es urgente mantener el caso en la mirada p\u00fablica, pues siempre existe el riesgo de que sea reclasificado como homicidio doloso, una pr\u00e1ctica com\u00fan permanentemente denunciada.<\/p>\n\n\n\n<p>A Fanny le arrebataron su derecho a una vida libre de violencias, a estudiar, a crecer y a tener oportunidades de desarrollo; fue v\u00edctima de feminicidio y ahora su familia tendr\u00e1 que recorrer el largo camino para demandar justicia.<\/p>\n\n\n\n<p>Como Grupo de estudios sobre la mujer Rosario Castellanos nos sumamos a todas las organizaciones y colectivas feministas en la exigencia de justicia para Fany, para las 561 ni\u00f1as y mujeres que como ella, han sido v\u00edctimas de una violencia feminicida que nos indigna y nos hace mantener la exigencia de cambios profundos en la prevenci\u00f3n, atenci\u00f3n y sanci\u00f3n a la violencia que enfrentan las ni\u00f1as y mujeres oaxaque\u00f1as.&nbsp;&nbsp;<\/p>\n","protected":false},"excerpt":{"rendered":"<p>Mi\u00e9rcoles 29 de Septiembre de 2021 El indignante caso de Fanny, adolescente de 16 a\u00f1os, ind\u00edgena mixe v\u00edctima de feminicidio en San Juan Cotzoc\u00f3n y madre de una beb\u00e9 de seis meses, evidencia la suma de negligencias, omisiones y vulnerabilidades que como consecuencia derivan en a falta de resultados ante la violencia feminicida que en [&hellip;]<\/p>\n","protected":false},"author":4,"featured_media":23828,"comment_status":"closed","ping_status":"open","sticky":false,"template":"","format":"standard","meta":{"give_campaign_id":0,"footnotes":""},"categories":[36,3],"tags":[60,75,58,77,80,67],"class_list":["post-23824","post","type-post","status-publish","format-standard","has-post-thumbnail","hentry","category-comunicados","category-portada","tag-derechos-mujeres","tag-feminicidios","tag-gesmujer","tag-mujeres-indigenas","tag-oaxaca","tag-violencia"],"yoast_head":"<!-- This site is optimized with the Yoast SEO plugin v27.4 - https:\/\/yoast.com\/product\/yoast-seo-wordpress\/ -->\n<title>Feminicidio de Fanny, una suma de negligencias - GESMujer &quot;Rosario Castellanos&quot;<\/title>\n<meta name=\"robots\" content=\"index, follow, max-snippet:-1, max-image-preview:large, max-video-preview:-1\" \/>\n<link rel=\"canonical\" href=\"https:\/\/www.gesmujer.org\/sitio\/miercoles-29-de-septiembre-de-2021\/\" \/>\n<meta property=\"og:locale\" content=\"es_MX\" \/>\n<meta property=\"og:type\" content=\"article\" \/>\n<meta property=\"og:title\" content=\"Feminicidio de Fanny, una suma de negligencias\" \/>\n<meta property=\"og:description\" content=\"El indignante caso de Fanny, adolescente de 16 a\u00f1os, ind\u00edgena mixe v\u00edctima de feminicidio en San Juan Cotzoc\u00f3n y madre de una beb\u00e9 de seis meses, evidencia la suma de negligencias, omisiones y vulnerabilidades que como consecuencia derivan en a falta de resultados ante la violencia feminicida que en Oaxaca cobr\u00f3 la vida de 561 ni\u00f1as y mujeres en casi cinco a\u00f1os de la administraci\u00f3n del gobernador \u00a0Alejandro Murat.\" \/>\n<meta property=\"og:url\" content=\"https:\/\/www.gesmujer.org\/sitio\/miercoles-29-de-septiembre-de-2021\/\" \/>\n<meta property=\"og:site_name\" content=\"GESMujer &quot;Rosario Castellanos&quot;\" \/>\n<meta property=\"article:publisher\" content=\"https:\/\/www.facebook.com\/gesmujer.rosario.castellanos.ac\" \/>\n<meta property=\"article:published_time\" content=\"2021-09-29T19:27:55+00:00\" \/>\n<meta property=\"article:modified_time\" content=\"2021-09-29T19:41:11+00:00\" \/>\n<meta property=\"og:image\" content=\"https:\/\/www.gesmujer.org\/sitio\/wp-content\/uploads\/2021\/09\/WhatsApp-Image-2021-09-29-at-2.00.59-PM.jpeg\" \/>\n\t<meta property=\"og:image:width\" content=\"800\" \/>\n\t<meta property=\"og:image:height\" content=\"800\" \/>\n\t<meta property=\"og:image:type\" content=\"image\/jpeg\" \/>\n<meta name=\"author\" content=\"cendoc\" \/>\n<meta name=\"twitter:card\" content=\"summary_large_image\" \/>\n<meta name=\"twitter:title\" content=\"Feminicidio de Fanny, una suma de negligencias\" \/>\n<meta name=\"twitter:description\" content=\"El indignante caso de Fanny, adolescente de 16 a\u00f1os, ind\u00edgena mixe v\u00edctima de feminicidio en San Juan Cotzoc\u00f3n y madre de una beb\u00e9 de seis meses, evidencia la suma de negligencias, omisiones y vulnerabilidades que como consecuencia derivan en a falta de resultados ante la violencia feminicida que en Oaxaca cobr\u00f3 la vida de 561 ni\u00f1as y mujeres en casi cinco a\u00f1os de la administraci\u00f3n del gobernador \u00a0Alejandro Murat.\" \/>\n<meta name=\"twitter:image\" content=\"https:\/\/www.gesmujer.org\/sitio\/wp-content\/uploads\/2021\/09\/WhatsApp-Image-2021-09-29-at-2.00.59-PM.jpeg\" \/>\n<meta name=\"twitter:creator\" content=\"@GES_Mujer\" \/>\n<meta name=\"twitter:site\" content=\"@GES_Mujer\" \/>\n<meta name=\"twitter:label1\" content=\"Escrito por\" \/>\n\t<meta name=\"twitter:data1\" content=\"cendoc\" \/>\n\t<meta name=\"twitter:label2\" content=\"Tiempo de lectura\" \/>\n\t<meta name=\"twitter:data2\" content=\"5 minutos\" \/>\n<script type=\"application\/ld+json\" class=\"yoast-schema-graph\">{\"@context\":\"https:\\\/\\\/schema.org\",\"@graph\":[{\"@type\":\"Article\",\"@id\":\"https:\\\/\\\/www.gesmujer.org\\\/sitio\\\/miercoles-29-de-septiembre-de-2021\\\/#article\",\"isPartOf\":{\"@id\":\"https:\\\/\\\/www.gesmujer.org\\\/sitio\\\/miercoles-29-de-septiembre-de-2021\\\/\"},\"author\":{\"name\":\"cendoc\",\"@id\":\"https:\\\/\\\/www.gesmujer.org\\\/sitio\\\/#\\\/schema\\\/person\\\/50e03387f883646c2714c51783a7e288\"},\"headline\":\"Feminicidio de Fanny, una suma de negligencias\",\"datePublished\":\"2021-09-29T19:27:55+00:00\",\"dateModified\":\"2021-09-29T19:41:11+00:00\",\"mainEntityOfPage\":{\"@id\":\"https:\\\/\\\/www.gesmujer.org\\\/sitio\\\/miercoles-29-de-septiembre-de-2021\\\/\"},\"wordCount\":1244,\"publisher\":{\"@id\":\"https:\\\/\\\/www.gesmujer.org\\\/sitio\\\/#organization\"},\"image\":{\"@id\":\"https:\\\/\\\/www.gesmujer.org\\\/sitio\\\/miercoles-29-de-septiembre-de-2021\\\/#primaryimage\"},\"thumbnailUrl\":\"https:\\\/\\\/www.gesmujer.org\\\/sitio\\\/wp-content\\\/uploads\\\/2021\\\/09\\\/WhatsApp-Image-2021-09-29-at-2.00.59-PM.jpeg\",\"keywords\":[\"Derechos Mujeres\",\"Feminicidios\",\"GESMujer\",\"Mujeres Ind\u00edgenas\",\"Oaxaca\",\"Violencia\"],\"articleSection\":[\"COMUNICADOS\",\"portada\"],\"inLanguage\":\"es\"},{\"@type\":\"WebPage\",\"@id\":\"https:\\\/\\\/www.gesmujer.org\\\/sitio\\\/miercoles-29-de-septiembre-de-2021\\\/\",\"url\":\"https:\\\/\\\/www.gesmujer.org\\\/sitio\\\/miercoles-29-de-septiembre-de-2021\\\/\",\"name\":\"Feminicidio de Fanny, una suma de negligencias - GESMujer &quot;Rosario Castellanos&quot;\",\"isPartOf\":{\"@id\":\"https:\\\/\\\/www.gesmujer.org\\\/sitio\\\/#website\"},\"primaryImageOfPage\":{\"@id\":\"https:\\\/\\\/www.gesmujer.org\\\/sitio\\\/miercoles-29-de-septiembre-de-2021\\\/#primaryimage\"},\"image\":{\"@id\":\"https:\\\/\\\/www.gesmujer.org\\\/sitio\\\/miercoles-29-de-septiembre-de-2021\\\/#primaryimage\"},\"thumbnailUrl\":\"https:\\\/\\\/www.gesmujer.org\\\/sitio\\\/wp-content\\\/uploads\\\/2021\\\/09\\\/WhatsApp-Image-2021-09-29-at-2.00.59-PM.jpeg\",\"datePublished\":\"2021-09-29T19:27:55+00:00\",\"dateModified\":\"2021-09-29T19:41:11+00:00\",\"breadcrumb\":{\"@id\":\"https:\\\/\\\/www.gesmujer.org\\\/sitio\\\/miercoles-29-de-septiembre-de-2021\\\/#breadcrumb\"},\"inLanguage\":\"es\",\"potentialAction\":[{\"@type\":\"ReadAction\",\"target\":[\"https:\\\/\\\/www.gesmujer.org\\\/sitio\\\/miercoles-29-de-septiembre-de-2021\\\/\"]}]},{\"@type\":\"ImageObject\",\"inLanguage\":\"es\",\"@id\":\"https:\\\/\\\/www.gesmujer.org\\\/sitio\\\/miercoles-29-de-septiembre-de-2021\\\/#primaryimage\",\"url\":\"https:\\\/\\\/www.gesmujer.org\\\/sitio\\\/wp-content\\\/uploads\\\/2021\\\/09\\\/WhatsApp-Image-2021-09-29-at-2.00.59-PM.jpeg\",\"contentUrl\":\"https:\\\/\\\/www.gesmujer.org\\\/sitio\\\/wp-content\\\/uploads\\\/2021\\\/09\\\/WhatsApp-Image-2021-09-29-at-2.00.59-PM.jpeg\",\"width\":800,\"height\":800},{\"@type\":\"BreadcrumbList\",\"@id\":\"https:\\\/\\\/www.gesmujer.org\\\/sitio\\\/miercoles-29-de-septiembre-de-2021\\\/#breadcrumb\",\"itemListElement\":[{\"@type\":\"ListItem\",\"position\":1,\"name\":\"Home\",\"item\":\"https:\\\/\\\/www.gesmujer.org\\\/sitio\\\/\"},{\"@type\":\"ListItem\",\"position\":2,\"name\":\"Feminicidio de Fanny, una suma de negligencias\"}]},{\"@type\":\"WebSite\",\"@id\":\"https:\\\/\\\/www.gesmujer.org\\\/sitio\\\/#website\",\"url\":\"https:\\\/\\\/www.gesmujer.org\\\/sitio\\\/\",\"name\":\"GESMujer \\\"Rosario Castellanos\\\"\",\"description\":\"M\u00e1s de 45 a\u00f1os ha llevado a cabo acciones para erradicar la violencia de g\u00e9nero y construir entornos donde las mujeres encuentren su resiliencia, incrementen su agencia y autonom\u00eda que les permita lograr su empoderamiento a trav\u00e9s de cinco l\u00edneas de acci\u00f3n.\",\"publisher\":{\"@id\":\"https:\\\/\\\/www.gesmujer.org\\\/sitio\\\/#organization\"},\"alternateName\":\"GESMujer\",\"potentialAction\":[{\"@type\":\"SearchAction\",\"target\":{\"@type\":\"EntryPoint\",\"urlTemplate\":\"https:\\\/\\\/www.gesmujer.org\\\/sitio\\\/?s={search_term_string}\"},\"query-input\":{\"@type\":\"PropertyValueSpecification\",\"valueRequired\":true,\"valueName\":\"search_term_string\"}}],\"inLanguage\":\"es\"},{\"@type\":\"Organization\",\"@id\":\"https:\\\/\\\/www.gesmujer.org\\\/sitio\\\/#organization\",\"name\":\"Grupo de estudios sobre la mujer Rosario Castellanos ac\",\"alternateName\":\"GESMujer\",\"url\":\"https:\\\/\\\/www.gesmujer.org\\\/sitio\\\/\",\"logo\":{\"@type\":\"ImageObject\",\"inLanguage\":\"es\",\"@id\":\"https:\\\/\\\/www.gesmujer.org\\\/sitio\\\/#\\\/schema\\\/logo\\\/image\\\/\",\"url\":\"https:\\\/\\\/www.gesmujer.org\\\/sitio\\\/wp-content\\\/uploads\\\/2026\\\/03\\\/Logo-GESMujer-300.png\",\"contentUrl\":\"https:\\\/\\\/www.gesmujer.org\\\/sitio\\\/wp-content\\\/uploads\\\/2026\\\/03\\\/Logo-GESMujer-300.png\",\"width\":300,\"height\":141,\"caption\":\"Grupo de estudios sobre la mujer Rosario Castellanos ac\"},\"image\":{\"@id\":\"https:\\\/\\\/www.gesmujer.org\\\/sitio\\\/#\\\/schema\\\/logo\\\/image\\\/\"},\"sameAs\":[\"https:\\\/\\\/www.facebook.com\\\/gesmujer.rosario.castellanos.ac\",\"https:\\\/\\\/x.com\\\/GES_Mujer\",\"https:\\\/\\\/www.instagram.com\\\/ges_mujer\\\/?hl=es\",\"https:\\\/\\\/www.youtube.com\\\/c\\\/GESMujerRosarioCastellanos\\\/videos\",\"https:\\\/\\\/soundcloud.com\\\/gesmujerac\",\"https:\\\/\\\/www.tiktok.com\\\/@gesmujer\"]},{\"@type\":\"Person\",\"@id\":\"https:\\\/\\\/www.gesmujer.org\\\/sitio\\\/#\\\/schema\\\/person\\\/50e03387f883646c2714c51783a7e288\",\"name\":\"cendoc\",\"image\":{\"@type\":\"ImageObject\",\"inLanguage\":\"es\",\"@id\":\"https:\\\/\\\/secure.gravatar.com\\\/avatar\\\/2f187338ccb33c33bc1b08e92e2247a6891db221398e12bbc0f5ff0cfc462495?s=96&d=mm&r=g\",\"url\":\"https:\\\/\\\/secure.gravatar.com\\\/avatar\\\/2f187338ccb33c33bc1b08e92e2247a6891db221398e12bbc0f5ff0cfc462495?s=96&d=mm&r=g\",\"contentUrl\":\"https:\\\/\\\/secure.gravatar.com\\\/avatar\\\/2f187338ccb33c33bc1b08e92e2247a6891db221398e12bbc0f5ff0cfc462495?s=96&d=mm&r=g\",\"caption\":\"cendoc\"},\"sameAs\":[\"http:\\\/\\\/gesmujer.org\"],\"url\":\"https:\\\/\\\/www.gesmujer.org\\\/sitio\\\/author\\\/cendoc\\\/\"}]}<\/script>\n<!-- \/ Yoast SEO plugin. -->","yoast_head_json":{"title":"Feminicidio de Fanny, una suma de negligencias - GESMujer &quot;Rosario Castellanos&quot;","robots":{"index":"index","follow":"follow","max-snippet":"max-snippet:-1","max-image-preview":"max-image-preview:large","max-video-preview":"max-video-preview:-1"},"canonical":"https:\/\/www.gesmujer.org\/sitio\/miercoles-29-de-septiembre-de-2021\/","og_locale":"es_MX","og_type":"article","og_title":"Feminicidio de Fanny, una suma de negligencias","og_description":"El indignante caso de Fanny, adolescente de 16 a\u00f1os, ind\u00edgena mixe v\u00edctima de feminicidio en San Juan Cotzoc\u00f3n y madre de una beb\u00e9 de seis meses, evidencia la suma de negligencias, omisiones y vulnerabilidades que como consecuencia derivan en a falta de resultados ante la violencia feminicida que en Oaxaca cobr\u00f3 la vida de 561 ni\u00f1as y mujeres en casi cinco a\u00f1os de la administraci\u00f3n del gobernador \u00a0Alejandro Murat.","og_url":"https:\/\/www.gesmujer.org\/sitio\/miercoles-29-de-septiembre-de-2021\/","og_site_name":"GESMujer &quot;Rosario Castellanos&quot;","article_publisher":"https:\/\/www.facebook.com\/gesmujer.rosario.castellanos.ac","article_published_time":"2021-09-29T19:27:55+00:00","article_modified_time":"2021-09-29T19:41:11+00:00","og_image":[{"width":800,"height":800,"url":"https:\/\/www.gesmujer.org\/sitio\/wp-content\/uploads\/2021\/09\/WhatsApp-Image-2021-09-29-at-2.00.59-PM.jpeg","type":"image\/jpeg"}],"author":"cendoc","twitter_card":"summary_large_image","twitter_title":"Feminicidio de Fanny, una suma de negligencias","twitter_description":"El indignante caso de Fanny, adolescente de 16 a\u00f1os, ind\u00edgena mixe v\u00edctima de feminicidio en San Juan Cotzoc\u00f3n y madre de una beb\u00e9 de seis meses, evidencia la suma de negligencias, omisiones y vulnerabilidades que como consecuencia derivan en a falta de resultados ante la violencia feminicida que en Oaxaca cobr\u00f3 la vida de 561 ni\u00f1as y mujeres en casi cinco a\u00f1os de la administraci\u00f3n del gobernador \u00a0Alejandro Murat.","twitter_image":"https:\/\/www.gesmujer.org\/sitio\/wp-content\/uploads\/2021\/09\/WhatsApp-Image-2021-09-29-at-2.00.59-PM.jpeg","twitter_creator":"@GES_Mujer","twitter_site":"@GES_Mujer","twitter_misc":{"Escrito por":"cendoc","Tiempo de lectura":"5 minutos"},"schema":{"@context":"https:\/\/schema.org","@graph":[{"@type":"Article","@id":"https:\/\/www.gesmujer.org\/sitio\/miercoles-29-de-septiembre-de-2021\/#article","isPartOf":{"@id":"https:\/\/www.gesmujer.org\/sitio\/miercoles-29-de-septiembre-de-2021\/"},"author":{"name":"cendoc","@id":"https:\/\/www.gesmujer.org\/sitio\/#\/schema\/person\/50e03387f883646c2714c51783a7e288"},"headline":"Feminicidio de Fanny, una suma de negligencias","datePublished":"2021-09-29T19:27:55+00:00","dateModified":"2021-09-29T19:41:11+00:00","mainEntityOfPage":{"@id":"https:\/\/www.gesmujer.org\/sitio\/miercoles-29-de-septiembre-de-2021\/"},"wordCount":1244,"publisher":{"@id":"https:\/\/www.gesmujer.org\/sitio\/#organization"},"image":{"@id":"https:\/\/www.gesmujer.org\/sitio\/miercoles-29-de-septiembre-de-2021\/#primaryimage"},"thumbnailUrl":"https:\/\/www.gesmujer.org\/sitio\/wp-content\/uploads\/2021\/09\/WhatsApp-Image-2021-09-29-at-2.00.59-PM.jpeg","keywords":["Derechos Mujeres","Feminicidios","GESMujer","Mujeres Ind\u00edgenas","Oaxaca","Violencia"],"articleSection":["COMUNICADOS","portada"],"inLanguage":"es"},{"@type":"WebPage","@id":"https:\/\/www.gesmujer.org\/sitio\/miercoles-29-de-septiembre-de-2021\/","url":"https:\/\/www.gesmujer.org\/sitio\/miercoles-29-de-septiembre-de-2021\/","name":"Feminicidio de Fanny, una suma de negligencias - GESMujer &quot;Rosario Castellanos&quot;","isPartOf":{"@id":"https:\/\/www.gesmujer.org\/sitio\/#website"},"primaryImageOfPage":{"@id":"https:\/\/www.gesmujer.org\/sitio\/miercoles-29-de-septiembre-de-2021\/#primaryimage"},"image":{"@id":"https:\/\/www.gesmujer.org\/sitio\/miercoles-29-de-septiembre-de-2021\/#primaryimage"},"thumbnailUrl":"https:\/\/www.gesmujer.org\/sitio\/wp-content\/uploads\/2021\/09\/WhatsApp-Image-2021-09-29-at-2.00.59-PM.jpeg","datePublished":"2021-09-29T19:27:55+00:00","dateModified":"2021-09-29T19:41:11+00:00","breadcrumb":{"@id":"https:\/\/www.gesmujer.org\/sitio\/miercoles-29-de-septiembre-de-2021\/#breadcrumb"},"inLanguage":"es","potentialAction":[{"@type":"ReadAction","target":["https:\/\/www.gesmujer.org\/sitio\/miercoles-29-de-septiembre-de-2021\/"]}]},{"@type":"ImageObject","inLanguage":"es","@id":"https:\/\/www.gesmujer.org\/sitio\/miercoles-29-de-septiembre-de-2021\/#primaryimage","url":"https:\/\/www.gesmujer.org\/sitio\/wp-content\/uploads\/2021\/09\/WhatsApp-Image-2021-09-29-at-2.00.59-PM.jpeg","contentUrl":"https:\/\/www.gesmujer.org\/sitio\/wp-content\/uploads\/2021\/09\/WhatsApp-Image-2021-09-29-at-2.00.59-PM.jpeg","width":800,"height":800},{"@type":"BreadcrumbList","@id":"https:\/\/www.gesmujer.org\/sitio\/miercoles-29-de-septiembre-de-2021\/#breadcrumb","itemListElement":[{"@type":"ListItem","position":1,"name":"Home","item":"https:\/\/www.gesmujer.org\/sitio\/"},{"@type":"ListItem","position":2,"name":"Feminicidio de Fanny, una suma de negligencias"}]},{"@type":"WebSite","@id":"https:\/\/www.gesmujer.org\/sitio\/#website","url":"https:\/\/www.gesmujer.org\/sitio\/","name":"GESMujer \"Rosario Castellanos\"","description":"M\u00e1s de 45 a\u00f1os ha llevado a cabo acciones para erradicar la violencia de g\u00e9nero y construir entornos donde las mujeres encuentren su resiliencia, incrementen su agencia y autonom\u00eda que les permita lograr su empoderamiento a trav\u00e9s de cinco l\u00edneas de acci\u00f3n.","publisher":{"@id":"https:\/\/www.gesmujer.org\/sitio\/#organization"},"alternateName":"GESMujer","potentialAction":[{"@type":"SearchAction","target":{"@type":"EntryPoint","urlTemplate":"https:\/\/www.gesmujer.org\/sitio\/?s={search_term_string}"},"query-input":{"@type":"PropertyValueSpecification","valueRequired":true,"valueName":"search_term_string"}}],"inLanguage":"es"},{"@type":"Organization","@id":"https:\/\/www.gesmujer.org\/sitio\/#organization","name":"Grupo de estudios sobre la mujer Rosario Castellanos ac","alternateName":"GESMujer","url":"https:\/\/www.gesmujer.org\/sitio\/","logo":{"@type":"ImageObject","inLanguage":"es","@id":"https:\/\/www.gesmujer.org\/sitio\/#\/schema\/logo\/image\/","url":"https:\/\/www.gesmujer.org\/sitio\/wp-content\/uploads\/2026\/03\/Logo-GESMujer-300.png","contentUrl":"https:\/\/www.gesmujer.org\/sitio\/wp-content\/uploads\/2026\/03\/Logo-GESMujer-300.png","width":300,"height":141,"caption":"Grupo de estudios sobre la mujer Rosario Castellanos ac"},"image":{"@id":"https:\/\/www.gesmujer.org\/sitio\/#\/schema\/logo\/image\/"},"sameAs":["https:\/\/www.facebook.com\/gesmujer.rosario.castellanos.ac","https:\/\/x.com\/GES_Mujer","https:\/\/www.instagram.com\/ges_mujer\/?hl=es","https:\/\/www.youtube.com\/c\/GESMujerRosarioCastellanos\/videos","https:\/\/soundcloud.com\/gesmujerac","https:\/\/www.tiktok.com\/@gesmujer"]},{"@type":"Person","@id":"https:\/\/www.gesmujer.org\/sitio\/#\/schema\/person\/50e03387f883646c2714c51783a7e288","name":"cendoc","image":{"@type":"ImageObject","inLanguage":"es","@id":"https:\/\/secure.gravatar.com\/avatar\/2f187338ccb33c33bc1b08e92e2247a6891db221398e12bbc0f5ff0cfc462495?s=96&d=mm&r=g","url":"https:\/\/secure.gravatar.com\/avatar\/2f187338ccb33c33bc1b08e92e2247a6891db221398e12bbc0f5ff0cfc462495?s=96&d=mm&r=g","contentUrl":"https:\/\/secure.gravatar.com\/avatar\/2f187338ccb33c33bc1b08e92e2247a6891db221398e12bbc0f5ff0cfc462495?s=96&d=mm&r=g","caption":"cendoc"},"sameAs":["http:\/\/gesmujer.org"],"url":"https:\/\/www.gesmujer.org\/sitio\/author\/cendoc\/"}]}},"_links":{"self":[{"href":"https:\/\/www.gesmujer.org\/sitio\/wp-json\/wp\/v2\/posts\/23824","targetHints":{"allow":["GET"]}}],"collection":[{"href":"https:\/\/www.gesmujer.org\/sitio\/wp-json\/wp\/v2\/posts"}],"about":[{"href":"https:\/\/www.gesmujer.org\/sitio\/wp-json\/wp\/v2\/types\/post"}],"author":[{"embeddable":true,"href":"https:\/\/www.gesmujer.org\/sitio\/wp-json\/wp\/v2\/users\/4"}],"replies":[{"embeddable":true,"href":"https:\/\/www.gesmujer.org\/sitio\/wp-json\/wp\/v2\/comments?post=23824"}],"version-history":[{"count":3,"href":"https:\/\/www.gesmujer.org\/sitio\/wp-json\/wp\/v2\/posts\/23824\/revisions"}],"predecessor-version":[{"id":23835,"href":"https:\/\/www.gesmujer.org\/sitio\/wp-json\/wp\/v2\/posts\/23824\/revisions\/23835"}],"wp:featuredmedia":[{"embeddable":true,"href":"https:\/\/www.gesmujer.org\/sitio\/wp-json\/wp\/v2\/media\/23828"}],"wp:attachment":[{"href":"https:\/\/www.gesmujer.org\/sitio\/wp-json\/wp\/v2\/media?parent=23824"}],"wp:term":[{"taxonomy":"category","embeddable":true,"href":"https:\/\/www.gesmujer.org\/sitio\/wp-json\/wp\/v2\/categories?post=23824"},{"taxonomy":"post_tag","embeddable":true,"href":"https:\/\/www.gesmujer.org\/sitio\/wp-json\/wp\/v2\/tags?post=23824"}],"curies":[{"name":"wp","href":"https:\/\/api.w.org\/{rel}","templated":true}]}}