{"id":24020,"date":"2021-11-06T09:34:55","date_gmt":"2021-11-06T15:34:55","guid":{"rendered":"https:\/\/www.gesmujer.org\/sitio\/?p=24020"},"modified":"2021-11-09T17:50:20","modified_gmt":"2021-11-09T23:50:20","slug":"jovenes-organizadas-de-juchitan-recuerdan-a-victimas-de-feminicidio-y-violencia-en-el-istmo-de-oaxaca","status":"publish","type":"post","link":"https:\/\/www.gesmujer.org\/sitio\/?p=24020","title":{"rendered":"J\u00f3venes organizadas de Juchit\u00e1n recuerdan a v\u00edctimas de feminicidio y violencia en el Istmo de Oaxaca"},"content":{"rendered":"\n<p><strong>Roselia Chaca, Jueves<\/strong> <strong>4 de Noviembrede 2021, El Universal.- <\/strong>La noche del 3 de noviembre, un grupo de j\u00f3venes mujeres organizadas de Juchit\u00e1n se concentraron frente al monumento A la Mujer Juchiteca para recordar a las&nbsp;<strong>v\u00edctimas de feminicidio y la violencia<\/strong>&nbsp;en la regi\u00f3n del<strong>&nbsp;Istmo de Tehuantepec<\/strong>.<\/p>\n\n\n\n<p>Las j\u00f3venes denominaron a la actividad conmemorativa<strong>&nbsp;\u201cD\u00eda de Muertas\u201d&nbsp;<\/strong>en donde crearon un peque\u00f1o altar al pie de la escultura \u201cLa Mujer de las Iguanas\u201d colocando veladoras, cruces y flores para rendir tributo a las v\u00edctimas. Las organizadoras informaron que la actividad&nbsp; tiene como objetivo alzar la voz en contra de las violencias que viven&nbsp; las mujeres y en espec\u00edfico la violencia feminicida en la regi\u00f3n.<\/p>\n\n\n\n<p>Tambi\u00e9n recordaron la preocupante situaci\u00f3n que atraviesa el territorio istme\u00f1o en materia de seguridad, ya que el Istmo de Tehuantepec se mantiene como la regi\u00f3n m\u00e1s peligrosa para las mujeres por el n\u00famero de feminicidios que se han registrado en este 2021, seg\u00fan el monitoreo del Centro de Documentaci\u00f3n del Grupo de estudios sobre la mujer \u201cRosario Castellanos\u201d(GESMujer).<\/p>\n\n\n\n<p>Las estad\u00edsticas de GESMujer, indican que de los<strong>&nbsp;72 asesinatos violentos&nbsp;<\/strong>que se han documentado en este 2021 mediante notas period\u00edsticas, 22 han ocurrido en el Istmo de Tehuantepec, regi\u00f3n que se mantiene como la m\u00e1s violenta e insegura para las mujeres.<\/p>\n\n\n\n<p>En lo que va de la&nbsp; actual administraci\u00f3n, del 1 de diciembre de 2016 al 18 de octubre del 2021, se han registrado 567 casos de mujeres asesinadas, de los cuales, 124 est\u00e1n concentrados en el Istmo de Tehuantepec; le sigue Valles Centrales con 123 casos, en tercer lugar aparece la Costa con 90 asesinatos, la regi\u00f3n del Papaloapan con 84 y la Mixteca con 68 casos.<\/p>\n\n\n\n<p>Desde que comenz\u00f3 el a\u00f1o se han registrado varias movilizaciones en la regi\u00f3n del Istmo de Tehuantepec para exigir justicia por mujeres v\u00edctimas de asesinatos, como la que se realiz\u00f3 en marzo por parte de la comunidad de Nizabigana, agencia de Santa Mar\u00eda Guienagati en la Sierra Mixe-Zapoteca, para exigir el esclarecimiento del asesinato de Mary Cruz, cuyo cuerpo fue localizado el 14 de marzo en el paraje conocido como Paso Lim\u00f3n.<\/p>\n\n\n\n<p>En el mes de junio tambi\u00e9n se manifestaron en la poblaci\u00f3n de Lagunas, agencia del municipio de El Barrio de La Soledad, para exigir justicia para Viridiana Mart\u00ednez, quien fue asesinada el lunes 7 de junio mientras se dirig\u00eda a su trabajo en la cementera Cruz Azul. Dos d\u00edas antes, en el puerto de Salina Cruz, tambi\u00e9n se llev\u00f3 a cabo otra marcha para exigir justicia por el feminicidio de Abigail, de 19 a\u00f1os.<\/p>\n\n\n\n<p>Fuente: https:\/\/oaxaca.eluniversal.com.mx\/municipios\/jovenes-organizadas-de-juchitan-recuerdan-victimas-de-feminicidio-y-violencia-en-el-istmo<\/p>\n","protected":false},"excerpt":{"rendered":"<p>Roselia Chaca, Jueves 4 de Noviembrede 2021, El Universal.- La noche del 3 de noviembre, un grupo de j\u00f3venes mujeres organizadas de Juchit\u00e1n se concentraron frente al monumento A la Mujer Juchiteca para recordar a las&nbsp;v\u00edctimas de feminicidio y la violencia&nbsp;en la regi\u00f3n del&nbsp;Istmo de Tehuantepec. Las j\u00f3venes denominaron a la actividad conmemorativa&nbsp;\u201cD\u00eda de Muertas\u201d&nbsp;en [&hellip;]<\/p>\n","protected":false},"author":4,"featured_media":24022,"comment_status":"closed","ping_status":"open","sticky":false,"template":"","format":"standard","meta":{"footnotes":""},"categories":[568,32,3],"tags":[60,75,58,77,67],"class_list":["post-24020","post","type-post","status-publish","format-standard","has-post-thumbnail","hentry","category-monitoreo","category-novedades","category-portada","tag-derechos-mujeres","tag-feminicidios","tag-gesmujer","tag-mujeres-indigenas","tag-violencia"],"_links":{"self":[{"href":"https:\/\/www.gesmujer.org\/sitio\/index.php?rest_route=\/wp\/v2\/posts\/24020","targetHints":{"allow":["GET"]}}],"collection":[{"href":"https:\/\/www.gesmujer.org\/sitio\/index.php?rest_route=\/wp\/v2\/posts"}],"about":[{"href":"https:\/\/www.gesmujer.org\/sitio\/index.php?rest_route=\/wp\/v2\/types\/post"}],"author":[{"embeddable":true,"href":"https:\/\/www.gesmujer.org\/sitio\/index.php?rest_route=\/wp\/v2\/users\/4"}],"replies":[{"embeddable":true,"href":"https:\/\/www.gesmujer.org\/sitio\/index.php?rest_route=%2Fwp%2Fv2%2Fcomments&post=24020"}],"version-history":[{"count":2,"href":"https:\/\/www.gesmujer.org\/sitio\/index.php?rest_route=\/wp\/v2\/posts\/24020\/revisions"}],"predecessor-version":[{"id":24062,"href":"https:\/\/www.gesmujer.org\/sitio\/index.php?rest_route=\/wp\/v2\/posts\/24020\/revisions\/24062"}],"wp:featuredmedia":[{"embeddable":true,"href":"https:\/\/www.gesmujer.org\/sitio\/index.php?rest_route=\/wp\/v2\/media\/24022"}],"wp:attachment":[{"href":"https:\/\/www.gesmujer.org\/sitio\/index.php?rest_route=%2Fwp%2Fv2%2Fmedia&parent=24020"}],"wp:term":[{"taxonomy":"category","embeddable":true,"href":"https:\/\/www.gesmujer.org\/sitio\/index.php?rest_route=%2Fwp%2Fv2%2Fcategories&post=24020"},{"taxonomy":"post_tag","embeddable":true,"href":"https:\/\/www.gesmujer.org\/sitio\/index.php?rest_route=%2Fwp%2Fv2%2Ftags&post=24020"}],"curies":[{"name":"wp","href":"https:\/\/api.w.org\/{rel}","templated":true}]}}