{"id":24080,"date":"2021-11-12T16:00:05","date_gmt":"2021-11-12T22:00:05","guid":{"rendered":"https:\/\/www.gesmujer.org\/sitio\/?p=24080"},"modified":"2021-11-12T16:00:08","modified_gmt":"2021-11-12T22:00:08","slug":"este-lunes-y-martes-proyecciones-en-gesmujer-del-festival-el-lugar-que-habitamos","status":"publish","type":"post","link":"https:\/\/www.gesmujer.org\/sitio\/?p=24080","title":{"rendered":"Este lunes y martes, proyecciones en GESMujer del Festival El lugar que habitamos"},"content":{"rendered":"\n<p><strong>Viernes 12 de Noviembre de 2021<\/strong><\/p>\n\n\n\n<ul class=\"wp-block-list\"><li><strong>Es una iniciativa de radio y cine comunitario que impulsa Ojo de Agua<\/strong><\/li><\/ul>\n\n\n\n<p>Este lunes 15 y martes 16 a partir de las 16:00 horas en la sede del Grupo de estudios sobre la mujer Rosario Castellanos se proyectar\u00e1n seis cortos que son parte de los materiales audiovisutales del Festival de radio y cine comunitario El lugar que habitamos, impulsada por Ojo de Agua Comunicaci\u00f3n, adem\u00e1s de que se abrir\u00e1 un espacio de di\u00e1logo con las y los realizadores.<\/p>\n\n\n\n<p>El primero de dos d\u00edas de actividades presenciales arrancar\u00e1 con la proyecci\u00f3n de \u201cFlor de la Monta\u00f1a\u201d, historia donde la asociada de nuestro Grupo de estudios y regidora de ecolog\u00eda del municipio de San Juan Quiahije, en el distrito de Juquila, Maricela Zurita Cruz, narra c\u00f3mo reivindica la vida comunitaria, el medio ambiente y los derechos humanos de las mujeres. Asistir\u00e1 su director, Yovegami Ascona Mora.<\/p>\n\n\n\n<p>Despu\u00e9s se proyectar\u00e1 el documental animado \u201cTejedora de destinos\u201d, el cual cuenta la historia de una mujer artesana zapoteca que enfrenta un matrimonio forzado, la p\u00e9rdida de su esposo e hijo, as\u00ed como otras dif\u00edciles condiciones que tuvo que enfrentar para salir adelante al lado de sus hijas, convirti\u00e9ndose en tejedora de su propio destino. La directora, Yerid L\u00f3pez Barrera, estar\u00e1 tambi\u00e9n presente.<\/p>\n\n\n\n<p>Sin hombres ni patrones es la historia de Do\u00f1a Gloria y sus hijas, tres mujeres oaxaque\u00f1as quienes todos los d\u00edas se dedican a elaborar tortillas, memelas, atoles y otros alimentos. A lo largo de las im\u00e1genes y entre risas y dolores, cuentan sobre su trabajo, pero tambi\u00e9n de sus luchas para vivir dignamente, sin hombres ni patrones, ya que abren la puerta de su casa. Se contar\u00e1 tambi\u00e9n con la presencia de la directora Eugenie Tailhandier.<\/p>\n\n\n\n<p>Para el martes 16 a las 16:00 horas las proyecciones iniciar\u00e1n con \u201cLola, Agrarista Indomable\u201d que se basa en la historia de Dolores Campos Ponce (1878-1945), quien naci\u00f3 en el municipio de Iz\u00facar de Matamoros, Puebla.<\/p>\n\n\n\n<p>En este trabajo se muestra la vida de una hero\u00edna que no le temi\u00f3 a su tiempo, que cambi\u00f3 el rostro de la lucha agraria en una regi\u00f3n dominada por hombres dentro y fuera de la parcela; su directora, Fidela Cisneros, y protagonista, Reina Vel\u00e1zquez, estar\u00e1n presentes para participar en un di\u00e1logo con las y los asistentes.<\/p>\n\n\n\n<p>Despu\u00e9s se proyectar\u00e1 \u201cSiempre bella\u201d, una creaci\u00f3n Colectiva PLAPERTS\/Ecuador. El corto aborda la historia de tres personajes: Bella, Flor y Karla (mujer trans), quienes comparten sus experiencias vinculadas a sus sue\u00f1os desde peque\u00f1as y de c\u00f3mo hicieron para alcanzarlos. Sus historias muestran diferentes matices sobre la vinculaci\u00f3n con el trabajo sexual y la historia se entreteje alrededor del asesinato de una de ellas, producto de la violencia de g\u00e9nero.<\/p>\n\n\n\n<p>#ind\u00edgnateUACM es el tercer corto documental con el que cerrar\u00e1n las proyecciones en el GESMujer. Aborda la violencia de g\u00e9nero dentro de la Universidad Aut\u00f3noma de la Ciudad de M\u00e9xico (UACM) y las acciones colectivas que en respuesta han llevado a cabo acad\u00e9micas, trabajadoras y estudiantes con el fin de impulsar una pol\u00edtica institucional para atender los casos de violencia de g\u00e9nero.<\/p>\n\n\n\n<p>La presidenta del al Grupo de estudios sobre la mujer Rosario Castellanos, Ang\u00e9lica Ayala Ortiz, celebr\u00f3 que Ojo de Agua Comunicaci\u00f3n haya elegido por segunda vez a la organizaci\u00f3n como una de las sedes de este Festival de radio y cine comunitario, ya que \u201cnos permite sensibilizar acerca de problem\u00e1ticas diversas que viven las mujeres y c\u00f3mo a trav\u00e9s de historias reales se movilizan para avanzar en el ejercicio de sus derechos\u201d.<\/p>\n\n\n\n<p>Destac\u00f3 que de los seis trabajos audiovisuales elegidos las mujeres sean las protagonistas, pues para esta organizaci\u00f3n feminista los cambios sociales y culturales requieren de una participaci\u00f3n activa en la trasformaci\u00f3n de una sociedad en la que se respeten los derechos de las ni\u00f1as y las mujeres.<\/p>\n\n\n\n<p>Destac\u00f3 que al finalizar la proyecci\u00f3n de los audiovisuales se abrir\u00e1 un espacio de di\u00e1logo entre quienes realizan esta propuesta de comunicaci\u00f3n y las personas asistentes, con la finalidad de reconocer una problem\u00e1tica de desigualdad de g\u00e9nero y las maneras diversas de avanzar hacia su erradicaci\u00f3n en todas las esferas de la vida social.<\/p>\n\n\n\n<p>Clara Morales y Paola Morales, integrantes de Ojo de Agua Comunicaci\u00f3n acompa\u00f1ar\u00e1n durante las proyecciones, con la finalidad de compartir el origen y los avances de este proyecto en su edici\u00f3n 2021.<\/p>\n\n\n\n<p>Las proyecciones se llevar\u00e1n a cabo en la sede del Grupo de estudios sobre la mujer Rosario Castellanos que se ubica en la tercera privada de Guadalupe Victoria 107, en la colonia Libertad, de la Ciudad de Oaxaca a partir de las 16:00 horas.<\/p>\n\n\n\n<p>Con el fin de mantener al p\u00fablico en un ambiente seguro y contribuir al esfuerzo institucional y c\u00edvico por evitar los contagios de COVID-19 por SARS-CoV-2, se tomar\u00e1n todas las medidas de prevenci\u00f3n.<\/p>\n","protected":false},"excerpt":{"rendered":"<p>Viernes 12 de Noviembre de 2021 Es una iniciativa de radio y cine comunitario que impulsa Ojo de Agua Este lunes 15 y martes 16 a partir de las 16:00 horas en la sede del Grupo de estudios sobre la mujer Rosario Castellanos se proyectar\u00e1n seis cortos que son parte de los materiales audiovisutales del [&hellip;]<\/p>\n","protected":false},"author":4,"featured_media":24081,"comment_status":"closed","ping_status":"open","sticky":false,"template":"","format":"standard","meta":{"give_campaign_id":0,"rs_blank_template":"","rs_page_bg_color":"","slide_template_v7":"","footnotes":""},"categories":[36,3],"tags":[43,60,58,77],"class_list":["post-24080","post","type-post","status-publish","format-standard","has-post-thumbnail","hentry","category-comunicados","category-portada","tag-derechos","tag-derechos-mujeres","tag-gesmujer","tag-mujeres-indigenas"],"_links":{"self":[{"href":"https:\/\/www.gesmujer.org\/sitio\/index.php?rest_route=\/wp\/v2\/posts\/24080","targetHints":{"allow":["GET"]}}],"collection":[{"href":"https:\/\/www.gesmujer.org\/sitio\/index.php?rest_route=\/wp\/v2\/posts"}],"about":[{"href":"https:\/\/www.gesmujer.org\/sitio\/index.php?rest_route=\/wp\/v2\/types\/post"}],"author":[{"embeddable":true,"href":"https:\/\/www.gesmujer.org\/sitio\/index.php?rest_route=\/wp\/v2\/users\/4"}],"replies":[{"embeddable":true,"href":"https:\/\/www.gesmujer.org\/sitio\/index.php?rest_route=%2Fwp%2Fv2%2Fcomments&post=24080"}],"version-history":[{"count":1,"href":"https:\/\/www.gesmujer.org\/sitio\/index.php?rest_route=\/wp\/v2\/posts\/24080\/revisions"}],"predecessor-version":[{"id":24082,"href":"https:\/\/www.gesmujer.org\/sitio\/index.php?rest_route=\/wp\/v2\/posts\/24080\/revisions\/24082"}],"wp:featuredmedia":[{"embeddable":true,"href":"https:\/\/www.gesmujer.org\/sitio\/index.php?rest_route=\/wp\/v2\/media\/24081"}],"wp:attachment":[{"href":"https:\/\/www.gesmujer.org\/sitio\/index.php?rest_route=%2Fwp%2Fv2%2Fmedia&parent=24080"}],"wp:term":[{"taxonomy":"category","embeddable":true,"href":"https:\/\/www.gesmujer.org\/sitio\/index.php?rest_route=%2Fwp%2Fv2%2Fcategories&post=24080"},{"taxonomy":"post_tag","embeddable":true,"href":"https:\/\/www.gesmujer.org\/sitio\/index.php?rest_route=%2Fwp%2Fv2%2Ftags&post=24080"}],"curies":[{"name":"wp","href":"https:\/\/api.w.org\/{rel}","templated":true}]}}