{"id":24100,"date":"2021-11-17T14:08:24","date_gmt":"2021-11-17T20:08:24","guid":{"rendered":"https:\/\/www.gesmujer.org\/sitio\/?p=24100"},"modified":"2021-11-17T14:08:26","modified_gmt":"2021-11-17T20:08:26","slug":"gesmujer-impartira-charla-sobre-el-ciclo-de-la-violencia","status":"publish","type":"post","link":"https:\/\/www.gesmujer.org\/sitio\/?p=24100","title":{"rendered":"GESMujer impartir\u00e1 charla sobre el ciclo de la violencia"},"content":{"rendered":"\n<p>Continuando con el ciclo de video charlas del mes de noviembre, \u201cNos queremos \u00a1vivas, libres y felices!\u201d, organizado por el Grupo de Estudios sobre la mujer Rosario Castellanos; este mi\u00e9rcoles 17 de noviembre se llevar\u00e1 a cabo de manera virtual, la charla \u201c\u00bfPor qu\u00e9 es tan dif\u00edcil salir de una relaci\u00f3n violenta?\u201d, a cargo de la psic\u00f3loga Giselle Gonz\u00e1lez N\u00fa\u00f1ez, especialista en el campo de la psicolog\u00eda cl\u00ednica, con una amplia formaci\u00f3n en \u00e1reas como la atenci\u00f3n desde una perspectiva de g\u00e9nero, la psicolog\u00eda infantil, tanatolog\u00eda, entre otras.<\/p>\n\n\n\n<p>Para el GESMujer, cuyo principal campo de acci\u00f3n es la prevenci\u00f3n y atenci\u00f3n de la violencia de g\u00e9nero, resulta fundamental visibilizar y entender el tema del ciclo de la violencia, debido a que muchas veces, los casos de maltrato se ven incomprendidos y estigmatizados, al culpabilizar y revictimizar a quienes han padecido esta lamentable situaci\u00f3n.<\/p>\n\n\n\n<p>El desequilibrio de poder, la dependencia emocional y los v\u00ednculos traum\u00e1ticos como el s\u00edndrome de Estocolmo, forman parte de las razones por las cuales, para algunas mujeres se les dificulta salir de este complejo fen\u00f3meno de las relaciones violentas.<\/p>\n\n\n\n<p>Si quieres conocer m\u00e1s acerca de este tema, no te pierdas la trasmisi\u00f3n en vivo de esta charla, este mi\u00e9rcoles 17 de noviembre en punto de las 5 de la tarde, a trav\u00e9s de la fanpage de facebook del GESMujer: https:\/\/www.facebook.com\/gesmujer.rosario.castellanos.ac<\/p>\n","protected":false},"excerpt":{"rendered":"<p>Continuando con el ciclo de video charlas del mes de noviembre, \u201cNos queremos \u00a1vivas, libres y felices!\u201d, organizado por el Grupo de Estudios sobre la mujer Rosario Castellanos; este mi\u00e9rcoles 17 de noviembre se llevar\u00e1 a cabo de manera virtual, la charla \u201c\u00bfPor qu\u00e9 es tan dif\u00edcil salir de una relaci\u00f3n violenta?\u201d, a cargo de [&hellip;]<\/p>\n","protected":false},"author":4,"featured_media":24085,"comment_status":"closed","ping_status":"open","sticky":false,"template":"","format":"standard","meta":{"give_campaign_id":0,"rs_blank_template":"","rs_page_bg_color":"","slide_template_v7":"","footnotes":""},"categories":[36,3],"tags":[43,58,67],"class_list":["post-24100","post","type-post","status-publish","format-standard","has-post-thumbnail","hentry","category-comunicados","category-portada","tag-derechos","tag-gesmujer","tag-violencia"],"_links":{"self":[{"href":"https:\/\/www.gesmujer.org\/sitio\/index.php?rest_route=\/wp\/v2\/posts\/24100","targetHints":{"allow":["GET"]}}],"collection":[{"href":"https:\/\/www.gesmujer.org\/sitio\/index.php?rest_route=\/wp\/v2\/posts"}],"about":[{"href":"https:\/\/www.gesmujer.org\/sitio\/index.php?rest_route=\/wp\/v2\/types\/post"}],"author":[{"embeddable":true,"href":"https:\/\/www.gesmujer.org\/sitio\/index.php?rest_route=\/wp\/v2\/users\/4"}],"replies":[{"embeddable":true,"href":"https:\/\/www.gesmujer.org\/sitio\/index.php?rest_route=%2Fwp%2Fv2%2Fcomments&post=24100"}],"version-history":[{"count":1,"href":"https:\/\/www.gesmujer.org\/sitio\/index.php?rest_route=\/wp\/v2\/posts\/24100\/revisions"}],"predecessor-version":[{"id":24101,"href":"https:\/\/www.gesmujer.org\/sitio\/index.php?rest_route=\/wp\/v2\/posts\/24100\/revisions\/24101"}],"wp:featuredmedia":[{"embeddable":true,"href":"https:\/\/www.gesmujer.org\/sitio\/index.php?rest_route=\/wp\/v2\/media\/24085"}],"wp:attachment":[{"href":"https:\/\/www.gesmujer.org\/sitio\/index.php?rest_route=%2Fwp%2Fv2%2Fmedia&parent=24100"}],"wp:term":[{"taxonomy":"category","embeddable":true,"href":"https:\/\/www.gesmujer.org\/sitio\/index.php?rest_route=%2Fwp%2Fv2%2Fcategories&post=24100"},{"taxonomy":"post_tag","embeddable":true,"href":"https:\/\/www.gesmujer.org\/sitio\/index.php?rest_route=%2Fwp%2Fv2%2Ftags&post=24100"}],"curies":[{"name":"wp","href":"https:\/\/api.w.org\/{rel}","templated":true}]}}