{"id":24137,"date":"2021-11-25T15:04:50","date_gmt":"2021-11-25T21:04:50","guid":{"rendered":"https:\/\/www.gesmujer.org\/sitio\/?p=24137"},"modified":"2021-11-25T15:04:52","modified_gmt":"2021-11-25T21:04:52","slug":"pronunciamiento-25n","status":"publish","type":"post","link":"https:\/\/www.gesmujer.org\/sitio\/?p=24137","title":{"rendered":"PRONUNCIAMIENTO 25N"},"content":{"rendered":"\n<p><strong>Oaxaca de Ju\u00e1rez, 25 de noviembre de 2021<\/strong><\/p>\n\n\n\n<p><strong>A nuestras hermanas y compa\u00f1eras<\/strong><\/p>\n\n\n\n<p><strong>A la sociedad oaxaque\u00f1a en general<\/strong><\/p>\n\n\n\n<p><strong>A los medios de comunicaci\u00f3n, locales y nacionales<\/strong><\/p>\n\n\n\n<p>Hoy 25 de noviembre de 2021, una vez m\u00e1s, las mujeres oaxaque\u00f1as hemos salido al espacio p\u00fablico, a las calles para seguir haciendo historia, historia marcada por miles de feminicidios, violencia sexual y desapariciones de hermanas.<\/p>\n\n\n\n<p>Unimos fuerzas y esperanza codo a codo, hombro a hombro, no nos soltaremos jam\u00e1s, pues esta lucha es constante, pues diariamente habitamos un pa\u00eds sumergido en la violencia, generada por el patriarcado, el racismo y la discriminaci\u00f3n. \u00a1Existimos y resistimos ante todo obst\u00e1culo! \u00a1Nos armamos contra el olvido!<\/p>\n\n\n\n<p>Ante la impunidad, nosotras estamos construyendo nuestras maneras de cuidarnos, sanarnos y acompa\u00f1arnos ante la p\u00e9rdida de nuestras hermanas asesinadas, ante la ausencia de nuestras hermanas desaparecidas, ante las violencias cotidianas. Transformamos el dolor en dignidad, la tristeza en rebeld\u00eda y la impotencia en esperanza.<\/p>\n\n\n\n<p>Denunciamos la omisi\u00f3n e impunidad del Estado, durante el gobierno de Alejandro Murat Hinojosa, se dict\u00f3 una alerta de g\u00e9nero en s\u00f3lo&nbsp; 40 municipios del estado desde agosto del 2018, la cual ha sido implementada mediante la simulaci\u00f3n de ah\u00ed que actualmente tenemos 574 feminicidios en casi 5 a\u00f1os de su gubernatura, de los cuales, en la mayor\u00eda de los casos,&nbsp; las v\u00edctimas no han encontrado justicia y verdad, pues el mismo sistema encargado de procurar e impartirla ha fallado, no tomando las denuncias, no dictando o no ejecutando las detenciones y m\u00e1s tr\u00e1gico a\u00fan, no dictando sentencias condenatorias.<\/p>\n\n\n\n<p>En lo que va del sexenio tenemos registradas 1,484 compa\u00f1eras desaparecidas, de las que no hay avances en las investigaciones ni un mecanismo eficiente de b\u00fasqueda, que deje de encubrir criminales. Por ello el d\u00eda de hoy se\u00f1alamos la ineptitud de los funcionarios de gobierno y sus instituciones:<\/p>\n\n\n\n<ul class=\"wp-block-list\"><li>Alejandro Murat Hinojosa, Gobernador del Estado de Oaxaca.<\/li><li>Arturo de Jes\u00fas Peimbert Calvo, Fiscal General del estado de Oaxaca.<\/li><li>Juan Carlos Marquez Heine, Director General de los Servicios de Salud de Oaxaca.<\/li><li>Ana V\u00e1zquez Colmenares, titular de la Secretar\u00eda de la Mujer Oaxaque\u00f1a.<\/li><li>Oswaldo Garc\u00eda Jarqu\u00edn, Presidente municipal de Oaxaca de Ju\u00e1rez.<\/li><li>Nallely Hern\u00e1ndez Garc\u00eda, titular de la Secretar\u00eda de los Pueblos Ind\u00edgenas y Afromexicanos.<\/li><li>Al Congreso del Estado<\/li><\/ul>\n\n\n\n<p>Hoy 25N, nos reunimos para nombrar a las mujeres que ya no est\u00e1n con nosotras, debido a un patriarcado letal que se manifiesta en la omisi\u00f3n, desprecio a los derechos de las mujeres que caracterizan al gobierno, actualmente encabezado por Alejandro Murat y al resto de su inoperante aparato burocr\u00e1tico; uno que no ha hecho absolutamente nada por modificar las condiciones que reproducen la violencia desmedida e imparable que las mujeres sufren en las ocho regiones de nuestro estado.<\/p>\n\n\n\n<p>Desde que se emiti\u00f3 la Alerta de Violencia de G\u00e9nero (AVG), en el estado, en agosto 2018, los diferentes tipos de violencia machista dirigidas a los cuerpos y a la integridad de las mujeres no han hecho sino aumentar en su incidencia y envilecimiento. Estas mujeres que hoy nombramos han sido asesinadas, en condiciones deplorables, violadas, amagadas, mutiladas, desmembradas, violentando no solo sus cuerpos sino sus almas y&nbsp; esp\u00edritus; sin que hasta la fecha las instancias de procuraci\u00f3n de justicia hayan sancionado a los responsables ni reparado da\u00f1os, pues act\u00faan fuera del marco de los derechos humanos, carecen de perspectiva de g\u00e9nero y olvidan que nos encontramos en un estado pluricultural en el que los diversos tipos de violencia alcanzan tambi\u00e9n a nuestros pueblos y comunidades.&nbsp; Las estrategias y mecanismos que establecen para atender, prevenir y disminuir los casos de violencia hacia las mujeres en la AVG, no han sido implementadas, m\u00e1s bien han venido improvisando supuestas capacitaciones y eventos para justificar los millonarios recursos que utilizan para su propio beneficio.<\/p>\n\n\n\n<p>Defensoras del territorio han sido criminalizadas, violentadas, desaparecidas y asesinadas por cuidar la tierra donde habitan, por impedir que proyectos extractivistas se impongan en sus comunidades. Oaxaca ocupa el cuarto lugar a nivel nacional por abuso sexual infantil, perpetrado principalmente por abuelos, padrastros, t\u00edos, padres biol\u00f3gicos y primos, situaci\u00f3n que se ha agravado a ra\u00edz de la pandemia originada por el covid-19, porque el hogar se ha convertido en el lugar m\u00e1s inseguro para ni\u00f1as y mujeres. La violencia sexual representa un problema legal, pero tambi\u00e9n visibiliza una violencia sist\u00e9mica, institucional y simb\u00f3lica.<\/p>\n\n\n\n<p>Frente a la grave situaci\u00f3n diversas colectivas, mujeres aut\u00f3nomas, madres de v\u00edctimas de feminicidio y sociedad civil hemos generado acciones frente a un Estado al que NO le importan la vida y la seguridad de las mujeres, de ah\u00ed que hoy estamos develando la <strong>MONUMENTA CONTRA EL FEMINICIDIO Y VIOLENCIA FEMINICIDA EN OAXACA,<\/strong> como una forma de visibilizar que en Oaxaca nos est\u00e1n matando y las autoridades son c\u00f3mplices por su simulaci\u00f3n y no accionar con debida diligencia. No queremos m\u00e1s mujeres violadas, acosadas, desaparecidas ni asesinadas.<\/p>\n\n\n\n<p>Esta monumenta es un grito que lanzamos a quienes no han querido escucharnos.<\/p>\n\n\n\n<p><strong>\u00a1Ni una menos! \u00a1Acordamos vivir!<\/strong><\/p>\n\n\n\n<p>Les exigimos a las autoridades no da\u00f1ar ni menoscabar el s\u00edmbolo de expresi\u00f3n de repudio a la violencia feminicida y feminicidio en Oaxaca.<\/p>\n\n\n\n<p>Exigimos la presentaci\u00f3n con vida de nuestras hermanas desaparecidas. Exigimos justicia y no m\u00e1s impunidad ante los feminicidios.<\/p>\n\n\n\n<p>No nos cansaremos hasta que todas las mujeres y ni\u00f1as del estado tengamos una vida libre de violencia. \u00a1Por nuestra dignidad y justicia!<\/p>\n\n\n\n<p><strong>\u201cTen\u00edamos dos opciones: estar calladas y morir o hablar y morir.\u201d<\/strong><\/p>\n\n\n\n<p><strong>Decidimos hablar\u201d \u00a1Y nadie nos callar\u00e1!<\/strong><\/p>\n\n\n\n<p><strong>Malala Yousafzai<\/strong><\/p>\n\n\n\n<p><strong>\u00a1Sobre las ruinas del patriarcado,<\/strong><\/p>\n\n\n\n<p><strong>nosotras construimos esperanza!<\/strong><\/p>\n\n\n\n<p><strong>Mujeres Aut\u00f3nomas<\/strong><\/p>\n\n\n\n<p><strong>Madres de V\u00edctimas de Feminicidio<\/strong><\/p>\n\n\n\n<p><strong>Colectiva Chicatanas<\/strong><\/p>\n\n\n\n<p><strong>Consorcio para el Di\u00e1logo Parlamentario y la Equidad Oaxaca<\/strong><\/p>\n\n\n\n<p><strong>GESMujer Rosario Castellanos<\/strong><\/p>\n\n\n\n<p><strong>Fundaci\u00f3n Marie Stopes M\u00e9xico<\/strong><\/p>\n\n\n\n<p><strong>Grupo de Mujeres Sabinas A. C.<\/strong><\/p>\n\n\n\n<p><strong>Maestras en Resistencia de la Secci\u00f3n XXII<\/strong><\/p>\n\n\n\n<p><strong>Unitierra<\/strong><\/p>\n","protected":false},"excerpt":{"rendered":"<p>Oaxaca de Ju\u00e1rez, 25 de noviembre de 2021 A nuestras hermanas y compa\u00f1eras A la sociedad oaxaque\u00f1a en general A los medios de comunicaci\u00f3n, locales y nacionales Hoy 25 de noviembre de 2021, una vez m\u00e1s, las mujeres oaxaque\u00f1as hemos salido al espacio p\u00fablico, a las calles para seguir haciendo historia, historia marcada por miles [&hellip;]<\/p>\n","protected":false},"author":4,"featured_media":24138,"comment_status":"closed","ping_status":"open","sticky":false,"template":"","format":"standard","meta":{"give_campaign_id":0,"rs_blank_template":"","rs_page_bg_color":"","slide_template_v7":"","footnotes":""},"categories":[36,3],"tags":[60,63,75,58,39,67],"class_list":["post-24137","post","type-post","status-publish","format-standard","has-post-thumbnail","hentry","category-comunicados","category-portada","tag-derechos-mujeres","tag-equidad-de-genero","tag-feminicidios","tag-gesmujer","tag-igualdad","tag-violencia"],"_links":{"self":[{"href":"https:\/\/www.gesmujer.org\/sitio\/index.php?rest_route=\/wp\/v2\/posts\/24137","targetHints":{"allow":["GET"]}}],"collection":[{"href":"https:\/\/www.gesmujer.org\/sitio\/index.php?rest_route=\/wp\/v2\/posts"}],"about":[{"href":"https:\/\/www.gesmujer.org\/sitio\/index.php?rest_route=\/wp\/v2\/types\/post"}],"author":[{"embeddable":true,"href":"https:\/\/www.gesmujer.org\/sitio\/index.php?rest_route=\/wp\/v2\/users\/4"}],"replies":[{"embeddable":true,"href":"https:\/\/www.gesmujer.org\/sitio\/index.php?rest_route=%2Fwp%2Fv2%2Fcomments&post=24137"}],"version-history":[{"count":1,"href":"https:\/\/www.gesmujer.org\/sitio\/index.php?rest_route=\/wp\/v2\/posts\/24137\/revisions"}],"predecessor-version":[{"id":24139,"href":"https:\/\/www.gesmujer.org\/sitio\/index.php?rest_route=\/wp\/v2\/posts\/24137\/revisions\/24139"}],"wp:featuredmedia":[{"embeddable":true,"href":"https:\/\/www.gesmujer.org\/sitio\/index.php?rest_route=\/wp\/v2\/media\/24138"}],"wp:attachment":[{"href":"https:\/\/www.gesmujer.org\/sitio\/index.php?rest_route=%2Fwp%2Fv2%2Fmedia&parent=24137"}],"wp:term":[{"taxonomy":"category","embeddable":true,"href":"https:\/\/www.gesmujer.org\/sitio\/index.php?rest_route=%2Fwp%2Fv2%2Fcategories&post=24137"},{"taxonomy":"post_tag","embeddable":true,"href":"https:\/\/www.gesmujer.org\/sitio\/index.php?rest_route=%2Fwp%2Fv2%2Ftags&post=24137"}],"curies":[{"name":"wp","href":"https:\/\/api.w.org\/{rel}","templated":true}]}}