{"id":24178,"date":"2021-12-09T13:34:56","date_gmt":"2021-12-09T19:34:56","guid":{"rendered":"https:\/\/www.gesmujer.org\/sitio\/?p=24178"},"modified":"2021-12-09T13:34:59","modified_gmt":"2021-12-09T19:34:59","slug":"conflictos-dejan-a-las-mujeres-sin-voz","status":"publish","type":"post","link":"https:\/\/www.gesmujer.org\/sitio\/?p=24178","title":{"rendered":"Conflictos dejan a las mujeres sin voz"},"content":{"rendered":"\n<p><strong>Jueves 09 de Diciembre de 2021<\/strong><\/p>\n\n\n\n<p>\u00b7&nbsp;&nbsp;&nbsp;&nbsp;&nbsp;&nbsp;&nbsp;&nbsp;&nbsp;<strong>GESMujer expone el caso de la s\u00edndica municipal de Atatlahuca que enfrenta violencia pol\u00edtica de g\u00e9nero<\/strong><\/p>\n\n\n\n<p>La presidenta del Grupo de estudios sobre la mujer Rosario Castellanos, Ang\u00e9lica Ayala Ortiz, urgi\u00f3 a las autoridades en Oaxaca a garantizar la seguridad y los derechos pol\u00edticos de la s\u00edndica municipal de San Estaban Atatlahuca, Maribel Aida Velasco Garc\u00eda, quien desde septiembre de 2020 ha enfrentado violencia pol\u00edtica de g\u00e9nero.<\/p>\n\n\n\n<p>Expuso que este caso evidencia la grave situaci\u00f3n que enfrentan las mujeres ind\u00edgenas para ejercer su derecho a la participaci\u00f3n pol\u00edtica en condiciones seguras, ya que para muchas de ellas les representa poner en riesgo la libertad, la integridad o incluso la vida.<\/p>\n\n\n\n<p>En una conferencia de prensa conjunta, la s\u00edndica que por el sistema normativo interno fue electa el 25 de agosto de 2019 y asumi\u00f3 el cargo en enero de 2020, hizo notar que en cualquier tipo de conflicto son las mujeres quienes se quedan sin voz y sin representaci\u00f3n.<\/p>\n\n\n\n<p>Antes de asumir el cargo, entre ese municipio que pertenece al distrito de Tlaxiaco enfrent\u00f3 un conflicto agrario, pol\u00edtico y social con sus comunidades de Guerrero Grande y Mier y Ter\u00e1n.<\/p>\n\n\n\n<p>\u201cEn un conflicto las mujeres nos quedamos sin voz, sin representaci\u00f3n y se eleva el riesgo de violencia pol\u00edtica porque no nos permiten desempe\u00f1ar nuestro cargo p\u00fablico en el sistema normativo interno\u201d, precis\u00f3.<\/p>\n\n\n\n<p>Desde septiembre de 2020 tiene medidas cautelares de la Defensor\u00eda de Derechos Humanos de los Pueblos de Oaxaca y el mes pasado por parte del Tribunal Estatal Electoral porque ha enfrentado amenazas de muerte por parte del Frente Ind\u00edgena de Resistencia Juxtlahuaca y los se\u00f1ores Juan Gabriel Hern\u00e1ndez Garc\u00eda, Jos\u00e9 Fabi\u00e1n Bautista Hern\u00e1ndez, Salvador Basante y Faustino Mart\u00ednez Santiago.<\/p>\n\n\n\n<p>En la conferencia de prensa asisti\u00f3 tambi\u00e9n el presidente municipal de San Esteban Atatlahuaca, Rogelio Bautista Barrios, as\u00ed como el regidor de Hacienda, Carlos Ria\u00f1o Sandoval.<\/p>\n\n\n\n<p>Ang\u00e9lica Ayala Ortiz mencion\u00f3 que es urgente visibilizar el elevado nivel de riesgo que enfrentan las ni\u00f1as y las mujeres en aquellos municipios en que se presentan conflictos comunitarios, urgiendo a las autoridades a incorporar la perspectiva de g\u00e9nero y un enfoque intercultural en sus intervenciones, pues a la desigualdad y discriminaci\u00f3n que viven por ser mujeres, se suma la violencia derivada de los conflictos no atendidos. &nbsp;<\/p>\n","protected":false},"excerpt":{"rendered":"<p>Jueves 09 de Diciembre de 2021 \u00b7&nbsp;&nbsp;&nbsp;&nbsp;&nbsp;&nbsp;&nbsp;&nbsp;&nbsp;GESMujer expone el caso de la s\u00edndica municipal de Atatlahuca que enfrenta violencia pol\u00edtica de g\u00e9nero La presidenta del Grupo de estudios sobre la mujer Rosario Castellanos, Ang\u00e9lica Ayala Ortiz, urgi\u00f3 a las autoridades en Oaxaca a garantizar la seguridad y los derechos pol\u00edticos de la s\u00edndica municipal de [&hellip;]<\/p>\n","protected":false},"author":4,"featured_media":24180,"comment_status":"closed","ping_status":"open","sticky":false,"template":"","format":"standard","meta":{"give_campaign_id":0,"rs_blank_template":"","rs_page_bg_color":"","slide_template_v7":"","footnotes":""},"categories":[36,3],"tags":[58,42,77,67],"class_list":["post-24178","post","type-post","status-publish","format-standard","has-post-thumbnail","hentry","category-comunicados","category-portada","tag-gesmujer","tag-mujeres","tag-mujeres-indigenas","tag-violencia"],"_links":{"self":[{"href":"https:\/\/www.gesmujer.org\/sitio\/index.php?rest_route=\/wp\/v2\/posts\/24178","targetHints":{"allow":["GET"]}}],"collection":[{"href":"https:\/\/www.gesmujer.org\/sitio\/index.php?rest_route=\/wp\/v2\/posts"}],"about":[{"href":"https:\/\/www.gesmujer.org\/sitio\/index.php?rest_route=\/wp\/v2\/types\/post"}],"author":[{"embeddable":true,"href":"https:\/\/www.gesmujer.org\/sitio\/index.php?rest_route=\/wp\/v2\/users\/4"}],"replies":[{"embeddable":true,"href":"https:\/\/www.gesmujer.org\/sitio\/index.php?rest_route=%2Fwp%2Fv2%2Fcomments&post=24178"}],"version-history":[{"count":1,"href":"https:\/\/www.gesmujer.org\/sitio\/index.php?rest_route=\/wp\/v2\/posts\/24178\/revisions"}],"predecessor-version":[{"id":24181,"href":"https:\/\/www.gesmujer.org\/sitio\/index.php?rest_route=\/wp\/v2\/posts\/24178\/revisions\/24181"}],"wp:featuredmedia":[{"embeddable":true,"href":"https:\/\/www.gesmujer.org\/sitio\/index.php?rest_route=\/wp\/v2\/media\/24180"}],"wp:attachment":[{"href":"https:\/\/www.gesmujer.org\/sitio\/index.php?rest_route=%2Fwp%2Fv2%2Fmedia&parent=24178"}],"wp:term":[{"taxonomy":"category","embeddable":true,"href":"https:\/\/www.gesmujer.org\/sitio\/index.php?rest_route=%2Fwp%2Fv2%2Fcategories&post=24178"},{"taxonomy":"post_tag","embeddable":true,"href":"https:\/\/www.gesmujer.org\/sitio\/index.php?rest_route=%2Fwp%2Fv2%2Ftags&post=24178"}],"curies":[{"name":"wp","href":"https:\/\/api.w.org\/{rel}","templated":true}]}}