{"id":24225,"date":"2021-12-11T14:07:30","date_gmt":"2021-12-11T20:07:30","guid":{"rendered":"https:\/\/www.gesmujer.org\/sitio\/?p=24225"},"modified":"2021-12-11T14:22:31","modified_gmt":"2021-12-11T20:22:31","slug":"sindica-de-san-esteban-atatlahuca-en-riesgo-ante-fracaso-de-medidas","status":"publish","type":"post","link":"https:\/\/www.gesmujer.org\/sitio\/?p=24225","title":{"rendered":"S\u00edndica de San Esteban Atatlahuca, en riesgo ante fracaso de medidas"},"content":{"rendered":"\n<p><em><strong>Citlalli L\u00f3pez Vel\u00e1zqu<\/strong><\/em><strong><em>ez<\/em>, Viernes 12 de Diciembre del 2021, nvinoticias.- <\/strong>La falta de cumplimiento a las medidas cautelares dictadas en dos ocasiones a favor de la s\u00edndica de San Esteban Atatlahuca, Maribel Velasco Garc\u00eda, mantienen en riesgo su vida.<\/p>\n\n\n\n<p>En rueda de prensa realizada con el Grupo de Estudios Sobre la Mujer Rosario Castellanos (GESMujer), precis\u00f3 que las primeras medidas cautelares se emitieron en septiembre de 2020 por parte de la Defensor\u00eda de los Derechos Humanos del Pueblo de Oaxaca (DDHPO) en \u00e9stas se vincul\u00f3 a la Secretar\u00eda de Seguridad P\u00fablica de Oaxaca (SSPO).<\/p>\n\n\n\n<p>Posteriormente en noviembre de este 2021 el Tribunal Estatal Electoral de Oaxaca nuevamente pidi\u00f3 a la SSPO y a otras instancias brindar protecci\u00f3n a su favor. Ninguna de las dos fue cumplida.<\/p>\n\n\n\n<p>Angelica Ayala Ortiz, presidenta del GESMujer, se\u00f1al\u00f3 que este caso refleja una constante de omisi\u00f3n respecto de las medidas cautelares emitidas para salvaguardar la vida de las mujeres.<\/p>\n\n\n\n<p>\u201cNosotras hemos denunciado estas omisiones y negligencias en la protecci\u00f3n de los derechos a la integridad de las mujeres y este un ejemplo m\u00e1s. Constantemente estamos haciendo denuncias porque a esta organizaci\u00f3n vienen las mujeres a quienes se les han asignado \u00f3rdenes de protecci\u00f3n y con lo que nos encontramos es que s\u00f3lo son v\u00e1lidas en el papel, pero no llevan aparejadas todas las necesidades que tienen que ver con el establecimiento de medidas de protecci\u00f3n, rondines y polic\u00edas\u201d, destac\u00f3.<\/p>\n\n\n\n<h3 class=\"wp-block-heading\">Tres \u00f3rdenes de aprehensi\u00f3n&nbsp;<\/h3>\n\n\n\n<p>Velasco Garc\u00eda fue electa el 25 de agosto de 2019 por sistemas normativos internos, convirti\u00e9ndose en la primera mujer en esta posici\u00f3n en el gobierno municipal.<\/p>\n\n\n\n<p>La llegada de las mujeres ind\u00edgenas a estos espacios de la toma de decisi\u00f3n -dijo- ha sido dif\u00edcil.<\/p>\n\n\n\n<p>La s\u00edndica asumi\u00f3 el cargo el 1 de enero de 2020 en medio de un conflicto interno cuyo episodio m\u00e1s grave aconteci\u00f3 en noviembre de 2019.<\/p>\n\n\n\n<p>En febrero de 2020 la madre de Francisco Rivera, una de las v\u00edctimas del enfrentamiento, se acerc\u00f3 a la sindicatura en busca de acompa\u00f1amiento a su carpeta de investigaci\u00f3n.<\/p>\n\n\n\n<p>Para agosto de ese a\u00f1o fueron liberadas tres \u00f3rdenes de aprehensi\u00f3n, un mes despu\u00e9s se ejecut\u00f3 una en contra de Jos\u00e9 Fabi\u00e1n Bautista Hern\u00e1ndez.<\/p>\n\n\n\n<p>\u201cAh\u00ed iniciaron las amenazas directas en contra m\u00eda por acompa\u00f1ar a la mam\u00e1 de la persona fallecida\u201d, destac\u00f3.<\/p>\n\n\n\n<p>Ang\u00e9lica Ayala Ortiz mencion\u00f3 que es urgente visibilizar el elevado nivel de riesgo que enfrentan las ni\u00f1as y las mujeres en aquellos municipios en que se presentan conflictos comunitarios, urgiendo a las autoridades a incorporar la perspectiva de g\u00e9nero y un enfoque intercultural en sus intervenciones, pues a la desigualdad y discriminaci\u00f3n que viven por ser mujeres, se suma la violencia derivada de los conflictos no atendidos.&nbsp;<\/p>\n\n\n\n<h3 class=\"wp-block-heading\">\u201cNosotras hemos denunciado estas omisiones y negligencias en la protecci\u00f3n de los derechos a la integridad de las mujeres y este un ejemplo m\u00e1s&#8221;.<\/h3>\n\n\n\n<h3 class=\"wp-block-heading\">Angelica Ayala Ortiz, Presidenta del GESMujer<\/h3>\n\n\n\n<p>Fuente: https:\/\/www.nvinoticias.com\/oaxaca\/general\/sindica-de-san-esteban-atatlauca-en-riesgo-ante-fracaso-de-medidas\/122742<\/p>\n","protected":false},"excerpt":{"rendered":"<p>Citlalli L\u00f3pez Vel\u00e1zquez, Viernes 12 de Diciembre del 2021, nvinoticias.- La falta de cumplimiento a las medidas cautelares dictadas en dos ocasiones a favor de la s\u00edndica de San Esteban Atatlahuca, Maribel Velasco Garc\u00eda, mantienen en riesgo su vida. En rueda de prensa realizada con el Grupo de Estudios Sobre la Mujer Rosario Castellanos (GESMujer), [&hellip;]<\/p>\n","protected":false},"author":4,"featured_media":24226,"comment_status":"closed","ping_status":"open","sticky":false,"template":"","format":"standard","meta":{"give_campaign_id":0,"rs_blank_template":"","rs_page_bg_color":"","slide_template_v7":"","footnotes":""},"categories":[91,3],"tags":[60,58,77,80],"class_list":["post-24225","post","type-post","status-publish","format-standard","has-post-thumbnail","hentry","category-notas","category-portada","tag-derechos-mujeres","tag-gesmujer","tag-mujeres-indigenas","tag-oaxaca"],"_links":{"self":[{"href":"https:\/\/www.gesmujer.org\/sitio\/index.php?rest_route=\/wp\/v2\/posts\/24225","targetHints":{"allow":["GET"]}}],"collection":[{"href":"https:\/\/www.gesmujer.org\/sitio\/index.php?rest_route=\/wp\/v2\/posts"}],"about":[{"href":"https:\/\/www.gesmujer.org\/sitio\/index.php?rest_route=\/wp\/v2\/types\/post"}],"author":[{"embeddable":true,"href":"https:\/\/www.gesmujer.org\/sitio\/index.php?rest_route=\/wp\/v2\/users\/4"}],"replies":[{"embeddable":true,"href":"https:\/\/www.gesmujer.org\/sitio\/index.php?rest_route=%2Fwp%2Fv2%2Fcomments&post=24225"}],"version-history":[{"count":2,"href":"https:\/\/www.gesmujer.org\/sitio\/index.php?rest_route=\/wp\/v2\/posts\/24225\/revisions"}],"predecessor-version":[{"id":24229,"href":"https:\/\/www.gesmujer.org\/sitio\/index.php?rest_route=\/wp\/v2\/posts\/24225\/revisions\/24229"}],"wp:featuredmedia":[{"embeddable":true,"href":"https:\/\/www.gesmujer.org\/sitio\/index.php?rest_route=\/wp\/v2\/media\/24226"}],"wp:attachment":[{"href":"https:\/\/www.gesmujer.org\/sitio\/index.php?rest_route=%2Fwp%2Fv2%2Fmedia&parent=24225"}],"wp:term":[{"taxonomy":"category","embeddable":true,"href":"https:\/\/www.gesmujer.org\/sitio\/index.php?rest_route=%2Fwp%2Fv2%2Fcategories&post=24225"},{"taxonomy":"post_tag","embeddable":true,"href":"https:\/\/www.gesmujer.org\/sitio\/index.php?rest_route=%2Fwp%2Fv2%2Ftags&post=24225"}],"curies":[{"name":"wp","href":"https:\/\/api.w.org\/{rel}","templated":true}]}}