{"id":24264,"date":"2021-12-14T18:29:42","date_gmt":"2021-12-15T00:29:42","guid":{"rendered":"https:\/\/www.gesmujer.org\/sitio\/?p=24264"},"modified":"2021-12-14T18:56:58","modified_gmt":"2021-12-15T00:56:58","slug":"para-enfrentar-precariedad-y-violencia-impulsan-cooperativa-solidaria-de-mujeres-de-oaxaca","status":"publish","type":"post","link":"https:\/\/www.gesmujer.org\/sitio\/?p=24264","title":{"rendered":"Para enfrentar precariedad y violencia, impulsan cooperativa solidaria de mujeres de Oaxaca"},"content":{"rendered":"\n<p><strong>Christ<\/strong>i<strong>an Jim\u00e9nez, Martes 14 de diciembre del 2021, El Universal.-<\/strong> Desde hace un a\u00f1o, ante la pandemia por<strong>&nbsp;Covid-19<\/strong>, mujeres organizadas y en coordinaci\u00f3n con el Grupo de Estudios sobre la Mujer \u201cRosario Castellanos\u201d (<strong>GES Mujer<\/strong>), trabajan en consolidar la&nbsp;<strong>Cooperativa Social y Solidaria<\/strong>&nbsp;para las mujeres oaxaque\u00f1as<strong>&nbsp;ESMIO<\/strong>, con el lema, \u201cEs m\u00edo, es tuyo, es de todas\u201d.<\/p>\n\n\n\n<p>En su intervenci\u00f3n presidenta del GESMujer,&nbsp;<strong>Ang\u00e9lica Ayala Ortiz<\/strong>, plante\u00f3 que el despido laboral o la reducci\u00f3n de empleos a causa de la pandemia, as\u00ed como la precariedad salarial y los graves impactos sociales que dificultan a las mujeres salir del c\u00edrculo de la violencia, motivaron a impulsar la cooperativa.<\/p>\n\n\n\n<p>De acuerdo con datos de la<strong><em>&nbsp;Encuesta Nacional de Ocupaci\u00f3n y Empleo<\/em><\/strong>&nbsp;del&nbsp;<strong>Inegi<\/strong>, en 2021&nbsp;<strong>Oaxaca<\/strong>&nbsp;tiene la tasa m\u00e1s alta de empleo informal con el 80.7%, seguido de los vecinos estados de<strong>&nbsp;Chiapas<\/strong>&nbsp;con el 76.6% y&nbsp;<strong>Guerrero&nbsp;<\/strong>con el 75.5%.<\/p>\n\n\n\n<p>Entre los impactos sociales producidos alrededor de la&nbsp;<strong>Covid-19&nbsp;<\/strong>est\u00e1 el incremento del 35% de la violencia contra las mujeres y las ni\u00f1as en los espacios familiares a nivel nacional y estatal, porque conviven con su agresor las 24 horas del d\u00eda, seg\u00fan datos de la organizaci\u00f3n.<\/p>\n\n\n\n<blockquote class=\"wp-block-quote has-text-align-left is-layout-flow wp-block-quote-is-layout-flow\"><p>\u201cEn el GESMujer sabemos que uno de los aspectos que preocupan a las mujeres y que dificultan que salgan del c\u00edrculo de la violencia es la \u201cdependencia econ\u00f3mica\u201d, aunque muchas veces son ellas quienes sustentan la base econ\u00f3mica de la familia\u201d, expuso Ayala Ortiz.<\/p><\/blockquote>\n\n\n\n<p>Y explic\u00f3 que el proyecto busca crear una red con productoras comunitarias para impactar en la econom\u00eda familiar y fortalecer los derechos econ\u00f3micos de las mujeres de Oaxaca.<\/p>\n\n\n\n<p>Asimismo, impulsar un modelo de emprendimiento cooperativista que sirva como herramienta de apoyo para las productoras que se enfrentan a las dificultades de comercializaci\u00f3n por falta de acceso a redes o canales digitales, entre otras situaciones.<\/p>\n\n\n\n<p>De su lado, la coordinadora de la Cooperativa ESMIO,&nbsp;<strong>Soledad Venegas Nava<\/strong>, resalt\u00f3 la importancia de la&nbsp;<strong>econom\u00eda feminista<\/strong>, una vez que pone en el centro la vida de las personas, con \u00e9nfasis en la econom\u00eda que impulsan las mujeres; es consiente sobre la manera en c\u00f3mo se produce y el poder de consumo que tienen todas las mujeres.<\/p>\n\n\n\n<blockquote class=\"wp-block-quote is-layout-flow wp-block-quote-is-layout-flow\"><p>\u201cEconom\u00eda feminista es cuidar la cadena del comercio justo, as\u00ed como la salud de las mujeres, su familia y las comunidades\u201d, se\u00f1al\u00f3 Venegas Nava.<\/p><\/blockquote>\n\n\n\n<p>La cooperativa est\u00e1 conformada por el grupo de artesanas textiles de la comunidad de&nbsp;<strong>Yucuhiti<\/strong>&nbsp;en la regi\u00f3n de la&nbsp;<strong>Mixteca<\/strong>, as\u00ed como las productoras de caf\u00e9 Caldo Negro, sin embargo, la convocatoria a sumarse est\u00e1 abierta a mujeres productoras.<\/p>\n\n\n\n<p>Los productos de las artesanas que forman parte de la cooperativa feminista est\u00e1n disponibles tambi\u00e9n en&nbsp;<a href=\"https:\/\/www.gesmujer.org\/sitio\/tienda\/\" rel=\"noreferrer noopener\" target=\"_blank\">www.gesmujer.og\/sitio\/tienda<\/a>.<\/p>\n","protected":false},"excerpt":{"rendered":"<p>Christian Jim\u00e9nez, Martes 14 de diciembre del 2021, El Universal.- Desde hace un a\u00f1o, ante la pandemia por&nbsp;Covid-19, mujeres organizadas y en coordinaci\u00f3n con el Grupo de Estudios sobre la Mujer \u201cRosario Castellanos\u201d (GES Mujer), trabajan en consolidar la&nbsp;Cooperativa Social y Solidaria&nbsp;para las mujeres oaxaque\u00f1as&nbsp;ESMIO, con el lema, \u201cEs m\u00edo, es tuyo, es de todas\u201d. [&hellip;]<\/p>\n","protected":false},"author":4,"featured_media":24265,"comment_status":"closed","ping_status":"open","sticky":false,"template":"","format":"standard","meta":{"give_campaign_id":0,"rs_blank_template":"","rs_page_bg_color":"","slide_template_v7":"","footnotes":""},"categories":[32,3],"tags":[60,58],"class_list":["post-24264","post","type-post","status-publish","format-standard","has-post-thumbnail","hentry","category-novedades","category-portada","tag-derechos-mujeres","tag-gesmujer"],"_links":{"self":[{"href":"https:\/\/www.gesmujer.org\/sitio\/index.php?rest_route=\/wp\/v2\/posts\/24264","targetHints":{"allow":["GET"]}}],"collection":[{"href":"https:\/\/www.gesmujer.org\/sitio\/index.php?rest_route=\/wp\/v2\/posts"}],"about":[{"href":"https:\/\/www.gesmujer.org\/sitio\/index.php?rest_route=\/wp\/v2\/types\/post"}],"author":[{"embeddable":true,"href":"https:\/\/www.gesmujer.org\/sitio\/index.php?rest_route=\/wp\/v2\/users\/4"}],"replies":[{"embeddable":true,"href":"https:\/\/www.gesmujer.org\/sitio\/index.php?rest_route=%2Fwp%2Fv2%2Fcomments&post=24264"}],"version-history":[{"count":2,"href":"https:\/\/www.gesmujer.org\/sitio\/index.php?rest_route=\/wp\/v2\/posts\/24264\/revisions"}],"predecessor-version":[{"id":24268,"href":"https:\/\/www.gesmujer.org\/sitio\/index.php?rest_route=\/wp\/v2\/posts\/24264\/revisions\/24268"}],"wp:featuredmedia":[{"embeddable":true,"href":"https:\/\/www.gesmujer.org\/sitio\/index.php?rest_route=\/wp\/v2\/media\/24265"}],"wp:attachment":[{"href":"https:\/\/www.gesmujer.org\/sitio\/index.php?rest_route=%2Fwp%2Fv2%2Fmedia&parent=24264"}],"wp:term":[{"taxonomy":"category","embeddable":true,"href":"https:\/\/www.gesmujer.org\/sitio\/index.php?rest_route=%2Fwp%2Fv2%2Fcategories&post=24264"},{"taxonomy":"post_tag","embeddable":true,"href":"https:\/\/www.gesmujer.org\/sitio\/index.php?rest_route=%2Fwp%2Fv2%2Ftags&post=24264"}],"curies":[{"name":"wp","href":"https:\/\/api.w.org\/{rel}","templated":true}]}}