{"id":24391,"date":"2022-01-17T12:01:37","date_gmt":"2022-01-17T18:01:37","guid":{"rendered":"https:\/\/www.gesmujer.org\/sitio\/?p=24391"},"modified":"2022-01-17T12:01:39","modified_gmt":"2022-01-17T18:01:39","slug":"imparables-los-feminicidios-en-oaxaca-van-5-este-inicio-de-ano","status":"publish","type":"post","link":"https:\/\/www.gesmujer.org\/sitio\/?p=24391","title":{"rendered":"Imparables los feminicidios en Oaxaca, van 5 este inicio de a\u00f1o"},"content":{"rendered":"\n<p><strong>Redacci\u00f3n TV BUS, Viernes 14 de enero del 2022, TV BUS.- <\/strong>Los feminicidios en Oaxaca presentan una tendencia al alza durante el primer mes del a\u00f1o, al registrase cinco hechos en el transcurso de 13 d\u00edas, mientras que enero de 2021 cerr\u00f3 con ocho casos.<\/p>\n\n\n\n<p>Datos del Centro de Documentaci\u00f3n del Grupo de estudios sobre la mujer \u201cRosario Castellanos\u201d (GESMujer) reportaron la tasa de incidencia en su m\u00e1s reciente reporte tras el hallazgo del cuerpo sin vida de una mujer este jueves en la regi\u00f3n del Istmo.<\/p>\n\n\n\n<p>El hecho violento m\u00e1s reciente se dio a conocer este 13 de enero, cuando los restos de una mujer fueron localizados en estado de descomposici\u00f3n mientras flotaba en un canal de riego en el municipio de Juchit\u00e1n de Zaragoza.<\/p>\n\n\n\n<p>Tres de los casos de este a\u00f1o han ocurrido en esa regi\u00f3n del estado, mientras dos m\u00e1s, en la regi\u00f3n de Valles Centrales.<\/p>\n\n\n\n<p>Con este asesinato ya suman 587 casos de feminicidios en el transcurso del gobierno de Alejandro Murat.<\/p>\n\n\n\n<p>Fuente: http:\/\/www.tvbus.tv\/web\/2022\/01\/14\/imparables-los-feminicidios-en-oaxaca-van-5-este-inicio-de-ano\/<\/p>\n","protected":false},"excerpt":{"rendered":"<p>Redacci\u00f3n TV BUS, Viernes 14 de enero del 2022, TV BUS.- Los feminicidios en Oaxaca presentan una tendencia al alza durante el primer mes del a\u00f1o, al registrase cinco hechos en el transcurso de 13 d\u00edas, mientras que enero de 2021 cerr\u00f3 con ocho casos. Datos del Centro de Documentaci\u00f3n del Grupo de estudios sobre [&hellip;]<\/p>\n","protected":false},"author":4,"featured_media":24392,"comment_status":"closed","ping_status":"open","sticky":false,"template":"","format":"standard","meta":{"give_campaign_id":0,"rs_blank_template":"","rs_page_bg_color":"","slide_template_v7":"","footnotes":""},"categories":[32,3],"tags":[75,58,67],"class_list":["post-24391","post","type-post","status-publish","format-standard","has-post-thumbnail","hentry","category-novedades","category-portada","tag-feminicidios","tag-gesmujer","tag-violencia"],"_links":{"self":[{"href":"https:\/\/www.gesmujer.org\/sitio\/index.php?rest_route=\/wp\/v2\/posts\/24391","targetHints":{"allow":["GET"]}}],"collection":[{"href":"https:\/\/www.gesmujer.org\/sitio\/index.php?rest_route=\/wp\/v2\/posts"}],"about":[{"href":"https:\/\/www.gesmujer.org\/sitio\/index.php?rest_route=\/wp\/v2\/types\/post"}],"author":[{"embeddable":true,"href":"https:\/\/www.gesmujer.org\/sitio\/index.php?rest_route=\/wp\/v2\/users\/4"}],"replies":[{"embeddable":true,"href":"https:\/\/www.gesmujer.org\/sitio\/index.php?rest_route=%2Fwp%2Fv2%2Fcomments&post=24391"}],"version-history":[{"count":1,"href":"https:\/\/www.gesmujer.org\/sitio\/index.php?rest_route=\/wp\/v2\/posts\/24391\/revisions"}],"predecessor-version":[{"id":24393,"href":"https:\/\/www.gesmujer.org\/sitio\/index.php?rest_route=\/wp\/v2\/posts\/24391\/revisions\/24393"}],"wp:featuredmedia":[{"embeddable":true,"href":"https:\/\/www.gesmujer.org\/sitio\/index.php?rest_route=\/wp\/v2\/media\/24392"}],"wp:attachment":[{"href":"https:\/\/www.gesmujer.org\/sitio\/index.php?rest_route=%2Fwp%2Fv2%2Fmedia&parent=24391"}],"wp:term":[{"taxonomy":"category","embeddable":true,"href":"https:\/\/www.gesmujer.org\/sitio\/index.php?rest_route=%2Fwp%2Fv2%2Fcategories&post=24391"},{"taxonomy":"post_tag","embeddable":true,"href":"https:\/\/www.gesmujer.org\/sitio\/index.php?rest_route=%2Fwp%2Fv2%2Ftags&post=24391"}],"curies":[{"name":"wp","href":"https:\/\/api.w.org\/{rel}","templated":true}]}}