{"id":24474,"date":"2022-01-20T09:38:28","date_gmt":"2022-01-20T15:38:28","guid":{"rendered":"https:\/\/www.gesmujer.org\/sitio\/?p=24474"},"modified":"2022-01-20T09:40:45","modified_gmt":"2022-01-20T15:40:45","slug":"urgen-revision-de-alerta-de-genero-en-oaxaca","status":"publish","type":"post","link":"https:\/\/www.gesmujer.org\/sitio\/?p=24474","title":{"rendered":"Urgen revisi\u00f3n de alerta de g\u00e9nero en Oaxaca"},"content":{"rendered":"\n<p><strong>Citlali L\u00f3pez, Mi\u00e9rcoles 19 de Enero del 2021, Noticias Oro Radio.- <\/strong>Durante los 17 primeros d\u00edas del 2022, seis mujeres han sido privadas de la vida, en promedio cada tercer d\u00eda. Esta cifra supera lo registrado el a\u00f1o pasado.<\/p>\n\n\n\n<p>Este contexto sumado a feminicidios que se acumulan desde el inicio de la actual administraci\u00f3n debe llevar a una urgente revisi\u00f3n de la alerta de violencia de g\u00e9nero contra las mujeres, se\u00f1al\u00f3 la presidenta del Grupo de Estudios Sobre la Mujer \u201cRosario Castellanos\u201d, Angelica Ayala Ortiz.<\/p>\n\n\n\n<p>De acuerdo con el monitoreo de violencia feminicida de GESMujer durante los \u00faltimos 5 a\u00f1os, 588 ni\u00f1as y mujeres fueron asesinadas de manera violenta en Oaxaca, 373 v\u00edctimas desde la declaratoria de alerta por violencia de g\u00e9nero y, en lo que va del a\u00f1o, ya son seis las mujeres que han sido asesinadas de manera violenta.<\/p>\n\n\n\n<p>Fue en agosto del 2018 cuando la Secretar\u00eda de Gobernaci\u00f3n emiti\u00f3 la declaratoria de alerta de violencia para 40 municipios de Oaxaca.<\/p>\n\n\n\n<p>Dentro de los compromisos establecidos se detalla que los ordenes estatal y municipal deber\u00e1n incorporar al dise\u00f1o de la pol\u00edtica integral estatal o municipal y al quehacer del consejo estatal o municipal acciones para la erradicaci\u00f3n de la violencia, sin embargo, a la fecha no se han implementado acciones contundentes de pol\u00edtica p\u00fablica para la atenci\u00f3n de esta problem\u00e1tica, destac\u00f3 la defensora de derechos humanos.<\/p>\n\n\n\n<p>La violencia contra las mujeres se ha expresado de manera indignante, tan solo el pasado 17 de enero Araceli G.M.&nbsp; de 45 a\u00f1os de edad fue asesinada a golpes por sujetos que aun no han sido identificados en Huautla de Jim\u00e9nez. La mujer se dedicaba a realizar mandados y a tirar la basura de sus vecinos. Hasta el momento, las personas responsables del crimen siguen libres.<\/p>\n\n\n\n<p>En el \u00faltimo a\u00f1o, Oaxaca se ubic\u00f3 dentro de los estados con mayor cantidad de carpetas de investigaci\u00f3n abiertas por presuntos feminicidios, esto de acuerdo con datos del Secretariado Ejecutivo del Sistema Nacional de Seguridad P\u00fablica.<\/p>\n\n\n\n<p>Fuente: https:\/\/www.ororadio.com.mx\/2022\/01\/urgen-revision-de-alerta-de-genero-en-oaxaca\/<\/p>\n","protected":false},"excerpt":{"rendered":"<p>Citlali L\u00f3pez, Mi\u00e9rcoles 19 de Enero del 2021, Noticias Oro Radio.- Durante los 17 primeros d\u00edas del 2022, seis mujeres han sido privadas de la vida, en promedio cada tercer d\u00eda. Esta cifra supera lo registrado el a\u00f1o pasado. Este contexto sumado a feminicidios que se acumulan desde el inicio de la actual administraci\u00f3n debe [&hellip;]<\/p>\n","protected":false},"author":4,"featured_media":24488,"comment_status":"closed","ping_status":"open","sticky":false,"template":"","format":"standard","meta":{"give_campaign_id":0,"rs_blank_template":"","rs_page_bg_color":"","slide_template_v7":"","footnotes":""},"categories":[32,3],"tags":[75,58,80,67],"class_list":["post-24474","post","type-post","status-publish","format-standard","has-post-thumbnail","hentry","category-novedades","category-portada","tag-feminicidios","tag-gesmujer","tag-oaxaca","tag-violencia"],"_links":{"self":[{"href":"https:\/\/www.gesmujer.org\/sitio\/index.php?rest_route=\/wp\/v2\/posts\/24474","targetHints":{"allow":["GET"]}}],"collection":[{"href":"https:\/\/www.gesmujer.org\/sitio\/index.php?rest_route=\/wp\/v2\/posts"}],"about":[{"href":"https:\/\/www.gesmujer.org\/sitio\/index.php?rest_route=\/wp\/v2\/types\/post"}],"author":[{"embeddable":true,"href":"https:\/\/www.gesmujer.org\/sitio\/index.php?rest_route=\/wp\/v2\/users\/4"}],"replies":[{"embeddable":true,"href":"https:\/\/www.gesmujer.org\/sitio\/index.php?rest_route=%2Fwp%2Fv2%2Fcomments&post=24474"}],"version-history":[{"count":2,"href":"https:\/\/www.gesmujer.org\/sitio\/index.php?rest_route=\/wp\/v2\/posts\/24474\/revisions"}],"predecessor-version":[{"id":24493,"href":"https:\/\/www.gesmujer.org\/sitio\/index.php?rest_route=\/wp\/v2\/posts\/24474\/revisions\/24493"}],"wp:featuredmedia":[{"embeddable":true,"href":"https:\/\/www.gesmujer.org\/sitio\/index.php?rest_route=\/wp\/v2\/media\/24488"}],"wp:attachment":[{"href":"https:\/\/www.gesmujer.org\/sitio\/index.php?rest_route=%2Fwp%2Fv2%2Fmedia&parent=24474"}],"wp:term":[{"taxonomy":"category","embeddable":true,"href":"https:\/\/www.gesmujer.org\/sitio\/index.php?rest_route=%2Fwp%2Fv2%2Fcategories&post=24474"},{"taxonomy":"post_tag","embeddable":true,"href":"https:\/\/www.gesmujer.org\/sitio\/index.php?rest_route=%2Fwp%2Fv2%2Ftags&post=24474"}],"curies":[{"name":"wp","href":"https:\/\/api.w.org\/{rel}","templated":true}]}}