{"id":24531,"date":"2022-01-21T11:56:13","date_gmt":"2022-01-21T17:56:13","guid":{"rendered":"https:\/\/www.gesmujer.org\/sitio\/?p=24531"},"modified":"2022-01-21T12:35:50","modified_gmt":"2022-01-21T18:35:50","slug":"alerta-en-oaxaca-por-feminicidios-de-dos-mujeres-embarazadas","status":"publish","type":"post","link":"https:\/\/www.gesmujer.org\/sitio\/?p=24531","title":{"rendered":"Alerta en Oaxaca por feminicidios de dos mujeres embarazadas"},"content":{"rendered":"\n<p><strong>Diana Manzo, Jueves 20 de enero del 2021, Aristegui Noticias.- <\/strong>El&nbsp;<strong>feminicidio de dos mujeres embarazadas en Oaxaca<\/strong>&nbsp;a finales de 2021 e inicios de 2022 es se\u00f1al de&nbsp;<strong>alerta para la entidad,&nbsp;<\/strong>afirm\u00f3 el Grupo de Estudios para la Mujer \u201cGES Mujer\u201d, que a\u00f1adi\u00f3 que en los primeros 20 d\u00edas de enero, siete mujeres han sido v\u00edctimas de la violencia feminicida en la entidad.<\/p>\n\n\n\n<p>El 30 de diciembre de 2021,&nbsp;<strong>Juliana de 33 a\u00f1os y con dos meses de embarazo<\/strong>&nbsp;fue localizada sin vida dentro de un autom\u00f3vil cerca del arroyo de aguas negras en la colonia Los Puentes, en Santa Cruz Xoxocotl\u00e1n, en los valles centrales de Oaxaca.<\/p>\n\n\n\n<p>De acuerdo con las investigaciones,&nbsp;<strong>Juliana era originaria del municipio de Santa Cruz Xoxocotl\u00e1n<\/strong>&nbsp;y trabajaba en un motel; vest\u00eda con ropa deportiva cuando fue hallada sin vida.<\/p>\n\n\n\n<p>El 14 de enero ocurri\u00f3 el feminicidio de otra mujer embarazada.<strong>&nbsp;El cuerpo de una joven de 23 a\u00f1os de edad apareci\u00f3 en un canal de riego<\/strong>&nbsp;de la colonia M\u00e1rtires 31 de julio, en Juchit\u00e1n.<\/p>\n\n\n\n<figure class=\"wp-block-image\"><a href=\"https:\/\/editorial.aristeguinoticias.com\/wp-content\/uploads\/2022\/01\/oaxaca-alerta-feminicidios-mujeres-embarazadas-2-20012022.jpeg\"><img decoding=\"async\" src=\"https:\/\/editorial.aristeguinoticias.com\/wp-content\/uploads\/2022\/01\/oaxaca-alerta-feminicidios-mujeres-embarazadas-2-20012022-700x438.jpeg\" alt=\"\" class=\"wp-image-1148972\"\/><\/a><\/figure>\n\n\n\n<p>Angelica Ayala, directora de GES Mujer, indic\u00f3 que ambos feminicidios son se\u00f1al de alarma. A\u00f1adi\u00f3 que 589 ni\u00f1as y mujeres han sido asesinadas en la actual administraci\u00f3n, 374 desde la Declaratoria de Alerta por Violencia de G\u00e9nero y siete en lo que va de este 2022.<\/p>\n\n\n\n<p>La activista reconoci\u00f3 que \u201ccausa una profunda preocupaci\u00f3n los siete casos de mujeres que han ocurrido en lo que va de enero de 2022, ya que son un reflejo de la problem\u00e1tica que a\u00f1o con a\u00f1o se repite\u201d.<\/p>\n\n\n\n<figure class=\"wp-block-image\"><a href=\"https:\/\/editorial.aristeguinoticias.com\/wp-content\/uploads\/2022\/01\/oaxaca-alerta-feminicidios-mujeres-embarazadas-3-20012022.jpeg\"><img decoding=\"async\" src=\"https:\/\/editorial.aristeguinoticias.com\/wp-content\/uploads\/2022\/01\/oaxaca-alerta-feminicidios-mujeres-embarazadas-3-20012022-700x438.jpeg\" alt=\"\" class=\"wp-image-1148973\"\/><\/a><\/figure>\n\n\n\n<p>Ayala detall\u00f3 que el 43% de las mujeres hab\u00edan sido reportadas como desaparecidas, por lo que&nbsp;<strong>cuestiona la \u201cincorrecta aplicaci\u00f3n del protocolo de b\u00fasqueda de ni\u00f1as y mujeres desaparecidas<\/strong>, as\u00ed como la falta de coordinaci\u00f3n entre las instancias de procuraci\u00f3n e impartici\u00f3n de justicia\u201d.<\/p>\n\n\n\n<p>El Istmo de Tehuantepec y los Valles Centrales son dos de las ocho regiones de Oaxaca que contin\u00faan siendo las zonas m\u00e1s violentas para las mujeres. En lo que va de la administraci\u00f3n del pri\u00edsta Alejandro Murat se han registrado 129 feminicidios en el Istmo de Tehuantepec y 133 en los Valles Centrales.<\/p>\n\n\n\n<p>Fuente: https:\/\/aristeguinoticias.com\/2001\/mexico\/alerta-en-oaxaca-por-feminicidios-de-dos-mujeres-embarazadas\/<\/p>\n","protected":false},"excerpt":{"rendered":"<p>Diana Manzo, Jueves 20 de enero del 2021, Aristegui Noticias.- El&nbsp;feminicidio de dos mujeres embarazadas en Oaxaca&nbsp;a finales de 2021 e inicios de 2022 es se\u00f1al de&nbsp;alerta para la entidad,&nbsp;afirm\u00f3 el Grupo de Estudios para la Mujer \u201cGES Mujer\u201d, que a\u00f1adi\u00f3 que en los primeros 20 d\u00edas de enero, siete mujeres han sido v\u00edctimas de [&hellip;]<\/p>\n","protected":false},"author":4,"featured_media":24532,"comment_status":"closed","ping_status":"open","sticky":false,"template":"","format":"standard","meta":{"give_campaign_id":0,"rs_blank_template":"","rs_page_bg_color":"","slide_template_v7":"","footnotes":""},"categories":[32,3],"tags":[75,58,80,67],"class_list":["post-24531","post","type-post","status-publish","format-standard","has-post-thumbnail","hentry","category-novedades","category-portada","tag-feminicidios","tag-gesmujer","tag-oaxaca","tag-violencia"],"_links":{"self":[{"href":"https:\/\/www.gesmujer.org\/sitio\/index.php?rest_route=\/wp\/v2\/posts\/24531","targetHints":{"allow":["GET"]}}],"collection":[{"href":"https:\/\/www.gesmujer.org\/sitio\/index.php?rest_route=\/wp\/v2\/posts"}],"about":[{"href":"https:\/\/www.gesmujer.org\/sitio\/index.php?rest_route=\/wp\/v2\/types\/post"}],"author":[{"embeddable":true,"href":"https:\/\/www.gesmujer.org\/sitio\/index.php?rest_route=\/wp\/v2\/users\/4"}],"replies":[{"embeddable":true,"href":"https:\/\/www.gesmujer.org\/sitio\/index.php?rest_route=%2Fwp%2Fv2%2Fcomments&post=24531"}],"version-history":[{"count":2,"href":"https:\/\/www.gesmujer.org\/sitio\/index.php?rest_route=\/wp\/v2\/posts\/24531\/revisions"}],"predecessor-version":[{"id":24534,"href":"https:\/\/www.gesmujer.org\/sitio\/index.php?rest_route=\/wp\/v2\/posts\/24531\/revisions\/24534"}],"wp:featuredmedia":[{"embeddable":true,"href":"https:\/\/www.gesmujer.org\/sitio\/index.php?rest_route=\/wp\/v2\/media\/24532"}],"wp:attachment":[{"href":"https:\/\/www.gesmujer.org\/sitio\/index.php?rest_route=%2Fwp%2Fv2%2Fmedia&parent=24531"}],"wp:term":[{"taxonomy":"category","embeddable":true,"href":"https:\/\/www.gesmujer.org\/sitio\/index.php?rest_route=%2Fwp%2Fv2%2Fcategories&post=24531"},{"taxonomy":"post_tag","embeddable":true,"href":"https:\/\/www.gesmujer.org\/sitio\/index.php?rest_route=%2Fwp%2Fv2%2Ftags&post=24531"}],"curies":[{"name":"wp","href":"https:\/\/api.w.org\/{rel}","templated":true}]}}