{"id":24783,"date":"2022-02-17T11:10:29","date_gmt":"2022-02-17T17:10:29","guid":{"rendered":"https:\/\/www.gesmujer.org\/sitio\/?p=24783"},"modified":"2022-02-17T11:10:32","modified_gmt":"2022-02-17T17:10:32","slug":"ya-van-600-mujeres-asesinadas-en-oaxaca-durante-el-gobierno-de-alejandro-murat","status":"publish","type":"post","link":"https:\/\/www.gesmujer.org\/sitio\/?p=24783","title":{"rendered":"Ya van 600 mujeres asesinadas en Oaxaca durante el gobierno de Alejandro Murat"},"content":{"rendered":"\n<p><strong>Omar D\u00edaz, Mi\u00e9rcoles 9 de febrero del 2022, Publimetro Noticias.- <\/strong>Con las ejecuciones de Arcenia, Valentina y Dayana de 34, 36 y 3 a\u00f1os de edad, respectivamente,\u00a0<strong>ya son 600 las mujeres que han sido asesinadas en\u00a0<\/strong><a href=\"https:\/\/www.publimetro.com.mx\/noticias\/2022\/02\/08\/oaxaca-por-austeridad-se-pierden-en-dos-anos-200-mil-hectareas-de-suelo-cultivable\/\" target=\"_blank\" rel=\"noreferrer noopener\"><strong>Oaxaca<\/strong><\/a><strong>\u00a0durante el gobierno de Alejandro Murat.<\/strong><\/p>\n\n\n\n<p>Lo anterior, de acuerdo al Grupo de Estudios sobre la Mujer \u2018Rosario Castellanos\u2019 (<a href=\"https:\/\/twitter.com\/GES_Mujer\" target=\"_blank\" rel=\"noreferrer noopener\">GESMujer<\/a>), el cual detall\u00f3 que tan s\u00f3lo durante las primeras semanas del a\u00f1o se han contabilizado 18 asesinatos de mujeres, de las cuales\u00a0<strong>12 se han cometido en el Istmo de Tehuantepec<\/strong>, particularmente en el municipio de Juchit\u00e1n; cinco en los Valles Centrales y uno en la regi\u00f3n de la Ca\u00f1ada.<\/p>\n\n\n\n<p><strong>La mitad de los feminicidios en Oaxaca, seg\u00fan la organizaci\u00f3n, se cometieron con armas de fuego<\/strong>, lo que ratifica el v\u00ednculo fatal que existe entre los feminicidios y la presencia de armas en el estado.<\/p>\n\n\n\n<p>Ang\u00e9lica Ayala Ortiz, presidenta del&nbsp;<a href=\"https:\/\/www.gesmujer.org\/sitio\/la-mitad-de-feminicidios-en-oaxaca-se-ejecutaron-con-armas-de-fuego\/\" target=\"_blank\" rel=\"noreferrer noopener\">GESMujer<\/a>, destac\u00f3 que&nbsp;<strong>\u201ccuando existe un entorno de violencia comunitaria o delictiva<\/strong>, las armas de fuego representan un riesgo para la seguridad y la vida de las mujeres\u201d.<\/p>\n\n\n\n<p>En el informe \u2018<a href=\"https:\/\/equis.org.mx\/violencia-de-genero-con-armas-de-fuego-en-mexico\/\" target=\"_blank\" rel=\"noreferrer noopener\">Violencia de G\u00e9nero con Armas de Fuego en M\u00e9xico<\/a>\u2019 presentado en 2021 por Equis Justicia para las Mujeres, detalla que en la d\u00e9cada de los 2000, tres de cada 10 mujeres eran asesinadas de esta manera;\u00a0<strong>para 2010 eran 5.4%; y en 2019 ya eran casi seis de cada 10.<\/strong><\/p>\n\n\n\n<p>El informe se\u00f1ala que \u201cla violencia armada no es nueva: los hombres ya eran asesinados en su mayor\u00eda por medio de un arma de fuego, pero entre las mujeres \u00e9ste no era precisamente el caso. Si se miran las tasas por modo de ocurrencia, de 2000 a 2007 no hab\u00eda mucha diferencia entre la incidencia con arma blanca, arma de fuego y asfixia -los modos m\u00e1s comunes de homicidio de mujeres-.\u00a0<strong>Incluso, de 2003 a 2006 la asfixia result\u00f3 ser m\u00e1s alta que los asesinatos con arma blanca\u201d.<\/strong><\/p>\n\n\n\n<p>El monitoreo de violencia feminicida realizado por el GESMujer, detalla que han sido asesinadas&nbsp;<strong>375 mujeres desde la Declaratoria de Alerta de Violencia de G\u00e9nero contra las Mujeres<\/strong>&nbsp;(AVG) en Oaxaca.<\/p>\n\n\n\n<h3 class=\"wp-block-heading\">Disputa entre bandas<\/h3>\n\n\n\n<p>Al respecto, el presidente municipal de Juchit\u00e1n, Emilio Montero, afirm\u00f3 que las recientes ataques armados que han dejado 10 ejecutados en los \u00faltimos cinco d\u00edas, entre ellas ocho mujeres,\u00a0<strong>es el resultado de un conflicto de bandas locales vinculadas a la venta de drogas como el cristal, el narcomenudeo, al robo a casa habitaci\u00f3n y los secuestros.<\/strong><\/p>\n\n\n\n<p>En una entrevista radiof\u00f3nica en el noticiario&nbsp;<em>Oro Divisi\u00f3n Noticias<\/em>,&nbsp;<strong>el presidente municipal descart\u00f3 la presencia de la delincuencia organizada en Juchit\u00e1n, sino que se trata de bandas locales.<\/strong><\/p>\n\n\n\n<figure class=\"wp-block-image\"><img decoding=\"async\" src=\"https:\/\/www.publimetro.com.mx\/resizer\/2A2Pc5rCPIFXbWmeJGaQxP5ruLc=\/1440x0\/filters:format(jpg):quality(70):focal(373x230:383x240)\/cloudfront-us-east-1.images.arcpublishing.com\/metroworldnews\/7QQZSWUM6NALFPZ53BNAYJCF4I.jpg\" alt=\"\"\/><figcaption>Feminicidios.&nbsp;(Foto: Notimex)<\/figcaption><\/figure>\n\n\n\n<blockquote class=\"wp-block-quote is-layout-flow wp-block-quote-is-layout-flow\"><p>\u201cEl impacto social que han generado estas acciones delincuenciales, me obliga a decirlo de manera contundente es que estos hijos de estas familias est\u00e1n vinculados a la venta del cristal, al narcomenudeo y a los secuestros. Los datos arrojan que existe un conflicto de bandas locales, se descarta la presencia de la delincuencia organizada en Juchit\u00e1n\u201d.\u2014 &nbsp;Emilio Montero<\/p><\/blockquote>\n\n\n\n<p>A pesar de este conteo, las cifras oficiales del Secretariado Ejecutivo del Sistema Nacional de Seguridad P\u00fablica (<a href=\"https:\/\/drive.google.com\/file\/d\/1DNbsVeXlBSJZv-TkwtlYfrxfaKBxt0gC\/view\" target=\"_blank\" rel=\"noreferrer noopener\">SNSP<\/a>) refieren que\u00a0<strong>desde el 1 de diciembre de 2016 al 31 de diciembre de 2021, \u00fanicamente se han cometido en la entidad 209 feminicidios.<\/strong><\/p>\n\n\n\n<p>Fuente: https:\/\/www.publimetro.com.mx\/noticias\/2022\/02\/10\/oaxaca-los-feminicidios-van-en-aumento-durante-el-gobierno-de-alejandro-murat\/<\/p>\n","protected":false},"excerpt":{"rendered":"<p>Omar D\u00edaz, Mi\u00e9rcoles 9 de febrero del 2022, Publimetro Noticias.- Con las ejecuciones de Arcenia, Valentina y Dayana de 34, 36 y 3 a\u00f1os de edad, respectivamente,\u00a0ya son 600 las mujeres que han sido asesinadas en\u00a0Oaxaca\u00a0durante el gobierno de Alejandro Murat. Lo anterior, de acuerdo al Grupo de Estudios sobre la Mujer \u2018Rosario Castellanos\u2019 (GESMujer), [&hellip;]<\/p>\n","protected":false},"author":4,"featured_media":24784,"comment_status":"closed","ping_status":"open","sticky":false,"template":"","format":"standard","meta":{"give_campaign_id":0,"rs_blank_template":"","rs_page_bg_color":"","slide_template_v7":"","footnotes":""},"categories":[568,91,32],"tags":[75,58,80,67],"class_list":["post-24783","post","type-post","status-publish","format-standard","has-post-thumbnail","hentry","category-monitoreo","category-notas","category-novedades","tag-feminicidios","tag-gesmujer","tag-oaxaca","tag-violencia"],"_links":{"self":[{"href":"https:\/\/www.gesmujer.org\/sitio\/index.php?rest_route=\/wp\/v2\/posts\/24783","targetHints":{"allow":["GET"]}}],"collection":[{"href":"https:\/\/www.gesmujer.org\/sitio\/index.php?rest_route=\/wp\/v2\/posts"}],"about":[{"href":"https:\/\/www.gesmujer.org\/sitio\/index.php?rest_route=\/wp\/v2\/types\/post"}],"author":[{"embeddable":true,"href":"https:\/\/www.gesmujer.org\/sitio\/index.php?rest_route=\/wp\/v2\/users\/4"}],"replies":[{"embeddable":true,"href":"https:\/\/www.gesmujer.org\/sitio\/index.php?rest_route=%2Fwp%2Fv2%2Fcomments&post=24783"}],"version-history":[{"count":1,"href":"https:\/\/www.gesmujer.org\/sitio\/index.php?rest_route=\/wp\/v2\/posts\/24783\/revisions"}],"predecessor-version":[{"id":24785,"href":"https:\/\/www.gesmujer.org\/sitio\/index.php?rest_route=\/wp\/v2\/posts\/24783\/revisions\/24785"}],"wp:featuredmedia":[{"embeddable":true,"href":"https:\/\/www.gesmujer.org\/sitio\/index.php?rest_route=\/wp\/v2\/media\/24784"}],"wp:attachment":[{"href":"https:\/\/www.gesmujer.org\/sitio\/index.php?rest_route=%2Fwp%2Fv2%2Fmedia&parent=24783"}],"wp:term":[{"taxonomy":"category","embeddable":true,"href":"https:\/\/www.gesmujer.org\/sitio\/index.php?rest_route=%2Fwp%2Fv2%2Fcategories&post=24783"},{"taxonomy":"post_tag","embeddable":true,"href":"https:\/\/www.gesmujer.org\/sitio\/index.php?rest_route=%2Fwp%2Fv2%2Ftags&post=24783"}],"curies":[{"name":"wp","href":"https:\/\/api.w.org\/{rel}","templated":true}]}}