{"id":24796,"date":"2022-02-19T14:09:00","date_gmt":"2022-02-19T20:09:00","guid":{"rendered":"https:\/\/www.gesmujer.org\/sitio\/?p=24796"},"modified":"2022-02-19T14:09:38","modified_gmt":"2022-02-19T20:09:38","slug":"desdenan-diputados-a-las-mujeres-se-han-registrado-602-feminicidios-en-oaxaca","status":"publish","type":"post","link":"https:\/\/www.gesmujer.org\/sitio\/?p=24796","title":{"rendered":"Desde\u00f1an diputados a las mujeres; se han registrado 602 feminicidios en Oaxaca"},"content":{"rendered":"\n<p><strong>Carina Garc\u00eda, Mi\u00e9rcoles 16 de Febrero del 2022, Primera L\u00ednea.-<\/strong> En comparecencia de la titular de la SMO, Ana V\u00e1squez, s\u00f3lo un legislador estuvo presente.<\/p>\n\n\n\n<p>Con 602 casos de feminicidios registrados en este sexenio; 387 desde la declaraci\u00f3n de alerta de g\u00e9nero y 20 en este 2022, los diputados de la LXV Legislatura no s\u00f3lo menospreciaron al sector al no asistir al informe presentado por la Secretar\u00eda de las Mujeres de Oaxaque\u00f1as (SMO).<\/p>\n\n\n\n<p>Los hechos de violencia, en su mayor\u00eda, se han registrado en las regios de Valles Centrales, Istmo de Tehuantepec, Costa, de acuerdo al estudio hemerogr\u00e1fico que realiza el Grupo de Estudios sobre la mujer Rosario Castellanos (GESMujer).<\/p>\n\n\n\n<p>Del \u00faltimo informe presentado por el organismo, los casos de mujeres asesinadas pas\u00f3 de 595 a 602; es decir, que en tan s\u00f3lo en 13 d\u00edas se registraron 7 m\u00e1s.<\/p>\n\n\n\n<p>El recuento que realiza el organismo se\u00f1ala que la entidad se ha convertido en una de las m\u00e1s violentas para este sector. <\/p>\n\n\n\n<p>Las regiones de Valles Centrales, as\u00ed como el Istmo de Tehuantepec son de las m\u00e1s peligrosas toda vez que se han registrado m\u00e1s de un ciento de asesinatos; le sigue la Costa, la Cuenca del Papaloapan y la Mixteca, adem\u00e1s de la Sierra Sur y Sierra Norte con 40 y 23 casos respectivamente. <\/p>\n\n\n\n<p>Durante la comparecencia de la SMO, el vac\u00edo de curules perme\u00f3, s\u00f3lo un diputado se encontraba presente toda vez que forma parte de la Comisi\u00f3n Permanente de G\u00e9nero.<\/p>\n\n\n\n<p>De las diputadas presentes, entre ellas la presidenta de la Comisi\u00f3n Elvia Gabriela P\u00e9rez, ninguna se pronunci\u00f3 por las muertes de las mujeres.<\/p>\n\n\n\n<p>S\u00f3lo se enfocaron en preguntar sobre presupuestos, personal y n\u00famero de capacitaciones, ante la insistencia de estas preguntas, la titular de la dependencia, Ana V\u00e1squez reproch\u00f3 la insuficiencia de recursos para sacar adelante la pol\u00edtica de protecci\u00f3n a mujeres y ni\u00f1as del estado.<\/p>\n\n\n\n<p>La funcionaria extern\u00f3 que son la secretar\u00eda con el presupuesto m\u00e1s peque\u00f1o para atender peque\u00f1os problemas de grupos vulnerables.<\/p>\n\n\n\n<p>Les aclar\u00f3 que la dependencia tiene un presupuesto menor al que el Sistema para el Desarrollo Integral de la Familia (DIF), posee para atender a las ni\u00f1as y ni\u00f1os.<\/p>\n\n\n\n<p>Ejemplific\u00f3 que la SMO no tiene un edificio propio, como lo establece el programa Nacional de Refugios para la atenci\u00f3n de las mujeres, donde resguardar a las v\u00edctimas de g\u00e9nero.<\/p>\n\n\n\n<p>Fuente: https:\/\/www.primeralinea.mx\/2022\/02\/16\/desdenan-diputados-a-las-mujeres-se-han-registrado-602-feminicidios-en-oaxaca\/<\/p>\n","protected":false},"excerpt":{"rendered":"<p>Carina Garc\u00eda, Mi\u00e9rcoles 16 de Febrero del 2022, Primera L\u00ednea.- En comparecencia de la titular de la SMO, Ana V\u00e1squez, s\u00f3lo un legislador estuvo presente. Con 602 casos de feminicidios registrados en este sexenio; 387 desde la declaraci\u00f3n de alerta de g\u00e9nero y 20 en este 2022, los diputados de la LXV Legislatura no s\u00f3lo [&hellip;]<\/p>\n","protected":false},"author":4,"featured_media":24798,"comment_status":"closed","ping_status":"open","sticky":false,"template":"","format":"standard","meta":{"give_campaign_id":0,"rs_blank_template":"","rs_page_bg_color":"","slide_template_v7":"","footnotes":""},"categories":[568,32,3],"tags":[60,75,58],"class_list":["post-24796","post","type-post","status-publish","format-standard","has-post-thumbnail","hentry","category-monitoreo","category-novedades","category-portada","tag-derechos-mujeres","tag-feminicidios","tag-gesmujer"],"_links":{"self":[{"href":"https:\/\/www.gesmujer.org\/sitio\/index.php?rest_route=\/wp\/v2\/posts\/24796","targetHints":{"allow":["GET"]}}],"collection":[{"href":"https:\/\/www.gesmujer.org\/sitio\/index.php?rest_route=\/wp\/v2\/posts"}],"about":[{"href":"https:\/\/www.gesmujer.org\/sitio\/index.php?rest_route=\/wp\/v2\/types\/post"}],"author":[{"embeddable":true,"href":"https:\/\/www.gesmujer.org\/sitio\/index.php?rest_route=\/wp\/v2\/users\/4"}],"replies":[{"embeddable":true,"href":"https:\/\/www.gesmujer.org\/sitio\/index.php?rest_route=%2Fwp%2Fv2%2Fcomments&post=24796"}],"version-history":[{"count":2,"href":"https:\/\/www.gesmujer.org\/sitio\/index.php?rest_route=\/wp\/v2\/posts\/24796\/revisions"}],"predecessor-version":[{"id":24800,"href":"https:\/\/www.gesmujer.org\/sitio\/index.php?rest_route=\/wp\/v2\/posts\/24796\/revisions\/24800"}],"wp:featuredmedia":[{"embeddable":true,"href":"https:\/\/www.gesmujer.org\/sitio\/index.php?rest_route=\/wp\/v2\/media\/24798"}],"wp:attachment":[{"href":"https:\/\/www.gesmujer.org\/sitio\/index.php?rest_route=%2Fwp%2Fv2%2Fmedia&parent=24796"}],"wp:term":[{"taxonomy":"category","embeddable":true,"href":"https:\/\/www.gesmujer.org\/sitio\/index.php?rest_route=%2Fwp%2Fv2%2Fcategories&post=24796"},{"taxonomy":"post_tag","embeddable":true,"href":"https:\/\/www.gesmujer.org\/sitio\/index.php?rest_route=%2Fwp%2Fv2%2Ftags&post=24796"}],"curies":[{"name":"wp","href":"https:\/\/api.w.org\/{rel}","templated":true}]}}