{"id":24801,"date":"2022-02-23T12:42:24","date_gmt":"2022-02-23T18:42:24","guid":{"rendered":"https:\/\/www.gesmujer.org\/sitio\/?p=24801"},"modified":"2022-02-23T12:42:26","modified_gmt":"2022-02-23T18:42:26","slug":"oaxaca-cerro-enero-con-la-segunda-tasa-mas-alta-de-feminicidios-en-mexico","status":"publish","type":"post","link":"https:\/\/www.gesmujer.org\/sitio\/oaxaca-cerro-enero-con-la-segunda-tasa-mas-alta-de-feminicidios-en-mexico\/","title":{"rendered":"Oaxaca cerr\u00f3 enero con la segunda tasa m\u00e1s alta de feminicidios en M\u00e9xico"},"content":{"rendered":"\n<p><strong>Jos\u00e9 Luis Ramos Col\u00edn, Martes 22 de Febrero del 2022, Publimetro.- <\/strong>Durante enero,\u00a0<a href=\"https:\/\/www.oaxaca.gob.mx\/\" target=\"_blank\" rel=\"noreferrer noopener\">Oaxaca<\/a>\u00a0obtuvo la segunda tasa m\u00e1s alta de\u00a0<a href=\"https:\/\/www.publimetro.com.mx\/tags\/feminicidio\/\" target=\"_blank\" rel=\"noreferrer noopener\"><strong>feminicidio<\/strong><\/a>\u00a0a nivel nacional con 0.28 incidentes por cada 100 mil habitantes, solo detr\u00e1s de Tabasco que registr\u00f3 0.38 v\u00edctimas. El primer mes de 2022 ya es el inicio de a\u00f1o m\u00e1s feminicida en lo que va del mandato de\u00a0<a href=\"https:\/\/twitter.com\/alejandromurat\" target=\"_blank\" rel=\"noreferrer noopener\">Alejandro Murat<\/a>.<\/p>\n\n\n\n<p>En enero se cometieron ocho homicidios de mujeres en Oaxaca, de los cuales seis son investigados como feminicidio, de acuerdo con el\u00a0<a href=\"https:\/\/www.gob.mx\/sesnsp\/articulos\/incidencia-delictiva?idiom=es\" target=\"_blank\" rel=\"noreferrer noopener\"><strong>Secretariado Ejecutivo del Sistema Nacional de Seguridad P\u00fablica (SESNSP)<\/strong><\/a>. Esta cifra supera a los datos del mismo mes de todo el sexenio de Murat, e iguala al registro de enero de 2016, cuando fung\u00eda como gobernador Gabino Cu\u00e9.<\/p>\n\n\n\n<p>Seg\u00fan cifras del<a href=\"http:\/\/oaxaca.semaforo.com.mx\/Semaforo\/Ultimos5Anios\">&nbsp;Sem\u00e1foro Delictivo<\/a>, durante enero de 2017 se cometieron cuatro feminicidios; en el mismo mes de 2018 dos; en 2019 cuatro; en tanto que en el mismo lapso de 2020 y 2021 se registraron dos, respectivamente.<\/p>\n\n\n\n<p>Sin embargo, a pesar de que las cifras oficiales ya ponen al primer mes de 2022 como un periodo marcado por la violencia feminicida, los conteos extraoficiales apuntan a una realidad m\u00e1s desoladora.<\/p>\n\n\n\n<p>El seguimiento hemerogr\u00e1fico que realiza el\u00a0<a href=\"https:\/\/www.gesmujer.org\/sitio\/en\/monitoreo-de-violencia-feminicida\/\" target=\"_blank\" rel=\"noreferrer noopener\">Observatorio de Violencia Feminicida\u00a0<\/a>del\u00a0<a href=\"https:\/\/www.gesmujer.org\/sitio\/en\/\" target=\"_blank\" rel=\"noreferrer noopener\"><strong>Grupo de Estudios Sobre la Mujer (GESMujer) \u201cRosario Castellanos\u201d<\/strong><\/a>, document\u00f3 que entre el primero de enero y\u00a0el 15 de febrero, se cometieron 20 muertes violentas de mujeres en Oaxaca, un incidente cada dos d\u00edas aproximadamente.<\/p>\n\n\n\n<p>La regi\u00f3n con mayor incidencia en feminicidios en lo que va de 2022 es el Istmo de Tehuantepec, pues concentra el 60% de los delitos con 12; le sigue Valles Centrales con 4; la Costa con 2; y Sierra Sur y Ca\u00f1ada con 1, respectivamente.<\/p>\n\n\n\n<p>Cabe mencionar que el 70% (14) de los feminicidios que se contabilizaron durante enero se perpetraron con arma de fuego. A inicios de febrero, la directora del GESMujer, Ang\u00e9lica Ayala Ortiz, declar\u00f3 que la presencia de armas en el estado, relacionada con la violencia comunitaria y delictiva, es un factor de riesgo para las mujeres de la entidad.<\/p>\n\n\n\n<h3 class=\"wp-block-heading\">El sexenio con m\u00e1s mujeres asesinadas<\/h3>\n\n\n\n<p>De acuerdo con el GESMujer, el mandato de Alejandro Murat ha sido es el que m\u00e1s se han perpetrado m\u00e1s asesinatos de mujeres en los \u00faltimos 24 a\u00f1os. Durante el gobierno de su padre (1998-2004), Jos\u00e9 Murat, se perpetraron 429; en la administraci\u00f3n de Ulises Ruiz (2004-2010), 283; con Gabino Cu\u00e9 (2010-2016) 527; mientras que con el actual gobernador se contabilizan 602.<\/p>\n\n\n\n<p>Fuente: https:\/\/www.publimetro.com.mx\/noticias\/2022\/02\/22\/oaxaca-cerro-enero-con-la-segunda-tasa-mas-alta-de-feminicidios-en-mexico\/<\/p>\n","protected":false},"excerpt":{"rendered":"<p>Jos\u00e9 Luis Ramos Col\u00edn, Martes 22 de Febrero del 2022, Publimetro.- Durante enero,\u00a0Oaxaca\u00a0obtuvo la segunda tasa m\u00e1s alta de\u00a0feminicidio\u00a0a nivel nacional con 0.28 incidentes por cada 100 mil habitantes, solo detr\u00e1s de Tabasco que registr\u00f3 0.38 v\u00edctimas. El primer mes de 2022 ya es el inicio de a\u00f1o m\u00e1s feminicida en lo que va del [&hellip;]<\/p>\n","protected":false},"author":4,"featured_media":24802,"comment_status":"closed","ping_status":"open","sticky":false,"template":"","format":"standard","meta":{"give_campaign_id":0,"footnotes":""},"categories":[568,91,32,3],"tags":[75,58,80,67],"class_list":["post-24801","post","type-post","status-publish","format-standard","has-post-thumbnail","hentry","category-monitoreo","category-notas","category-novedades","category-portada","tag-feminicidios","tag-gesmujer","tag-oaxaca","tag-violencia"],"yoast_head":"<!-- This site is optimized with the Yoast SEO plugin v27.4 - https:\/\/yoast.com\/product\/yoast-seo-wordpress\/ -->\n<title>Oaxaca cerr\u00f3 enero con la segunda tasa m\u00e1s alta de feminicidios en M\u00e9xico - GESMujer &quot;Rosario Castellanos&quot;<\/title>\n<meta name=\"robots\" content=\"index, follow, max-snippet:-1, max-image-preview:large, max-video-preview:-1\" \/>\n<link rel=\"canonical\" href=\"https:\/\/www.gesmujer.org\/sitio\/oaxaca-cerro-enero-con-la-segunda-tasa-mas-alta-de-feminicidios-en-mexico\/\" \/>\n<meta property=\"og:locale\" content=\"es_MX\" \/>\n<meta property=\"og:type\" content=\"article\" \/>\n<meta property=\"og:title\" content=\"Oaxaca cerr\u00f3 enero con la segunda tasa m\u00e1s alta de feminicidios en M\u00e9xico\" \/>\n<meta property=\"og:description\" content=\"Esta cifra supera a los datos del mismo mes de todo el sexenio de Murat, e iguala al registro de enero de 2016, cuando fung\u00eda como gobernador Gabino Cu\u00e9.\" \/>\n<meta property=\"og:url\" content=\"https:\/\/www.gesmujer.org\/sitio\/oaxaca-cerro-enero-con-la-segunda-tasa-mas-alta-de-feminicidios-en-mexico\/\" \/>\n<meta property=\"og:site_name\" content=\"GESMujer &quot;Rosario Castellanos&quot;\" \/>\n<meta property=\"article:publisher\" content=\"https:\/\/www.facebook.com\/gesmujer.rosario.castellanos.ac\" \/>\n<meta property=\"article:published_time\" content=\"2022-02-23T18:42:24+00:00\" \/>\n<meta property=\"article:modified_time\" content=\"2022-02-23T18:42:26+00:00\" \/>\n<meta property=\"og:image\" content=\"https:\/\/www.gesmujer.org\/sitio\/wp-content\/uploads\/2022\/02\/LQXSW4S6PVC3NGP76NS5M5F4KA.jpeg\" \/>\n\t<meta property=\"og:image:width\" content=\"800\" \/>\n\t<meta property=\"og:image:height\" content=\"553\" \/>\n\t<meta property=\"og:image:type\" content=\"image\/jpeg\" \/>\n<meta name=\"author\" content=\"cendoc\" \/>\n<meta name=\"twitter:card\" content=\"summary_large_image\" \/>\n<meta name=\"twitter:title\" content=\"Oaxaca cerr\u00f3 enero con la segunda tasa m\u00e1s alta de feminicidios en M\u00e9xico\" \/>\n<meta name=\"twitter:description\" content=\"Esta cifra supera a los datos del mismo mes de todo el sexenio de Murat, e iguala al registro de enero de 2016, cuando fung\u00eda como gobernador Gabino Cu\u00e9.\" \/>\n<meta name=\"twitter:image\" content=\"https:\/\/www.gesmujer.org\/sitio\/wp-content\/uploads\/2022\/02\/LQXSW4S6PVC3NGP76NS5M5F4KA.jpeg\" \/>\n<meta name=\"twitter:creator\" content=\"@GES_Mujer\" \/>\n<meta name=\"twitter:site\" content=\"@GES_Mujer\" \/>\n<meta name=\"twitter:label1\" content=\"Escrito por\" \/>\n\t<meta name=\"twitter:data1\" content=\"cendoc\" \/>\n\t<meta name=\"twitter:label2\" content=\"Tiempo de lectura\" \/>\n\t<meta name=\"twitter:data2\" content=\"2 minutos\" \/>\n<script type=\"application\/ld+json\" class=\"yoast-schema-graph\">{\"@context\":\"https:\\\/\\\/schema.org\",\"@graph\":[{\"@type\":\"Article\",\"@id\":\"https:\\\/\\\/www.gesmujer.org\\\/sitio\\\/oaxaca-cerro-enero-con-la-segunda-tasa-mas-alta-de-feminicidios-en-mexico\\\/#article\",\"isPartOf\":{\"@id\":\"https:\\\/\\\/www.gesmujer.org\\\/sitio\\\/oaxaca-cerro-enero-con-la-segunda-tasa-mas-alta-de-feminicidios-en-mexico\\\/\"},\"author\":{\"name\":\"cendoc\",\"@id\":\"https:\\\/\\\/www.gesmujer.org\\\/sitio\\\/#\\\/schema\\\/person\\\/50e03387f883646c2714c51783a7e288\"},\"headline\":\"Oaxaca cerr\u00f3 enero con la segunda tasa m\u00e1s alta de feminicidios en M\u00e9xico\",\"datePublished\":\"2022-02-23T18:42:24+00:00\",\"dateModified\":\"2022-02-23T18:42:26+00:00\",\"mainEntityOfPage\":{\"@id\":\"https:\\\/\\\/www.gesmujer.org\\\/sitio\\\/oaxaca-cerro-enero-con-la-segunda-tasa-mas-alta-de-feminicidios-en-mexico\\\/\"},\"wordCount\":430,\"publisher\":{\"@id\":\"https:\\\/\\\/www.gesmujer.org\\\/sitio\\\/#organization\"},\"image\":{\"@id\":\"https:\\\/\\\/www.gesmujer.org\\\/sitio\\\/oaxaca-cerro-enero-con-la-segunda-tasa-mas-alta-de-feminicidios-en-mexico\\\/#primaryimage\"},\"thumbnailUrl\":\"https:\\\/\\\/www.gesmujer.org\\\/sitio\\\/wp-content\\\/uploads\\\/2022\\\/02\\\/LQXSW4S6PVC3NGP76NS5M5F4KA.jpeg\",\"keywords\":[\"Feminicidios\",\"GESMujer\",\"Oaxaca\",\"Violencia\"],\"articleSection\":[\"MONITOREO\",\"NOTAS\",\"NOTICIAS\",\"portada\"],\"inLanguage\":\"es\"},{\"@type\":\"WebPage\",\"@id\":\"https:\\\/\\\/www.gesmujer.org\\\/sitio\\\/oaxaca-cerro-enero-con-la-segunda-tasa-mas-alta-de-feminicidios-en-mexico\\\/\",\"url\":\"https:\\\/\\\/www.gesmujer.org\\\/sitio\\\/oaxaca-cerro-enero-con-la-segunda-tasa-mas-alta-de-feminicidios-en-mexico\\\/\",\"name\":\"Oaxaca cerr\u00f3 enero con la segunda tasa m\u00e1s alta de feminicidios en M\u00e9xico - GESMujer &quot;Rosario Castellanos&quot;\",\"isPartOf\":{\"@id\":\"https:\\\/\\\/www.gesmujer.org\\\/sitio\\\/#website\"},\"primaryImageOfPage\":{\"@id\":\"https:\\\/\\\/www.gesmujer.org\\\/sitio\\\/oaxaca-cerro-enero-con-la-segunda-tasa-mas-alta-de-feminicidios-en-mexico\\\/#primaryimage\"},\"image\":{\"@id\":\"https:\\\/\\\/www.gesmujer.org\\\/sitio\\\/oaxaca-cerro-enero-con-la-segunda-tasa-mas-alta-de-feminicidios-en-mexico\\\/#primaryimage\"},\"thumbnailUrl\":\"https:\\\/\\\/www.gesmujer.org\\\/sitio\\\/wp-content\\\/uploads\\\/2022\\\/02\\\/LQXSW4S6PVC3NGP76NS5M5F4KA.jpeg\",\"datePublished\":\"2022-02-23T18:42:24+00:00\",\"dateModified\":\"2022-02-23T18:42:26+00:00\",\"breadcrumb\":{\"@id\":\"https:\\\/\\\/www.gesmujer.org\\\/sitio\\\/oaxaca-cerro-enero-con-la-segunda-tasa-mas-alta-de-feminicidios-en-mexico\\\/#breadcrumb\"},\"inLanguage\":\"es\",\"potentialAction\":[{\"@type\":\"ReadAction\",\"target\":[\"https:\\\/\\\/www.gesmujer.org\\\/sitio\\\/oaxaca-cerro-enero-con-la-segunda-tasa-mas-alta-de-feminicidios-en-mexico\\\/\"]}]},{\"@type\":\"ImageObject\",\"inLanguage\":\"es\",\"@id\":\"https:\\\/\\\/www.gesmujer.org\\\/sitio\\\/oaxaca-cerro-enero-con-la-segunda-tasa-mas-alta-de-feminicidios-en-mexico\\\/#primaryimage\",\"url\":\"https:\\\/\\\/www.gesmujer.org\\\/sitio\\\/wp-content\\\/uploads\\\/2022\\\/02\\\/LQXSW4S6PVC3NGP76NS5M5F4KA.jpeg\",\"contentUrl\":\"https:\\\/\\\/www.gesmujer.org\\\/sitio\\\/wp-content\\\/uploads\\\/2022\\\/02\\\/LQXSW4S6PVC3NGP76NS5M5F4KA.jpeg\",\"width\":800,\"height\":553},{\"@type\":\"BreadcrumbList\",\"@id\":\"https:\\\/\\\/www.gesmujer.org\\\/sitio\\\/oaxaca-cerro-enero-con-la-segunda-tasa-mas-alta-de-feminicidios-en-mexico\\\/#breadcrumb\",\"itemListElement\":[{\"@type\":\"ListItem\",\"position\":1,\"name\":\"Home\",\"item\":\"https:\\\/\\\/www.gesmujer.org\\\/sitio\\\/\"},{\"@type\":\"ListItem\",\"position\":2,\"name\":\"Oaxaca cerr\u00f3 enero con la segunda tasa m\u00e1s alta de feminicidios en M\u00e9xico\"}]},{\"@type\":\"WebSite\",\"@id\":\"https:\\\/\\\/www.gesmujer.org\\\/sitio\\\/#website\",\"url\":\"https:\\\/\\\/www.gesmujer.org\\\/sitio\\\/\",\"name\":\"GESMujer \\\"Rosario Castellanos\\\"\",\"description\":\"M\u00e1s de 45 a\u00f1os ha llevado a cabo acciones para erradicar la violencia de g\u00e9nero y construir entornos donde las mujeres encuentren su resiliencia, incrementen su agencia y autonom\u00eda que les permita lograr su empoderamiento a trav\u00e9s de cinco l\u00edneas de acci\u00f3n.\",\"publisher\":{\"@id\":\"https:\\\/\\\/www.gesmujer.org\\\/sitio\\\/#organization\"},\"alternateName\":\"GESMujer\",\"potentialAction\":[{\"@type\":\"SearchAction\",\"target\":{\"@type\":\"EntryPoint\",\"urlTemplate\":\"https:\\\/\\\/www.gesmujer.org\\\/sitio\\\/?s={search_term_string}\"},\"query-input\":{\"@type\":\"PropertyValueSpecification\",\"valueRequired\":true,\"valueName\":\"search_term_string\"}}],\"inLanguage\":\"es\"},{\"@type\":\"Organization\",\"@id\":\"https:\\\/\\\/www.gesmujer.org\\\/sitio\\\/#organization\",\"name\":\"Grupo de estudios sobre la mujer Rosario Castellanos ac\",\"alternateName\":\"GESMujer\",\"url\":\"https:\\\/\\\/www.gesmujer.org\\\/sitio\\\/\",\"logo\":{\"@type\":\"ImageObject\",\"inLanguage\":\"es\",\"@id\":\"https:\\\/\\\/www.gesmujer.org\\\/sitio\\\/#\\\/schema\\\/logo\\\/image\\\/\",\"url\":\"https:\\\/\\\/www.gesmujer.org\\\/sitio\\\/wp-content\\\/uploads\\\/2026\\\/03\\\/Logo-GESMujer-300.png\",\"contentUrl\":\"https:\\\/\\\/www.gesmujer.org\\\/sitio\\\/wp-content\\\/uploads\\\/2026\\\/03\\\/Logo-GESMujer-300.png\",\"width\":300,\"height\":141,\"caption\":\"Grupo de estudios sobre la mujer Rosario Castellanos ac\"},\"image\":{\"@id\":\"https:\\\/\\\/www.gesmujer.org\\\/sitio\\\/#\\\/schema\\\/logo\\\/image\\\/\"},\"sameAs\":[\"https:\\\/\\\/www.facebook.com\\\/gesmujer.rosario.castellanos.ac\",\"https:\\\/\\\/x.com\\\/GES_Mujer\",\"https:\\\/\\\/www.instagram.com\\\/ges_mujer\\\/?hl=es\",\"https:\\\/\\\/www.youtube.com\\\/c\\\/GESMujerRosarioCastellanos\\\/videos\",\"https:\\\/\\\/soundcloud.com\\\/gesmujerac\",\"https:\\\/\\\/www.tiktok.com\\\/@gesmujer\"]},{\"@type\":\"Person\",\"@id\":\"https:\\\/\\\/www.gesmujer.org\\\/sitio\\\/#\\\/schema\\\/person\\\/50e03387f883646c2714c51783a7e288\",\"name\":\"cendoc\",\"image\":{\"@type\":\"ImageObject\",\"inLanguage\":\"es\",\"@id\":\"https:\\\/\\\/secure.gravatar.com\\\/avatar\\\/2f187338ccb33c33bc1b08e92e2247a6891db221398e12bbc0f5ff0cfc462495?s=96&d=mm&r=g\",\"url\":\"https:\\\/\\\/secure.gravatar.com\\\/avatar\\\/2f187338ccb33c33bc1b08e92e2247a6891db221398e12bbc0f5ff0cfc462495?s=96&d=mm&r=g\",\"contentUrl\":\"https:\\\/\\\/secure.gravatar.com\\\/avatar\\\/2f187338ccb33c33bc1b08e92e2247a6891db221398e12bbc0f5ff0cfc462495?s=96&d=mm&r=g\",\"caption\":\"cendoc\"},\"sameAs\":[\"http:\\\/\\\/gesmujer.org\"],\"url\":\"https:\\\/\\\/www.gesmujer.org\\\/sitio\\\/author\\\/cendoc\\\/\"}]}<\/script>\n<!-- \/ Yoast SEO plugin. -->","yoast_head_json":{"title":"Oaxaca cerr\u00f3 enero con la segunda tasa m\u00e1s alta de feminicidios en M\u00e9xico - GESMujer &quot;Rosario Castellanos&quot;","robots":{"index":"index","follow":"follow","max-snippet":"max-snippet:-1","max-image-preview":"max-image-preview:large","max-video-preview":"max-video-preview:-1"},"canonical":"https:\/\/www.gesmujer.org\/sitio\/oaxaca-cerro-enero-con-la-segunda-tasa-mas-alta-de-feminicidios-en-mexico\/","og_locale":"es_MX","og_type":"article","og_title":"Oaxaca cerr\u00f3 enero con la segunda tasa m\u00e1s alta de feminicidios en M\u00e9xico","og_description":"Esta cifra supera a los datos del mismo mes de todo el sexenio de Murat, e iguala al registro de enero de 2016, cuando fung\u00eda como gobernador Gabino Cu\u00e9.","og_url":"https:\/\/www.gesmujer.org\/sitio\/oaxaca-cerro-enero-con-la-segunda-tasa-mas-alta-de-feminicidios-en-mexico\/","og_site_name":"GESMujer &quot;Rosario Castellanos&quot;","article_publisher":"https:\/\/www.facebook.com\/gesmujer.rosario.castellanos.ac","article_published_time":"2022-02-23T18:42:24+00:00","article_modified_time":"2022-02-23T18:42:26+00:00","og_image":[{"width":800,"height":553,"url":"https:\/\/www.gesmujer.org\/sitio\/wp-content\/uploads\/2022\/02\/LQXSW4S6PVC3NGP76NS5M5F4KA.jpeg","type":"image\/jpeg"}],"author":"cendoc","twitter_card":"summary_large_image","twitter_title":"Oaxaca cerr\u00f3 enero con la segunda tasa m\u00e1s alta de feminicidios en M\u00e9xico","twitter_description":"Esta cifra supera a los datos del mismo mes de todo el sexenio de Murat, e iguala al registro de enero de 2016, cuando fung\u00eda como gobernador Gabino Cu\u00e9.","twitter_image":"https:\/\/www.gesmujer.org\/sitio\/wp-content\/uploads\/2022\/02\/LQXSW4S6PVC3NGP76NS5M5F4KA.jpeg","twitter_creator":"@GES_Mujer","twitter_site":"@GES_Mujer","twitter_misc":{"Escrito por":"cendoc","Tiempo de lectura":"2 minutos"},"schema":{"@context":"https:\/\/schema.org","@graph":[{"@type":"Article","@id":"https:\/\/www.gesmujer.org\/sitio\/oaxaca-cerro-enero-con-la-segunda-tasa-mas-alta-de-feminicidios-en-mexico\/#article","isPartOf":{"@id":"https:\/\/www.gesmujer.org\/sitio\/oaxaca-cerro-enero-con-la-segunda-tasa-mas-alta-de-feminicidios-en-mexico\/"},"author":{"name":"cendoc","@id":"https:\/\/www.gesmujer.org\/sitio\/#\/schema\/person\/50e03387f883646c2714c51783a7e288"},"headline":"Oaxaca cerr\u00f3 enero con la segunda tasa m\u00e1s alta de feminicidios en M\u00e9xico","datePublished":"2022-02-23T18:42:24+00:00","dateModified":"2022-02-23T18:42:26+00:00","mainEntityOfPage":{"@id":"https:\/\/www.gesmujer.org\/sitio\/oaxaca-cerro-enero-con-la-segunda-tasa-mas-alta-de-feminicidios-en-mexico\/"},"wordCount":430,"publisher":{"@id":"https:\/\/www.gesmujer.org\/sitio\/#organization"},"image":{"@id":"https:\/\/www.gesmujer.org\/sitio\/oaxaca-cerro-enero-con-la-segunda-tasa-mas-alta-de-feminicidios-en-mexico\/#primaryimage"},"thumbnailUrl":"https:\/\/www.gesmujer.org\/sitio\/wp-content\/uploads\/2022\/02\/LQXSW4S6PVC3NGP76NS5M5F4KA.jpeg","keywords":["Feminicidios","GESMujer","Oaxaca","Violencia"],"articleSection":["MONITOREO","NOTAS","NOTICIAS","portada"],"inLanguage":"es"},{"@type":"WebPage","@id":"https:\/\/www.gesmujer.org\/sitio\/oaxaca-cerro-enero-con-la-segunda-tasa-mas-alta-de-feminicidios-en-mexico\/","url":"https:\/\/www.gesmujer.org\/sitio\/oaxaca-cerro-enero-con-la-segunda-tasa-mas-alta-de-feminicidios-en-mexico\/","name":"Oaxaca cerr\u00f3 enero con la segunda tasa m\u00e1s alta de feminicidios en M\u00e9xico - GESMujer &quot;Rosario Castellanos&quot;","isPartOf":{"@id":"https:\/\/www.gesmujer.org\/sitio\/#website"},"primaryImageOfPage":{"@id":"https:\/\/www.gesmujer.org\/sitio\/oaxaca-cerro-enero-con-la-segunda-tasa-mas-alta-de-feminicidios-en-mexico\/#primaryimage"},"image":{"@id":"https:\/\/www.gesmujer.org\/sitio\/oaxaca-cerro-enero-con-la-segunda-tasa-mas-alta-de-feminicidios-en-mexico\/#primaryimage"},"thumbnailUrl":"https:\/\/www.gesmujer.org\/sitio\/wp-content\/uploads\/2022\/02\/LQXSW4S6PVC3NGP76NS5M5F4KA.jpeg","datePublished":"2022-02-23T18:42:24+00:00","dateModified":"2022-02-23T18:42:26+00:00","breadcrumb":{"@id":"https:\/\/www.gesmujer.org\/sitio\/oaxaca-cerro-enero-con-la-segunda-tasa-mas-alta-de-feminicidios-en-mexico\/#breadcrumb"},"inLanguage":"es","potentialAction":[{"@type":"ReadAction","target":["https:\/\/www.gesmujer.org\/sitio\/oaxaca-cerro-enero-con-la-segunda-tasa-mas-alta-de-feminicidios-en-mexico\/"]}]},{"@type":"ImageObject","inLanguage":"es","@id":"https:\/\/www.gesmujer.org\/sitio\/oaxaca-cerro-enero-con-la-segunda-tasa-mas-alta-de-feminicidios-en-mexico\/#primaryimage","url":"https:\/\/www.gesmujer.org\/sitio\/wp-content\/uploads\/2022\/02\/LQXSW4S6PVC3NGP76NS5M5F4KA.jpeg","contentUrl":"https:\/\/www.gesmujer.org\/sitio\/wp-content\/uploads\/2022\/02\/LQXSW4S6PVC3NGP76NS5M5F4KA.jpeg","width":800,"height":553},{"@type":"BreadcrumbList","@id":"https:\/\/www.gesmujer.org\/sitio\/oaxaca-cerro-enero-con-la-segunda-tasa-mas-alta-de-feminicidios-en-mexico\/#breadcrumb","itemListElement":[{"@type":"ListItem","position":1,"name":"Home","item":"https:\/\/www.gesmujer.org\/sitio\/"},{"@type":"ListItem","position":2,"name":"Oaxaca cerr\u00f3 enero con la segunda tasa m\u00e1s alta de feminicidios en M\u00e9xico"}]},{"@type":"WebSite","@id":"https:\/\/www.gesmujer.org\/sitio\/#website","url":"https:\/\/www.gesmujer.org\/sitio\/","name":"GESMujer \"Rosario Castellanos\"","description":"M\u00e1s de 45 a\u00f1os ha llevado a cabo acciones para erradicar la violencia de g\u00e9nero y construir entornos donde las mujeres encuentren su resiliencia, incrementen su agencia y autonom\u00eda que les permita lograr su empoderamiento a trav\u00e9s de cinco l\u00edneas de acci\u00f3n.","publisher":{"@id":"https:\/\/www.gesmujer.org\/sitio\/#organization"},"alternateName":"GESMujer","potentialAction":[{"@type":"SearchAction","target":{"@type":"EntryPoint","urlTemplate":"https:\/\/www.gesmujer.org\/sitio\/?s={search_term_string}"},"query-input":{"@type":"PropertyValueSpecification","valueRequired":true,"valueName":"search_term_string"}}],"inLanguage":"es"},{"@type":"Organization","@id":"https:\/\/www.gesmujer.org\/sitio\/#organization","name":"Grupo de estudios sobre la mujer Rosario Castellanos ac","alternateName":"GESMujer","url":"https:\/\/www.gesmujer.org\/sitio\/","logo":{"@type":"ImageObject","inLanguage":"es","@id":"https:\/\/www.gesmujer.org\/sitio\/#\/schema\/logo\/image\/","url":"https:\/\/www.gesmujer.org\/sitio\/wp-content\/uploads\/2026\/03\/Logo-GESMujer-300.png","contentUrl":"https:\/\/www.gesmujer.org\/sitio\/wp-content\/uploads\/2026\/03\/Logo-GESMujer-300.png","width":300,"height":141,"caption":"Grupo de estudios sobre la mujer Rosario Castellanos ac"},"image":{"@id":"https:\/\/www.gesmujer.org\/sitio\/#\/schema\/logo\/image\/"},"sameAs":["https:\/\/www.facebook.com\/gesmujer.rosario.castellanos.ac","https:\/\/x.com\/GES_Mujer","https:\/\/www.instagram.com\/ges_mujer\/?hl=es","https:\/\/www.youtube.com\/c\/GESMujerRosarioCastellanos\/videos","https:\/\/soundcloud.com\/gesmujerac","https:\/\/www.tiktok.com\/@gesmujer"]},{"@type":"Person","@id":"https:\/\/www.gesmujer.org\/sitio\/#\/schema\/person\/50e03387f883646c2714c51783a7e288","name":"cendoc","image":{"@type":"ImageObject","inLanguage":"es","@id":"https:\/\/secure.gravatar.com\/avatar\/2f187338ccb33c33bc1b08e92e2247a6891db221398e12bbc0f5ff0cfc462495?s=96&d=mm&r=g","url":"https:\/\/secure.gravatar.com\/avatar\/2f187338ccb33c33bc1b08e92e2247a6891db221398e12bbc0f5ff0cfc462495?s=96&d=mm&r=g","contentUrl":"https:\/\/secure.gravatar.com\/avatar\/2f187338ccb33c33bc1b08e92e2247a6891db221398e12bbc0f5ff0cfc462495?s=96&d=mm&r=g","caption":"cendoc"},"sameAs":["http:\/\/gesmujer.org"],"url":"https:\/\/www.gesmujer.org\/sitio\/author\/cendoc\/"}]}},"_links":{"self":[{"href":"https:\/\/www.gesmujer.org\/sitio\/wp-json\/wp\/v2\/posts\/24801","targetHints":{"allow":["GET"]}}],"collection":[{"href":"https:\/\/www.gesmujer.org\/sitio\/wp-json\/wp\/v2\/posts"}],"about":[{"href":"https:\/\/www.gesmujer.org\/sitio\/wp-json\/wp\/v2\/types\/post"}],"author":[{"embeddable":true,"href":"https:\/\/www.gesmujer.org\/sitio\/wp-json\/wp\/v2\/users\/4"}],"replies":[{"embeddable":true,"href":"https:\/\/www.gesmujer.org\/sitio\/wp-json\/wp\/v2\/comments?post=24801"}],"version-history":[{"count":1,"href":"https:\/\/www.gesmujer.org\/sitio\/wp-json\/wp\/v2\/posts\/24801\/revisions"}],"predecessor-version":[{"id":24803,"href":"https:\/\/www.gesmujer.org\/sitio\/wp-json\/wp\/v2\/posts\/24801\/revisions\/24803"}],"wp:featuredmedia":[{"embeddable":true,"href":"https:\/\/www.gesmujer.org\/sitio\/wp-json\/wp\/v2\/media\/24802"}],"wp:attachment":[{"href":"https:\/\/www.gesmujer.org\/sitio\/wp-json\/wp\/v2\/media?parent=24801"}],"wp:term":[{"taxonomy":"category","embeddable":true,"href":"https:\/\/www.gesmujer.org\/sitio\/wp-json\/wp\/v2\/categories?post=24801"},{"taxonomy":"post_tag","embeddable":true,"href":"https:\/\/www.gesmujer.org\/sitio\/wp-json\/wp\/v2\/tags?post=24801"}],"curies":[{"name":"wp","href":"https:\/\/api.w.org\/{rel}","templated":true}]}}