{"id":2484,"date":"2017-07-05T11:01:57","date_gmt":"2017-07-05T17:01:57","guid":{"rendered":"http:\/\/www.gesmujer.org\/sitio\/?p=2484"},"modified":"2024-04-05T14:59:10","modified_gmt":"2024-04-05T20:59:10","slug":"igualdad-de-genero-compromiso-asumido-por-coparmex-oaxaca","status":"publish","type":"post","link":"https:\/\/www.gesmujer.org\/sitio\/?p=2484","title":{"rendered":"Igualdad de g\u00e9nero, compromiso asumido por Coparmex Oaxaca."},"content":{"rendered":"<p><img loading=\"lazy\" decoding=\"async\" class=\"aligncenter size-large wp-image-2486\" src=\"http:\/\/www.gesmujer.org\/SITIO\/wp-content\/uploads\/\/2017\/07\/Foto-04-Coparmex-GESMujer-1024x768.jpg\" alt=\"\" width=\"640\" height=\"480\" srcset=\"https:\/\/www.gesmujer.org\/sitio\/wp-content\/uploads\/2017\/07\/Foto-04-Coparmex-GESMujer-1024x768.jpg 1024w, https:\/\/www.gesmujer.org\/sitio\/wp-content\/uploads\/2017\/07\/Foto-04-Coparmex-GESMujer-scaled-1080x810.jpg 1080w, https:\/\/www.gesmujer.org\/sitio\/wp-content\/uploads\/2017\/07\/Foto-04-Coparmex-GESMujer-300x225.jpg 300w, https:\/\/www.gesmujer.org\/sitio\/wp-content\/uploads\/2017\/07\/Foto-04-Coparmex-GESMujer-768x576.jpg 768w\" sizes=\"auto, (max-width: 640px) 100vw, 640px\" \/>Con la claridad de que al generarse alianzas entre el sector empresarial y la sociedad civil se pueden tejer acciones conjuntas que posibiliten la igualdad real entre mujeres y hombres, la Confederaci\u00f3n Patronal de la Rep\u00fablica Mexicana (Coparmex) Oaxaca firm\u00f3 este mi\u00e9rcoles un convenio de colaboraci\u00f3n con el Grupo de estudios sobre la mujer Rosario Castellanos (GESMujer).<\/p>\n<p>A trav\u00e9s de su Comisi\u00f3n de Mujeres Empresarias que encabeza Aurora Arieta Parada, la Coparmex Oaxaca formaliz\u00f3 su compromiso de contribuir a reducir las brechas de desigualdad que persisten entre mujeres y hombres, sobre todo en el sector econ\u00f3mico.<\/p>\n<p>Ante el machismo tan incrustado en la sociedad, para el presidente de la Coparmex Oaxaca, Ra\u00fal Ruiz Robles, ser mujer significa una situaci\u00f3n muy complicada que les niega su derecho a caminar libres y seguras por la calle y a vivir en desigualdad, hechos que fueron el punto de partida de la firma de este convenio que a largo plazo aspira a concretar acciones que permitan distinguir a empresas que garanticen la igualdad de g\u00e9nero y sean zonas libres de acoso contra las mujeres.<\/p>\n<div style=\"width: 400px;\" class=\"wp-video\"><video class=\"wp-video-shortcode\" id=\"video-2484-1\" width=\"400\" height=\"220\" preload=\"metadata\" controls=\"controls\"><source type=\"video\/mp4\" src=\"http:\/\/www.gesmujer.org\/SITIO\/wp-content\/uploads\/\/2017\/07\/tercero.mp4?_=1\" \/><a href=\"http:\/\/www.gesmujer.org\/SITIO\/wp-content\/uploads\/\/2017\/07\/tercero.mp4\">http:\/\/www.gesmujer.org\/SITIO\/wp-content\/uploads\/\/2017\/07\/tercero.mp4<\/a><\/video><\/div>\n<p>La presidenta de la Comisi\u00f3n de Mujeres Empresarias, Aurora Arieta Parada, reforz\u00f3 est\u00e1 disposici\u00f3n al expresar la relevancia de firmar este convenio de colaboraci\u00f3n e hizo extensiva la invitaci\u00f3n para que m\u00e1s empresas fortalezcan el trabajo del GESMujer participando en la estrategia \u201cProducto con causa \u00a1Por las mujeres!\u201d, puesto en marcha en d\u00edas pasados.<\/p>\n<div style=\"width: 640px;\" class=\"wp-video\"><video class=\"wp-video-shortcode\" id=\"video-2484-2\" width=\"640\" height=\"352\" preload=\"metadata\" controls=\"controls\"><source type=\"video\/mp4\" src=\"http:\/\/www.gesmujer.org\/SITIO\/wp-content\/uploads\/\/2017\/07\/cuarto.mp4?_=2\" \/><a href=\"http:\/\/www.gesmujer.org\/SITIO\/wp-content\/uploads\/\/2017\/07\/cuarto.mp4\">http:\/\/www.gesmujer.org\/SITIO\/wp-content\/uploads\/\/2017\/07\/cuarto.mp4<\/a><\/video><\/div>\n<p>A esta disposici\u00f3n del sector empresarial la presidenta del GESMujer, Ximena Avellaneda D\u00edaz, correspondi\u00f3 calificando como algo in\u00e9dito concretar esta alianza con el sector empresarial, sobre todo para prevenir y atender la violencia que marca la vida de las mujeres y repercute en su productividad, pero sobre todo pone en peligro su vida.<\/p>\n<p>Se refiri\u00f3 al repunte de la violencia contra las mujeres al grado de que \u201cnunca hab\u00edamos visto cifras tan escalofriantes de homicidios violentos\u201d y de autoridades que niegan la gravedad de esta problem\u00e1tica que si bien afecta a las mujeres, es responsabilidad de los hombres al perpetrarla.<\/p>\n<div style=\"width: 640px;\" class=\"wp-video\"><video class=\"wp-video-shortcode\" id=\"video-2484-3\" width=\"640\" height=\"352\" preload=\"metadata\" controls=\"controls\"><source type=\"video\/mp4\" src=\"http:\/\/www.gesmujer.org\/SITIO\/wp-content\/uploads\/\/2017\/07\/sexto.mp4?_=3\" \/><a href=\"http:\/\/www.gesmujer.org\/SITIO\/wp-content\/uploads\/\/2017\/07\/sexto.mp4\">http:\/\/www.gesmujer.org\/SITIO\/wp-content\/uploads\/\/2017\/07\/sexto.mp4<\/a><\/video><\/div>\n<p>Este convenio posibilita que la Coparmex Oaxaca y el GESMujer\u00a0 realicen procesos de sensibilizaci\u00f3n y difusi\u00f3n de informaci\u00f3n en torno a tem\u00e1ticas de igualdad de g\u00e9nero, tanto en las empresas como en los centros educativos interesados y que est\u00e1n afiliados a esta Confederaci\u00f3n.<\/p>\n<p>Debido a los \u00edndices de violencia de g\u00e9nero que cada vez est\u00e1n m\u00e1s presentes en la vida de las mujeres, el GESMujer brindar\u00e1 acompa\u00f1amiento psicol\u00f3gico y legal a aquellas ni\u00f1as, adolescentes, j\u00f3venes o mujeres adultas que sean referidas a la organizaci\u00f3n por las empresas de Coparmex Oaxaca.<\/p>\n<p>Para el GESMujer la firma de este convenio materializa la disposici\u00f3n del sector empresarial de contribuir a la construcci\u00f3n de una sociedad menos desigual, donde sobre todo los derechos de las mujeres se ejerzan plenamente y exista una igualdad de trato y oportunidades.<\/p>\n<p>La firma de este convenio se realiz\u00f3 este mi\u00e9rcoles durante el desayuno bimestral que la Coparmex Oaxaca realiza con sus asociadas y asociados, en presencia de la presidenta de la Comisi\u00f3n de Educaci\u00f3n, Hilda Zarata de Lara, y la directora del Instituto Estatal Educaci\u00f3n para Adultos, Claudia Silva Fern\u00e1ndez.<\/p>\n<p>&nbsp;  <!--codes_iframe--><!--\/codes_iframe--><\/p>\n","protected":false},"excerpt":{"rendered":"<p>Con la claridad de que al generarse alianzas entre el sector empresarial y la sociedad civil se pueden tejer acciones conjuntas que posibiliten la igualdad real entre mujeres y hombres, la Confederaci\u00f3n Patronal de la Rep\u00fablica Mexicana (Coparmex) Oaxaca firm\u00f3 este mi\u00e9rcoles un convenio de colaboraci\u00f3n con el Grupo de estudios sobre la mujer Rosario [&hellip;]<\/p>\n","protected":false},"author":4,"featured_media":2485,"comment_status":"closed","ping_status":"open","sticky":false,"template":"","format":"standard","meta":{"footnotes":""},"categories":[36,32],"tags":[60,63,58,39,9,80],"class_list":["post-2484","post","type-post","status-publish","format-standard","has-post-thumbnail","hentry","category-comunicados","category-novedades","tag-derechos-mujeres","tag-equidad-de-genero","tag-gesmujer","tag-igualdad","tag-liderazgo","tag-oaxaca"],"_links":{"self":[{"href":"https:\/\/www.gesmujer.org\/sitio\/index.php?rest_route=\/wp\/v2\/posts\/2484","targetHints":{"allow":["GET"]}}],"collection":[{"href":"https:\/\/www.gesmujer.org\/sitio\/index.php?rest_route=\/wp\/v2\/posts"}],"about":[{"href":"https:\/\/www.gesmujer.org\/sitio\/index.php?rest_route=\/wp\/v2\/types\/post"}],"author":[{"embeddable":true,"href":"https:\/\/www.gesmujer.org\/sitio\/index.php?rest_route=\/wp\/v2\/users\/4"}],"replies":[{"embeddable":true,"href":"https:\/\/www.gesmujer.org\/sitio\/index.php?rest_route=%2Fwp%2Fv2%2Fcomments&post=2484"}],"version-history":[{"count":6,"href":"https:\/\/www.gesmujer.org\/sitio\/index.php?rest_route=\/wp\/v2\/posts\/2484\/revisions"}],"predecessor-version":[{"id":58539,"href":"https:\/\/www.gesmujer.org\/sitio\/index.php?rest_route=\/wp\/v2\/posts\/2484\/revisions\/58539"}],"wp:featuredmedia":[{"embeddable":true,"href":"https:\/\/www.gesmujer.org\/sitio\/index.php?rest_route=\/wp\/v2\/media\/2485"}],"wp:attachment":[{"href":"https:\/\/www.gesmujer.org\/sitio\/index.php?rest_route=%2Fwp%2Fv2%2Fmedia&parent=2484"}],"wp:term":[{"taxonomy":"category","embeddable":true,"href":"https:\/\/www.gesmujer.org\/sitio\/index.php?rest_route=%2Fwp%2Fv2%2Fcategories&post=2484"},{"taxonomy":"post_tag","embeddable":true,"href":"https:\/\/www.gesmujer.org\/sitio\/index.php?rest_route=%2Fwp%2Fv2%2Ftags&post=2484"}],"curies":[{"name":"wp","href":"https:\/\/api.w.org\/{rel}","templated":true}]}}