{"id":24883,"date":"2022-03-09T11:27:30","date_gmt":"2022-03-09T17:27:30","guid":{"rendered":"https:\/\/www.gesmujer.org\/sitio\/?p=24883"},"modified":"2022-03-09T11:28:11","modified_gmt":"2022-03-09T17:28:11","slug":"por-primera-vez-se-manifiestan-feministas-en-juxtlahuaca-abuso-sexual-delito-mas-denunciado-en-la-mixteca-de-oaxaca","status":"publish","type":"post","link":"https:\/\/www.gesmujer.org\/sitio\/?p=24883","title":{"rendered":"Por primera vez se manifiestan feministas en Juxtlahuaca; abuso sexual, delito m\u00e1s denunciado en la Mixteca de Oaxaca"},"content":{"rendered":"\n<p><strong>Juana Garc\u00eda, Martes 8 de Marzo del 2022, El Universal.- <\/strong>Por primera ocasi\u00f3n, un grupo de&nbsp;<strong>mujeres&nbsp;<\/strong>protestaron en el municipio de&nbsp;<strong>Santiago Juxtlahuaca<\/strong>&nbsp;durante una charla de la Vicefiscal Regional de la Mixteca, Hilda Cabrera Dom\u00ednguez, para exigir&nbsp;<strong>seguridad&nbsp;<\/strong>e<strong>&nbsp;igualdad para las mujeres<\/strong>, en el marco del<strong>&nbsp;D\u00eda Internacional de la Mujer<\/strong>.<\/p>\n\n\n\n<p>Es el primer a\u00f1o que las mujeres se manifiestan en este municipio, donde recientemente autoridades locales dieron a conocer la&nbsp;<strong>violaci\u00f3n&nbsp;<\/strong>a una menor de edad en una zona conurbada del municipio.<\/p>\n\n\n\n<p>Las mujeres pidieron el<strong>&nbsp;cese a la violencia&nbsp;<\/strong>que existe en la zona, la mayor\u00eda de ellas, j\u00f3venes, quienes adem\u00e1s invitaron a las personas a formar parte de las protestas durante este d\u00eda.<\/p>\n\n\n\n<p>La&nbsp;<strong>protesta&nbsp;<\/strong>se dio durante una charla que ofrec\u00eda la vicefiscal Hilda Cabrera, quien se\u00f1al\u00f3 que la mayor\u00eda de los<strong>&nbsp;actos de violencia<\/strong>&nbsp;cometidos en la regi\u00f3n Mixteca son la&nbsp;<strong>violencia intrafamiliar<\/strong>&nbsp;y el<strong>&nbsp;abuso sexual<\/strong>.<\/p>\n\n\n\n<p>\u201cLos delitos que mayormente denuncian son por&nbsp;<strong>abuso sexual&nbsp;<\/strong>y violencia intrafamiliar, es a nivel estatal\u201d, puntualiz\u00f3.<\/p>\n\n\n\n<p>La funcionaria manifest\u00f3 que muchas de las agresiones contra las mujeres provienen de los primeros c\u00edrculos y reconoci\u00f3 que se necesita hacer m\u00e1s expedita la impartici\u00f3n de justicia.&nbsp;<\/p>\n\n\n\n<p>\u201cRealmente quien nos violenta es el esposo, el novio, el pap\u00e1.&nbsp;Se pretende cambiar a trav\u00e9s de una mejor procuraci\u00f3n de justicia que, los procesos no sean burocr\u00e1ticos, ni que la&nbsp;<strong>corrupci\u00f3n&nbsp;<\/strong>impidan el&nbsp;<strong>acceso a justicia&nbsp;<\/strong>a las mujeres, a las ni\u00f1as y a las adolescentes\u201d, dijo.&nbsp;<\/p>\n\n\n\n<p>Tambi\u00e9n dijo que en los municipios en los que se mantiene la&nbsp;<strong>Alerta por Violencia de G\u00e9nero&nbsp;<\/strong>son&nbsp;<strong>Huajuapan de Le\u00f3n<\/strong>&nbsp;y la&nbsp;<strong>Heroica Ciudad de Tlaxiaco<\/strong>.<\/p>\n\n\n\n<p>\u201cTambi\u00e9n existen casos en otros municipios; sin embargo, por falta de quejas no se dan a conocer, por lo tanto, es necesario que se hagan las denuncias. Adem\u00e1s, la sociedad debe ser solidaria y m\u00e1s empat\u00eda para en la sociedad\u201d, agreg\u00f3.<\/p>\n\n\n\n<h2 class=\"wp-block-heading\"><strong>26 mujeres asesinadas en Oaxaca en lo que va de 2022<\/strong><\/h2>\n\n\n\n<p>En un reporte documentada por el Centro de Documentaci\u00f3n del Grupo de Estudios sobre la mujer Rosario Castellanos (GESMujer), a partir del primero de enero al primero de marzo, al menos 26 mujeres han sido&nbsp;<strong>asesinadas&nbsp;<\/strong>en el estado de&nbsp;<strong>Oaxaca<\/strong>.<\/p>\n\n\n\n<p>De los 26 casos que se han reportado este 2022, el&nbsp;<strong>Istmo de Tehuantepec&nbsp;<\/strong>encabeza la lista con 14 casos, seguida de Valles Centrales y Costa con 4, respectivamente, con 15%, Sierra Sur y la Ca\u00f1ada con dos casos respectivamente, con 8%.<\/p>\n\n\n\n<p>En tanto, lo que va de la actual administraci\u00f3n estatal suman 608&nbsp;<strong>mujeres asesinadas<\/strong>&nbsp;desde el primero de diciembre del 2016 al primero de marzo de este a\u00f1o.<\/p>\n\n\n\n<p>La regi\u00f3n con mayor n\u00famero de asesinatos de mujeres, encabeza la regi\u00f3n del el Istmo de Tehuantepec con 140 casos, le sigue Valles Centrales con 135, la Costa con 95, seguido la Cuenca del Papaloapan con 84, la Mixteca con 69, la Sierra Sur 42 casos, la Sierra Norte con 23 y la regi\u00f3n de la Ca\u00f1ada con 20 feminicidios.<\/p>\n\n\n\n<p>Fuente: https:\/\/oaxaca.eluniversal.com.mx\/sociedad\/por-primera-vez-se-manifiestan-feministas-en-juxtahuaca-abuso-sexual-delito-mas-denunciado<\/p>\n","protected":false},"excerpt":{"rendered":"<p>Juana Garc\u00eda, Martes 8 de Marzo del 2022, El Universal.- Por primera ocasi\u00f3n, un grupo de&nbsp;mujeres&nbsp;protestaron en el municipio de&nbsp;Santiago Juxtlahuaca&nbsp;durante una charla de la Vicefiscal Regional de la Mixteca, Hilda Cabrera Dom\u00ednguez, para exigir&nbsp;seguridad&nbsp;e&nbsp;igualdad para las mujeres, en el marco del&nbsp;D\u00eda Internacional de la Mujer. Es el primer a\u00f1o que las mujeres se manifiestan [&hellip;]<\/p>\n","protected":false},"author":4,"featured_media":24884,"comment_status":"closed","ping_status":"open","sticky":false,"template":"","format":"standard","meta":{"footnotes":""},"categories":[32,3],"tags":[60,58,39,77,80,67],"class_list":["post-24883","post","type-post","status-publish","format-standard","has-post-thumbnail","hentry","category-novedades","category-portada","tag-derechos-mujeres","tag-gesmujer","tag-igualdad","tag-mujeres-indigenas","tag-oaxaca","tag-violencia"],"_links":{"self":[{"href":"https:\/\/www.gesmujer.org\/sitio\/index.php?rest_route=\/wp\/v2\/posts\/24883","targetHints":{"allow":["GET"]}}],"collection":[{"href":"https:\/\/www.gesmujer.org\/sitio\/index.php?rest_route=\/wp\/v2\/posts"}],"about":[{"href":"https:\/\/www.gesmujer.org\/sitio\/index.php?rest_route=\/wp\/v2\/types\/post"}],"author":[{"embeddable":true,"href":"https:\/\/www.gesmujer.org\/sitio\/index.php?rest_route=\/wp\/v2\/users\/4"}],"replies":[{"embeddable":true,"href":"https:\/\/www.gesmujer.org\/sitio\/index.php?rest_route=%2Fwp%2Fv2%2Fcomments&post=24883"}],"version-history":[{"count":2,"href":"https:\/\/www.gesmujer.org\/sitio\/index.php?rest_route=\/wp\/v2\/posts\/24883\/revisions"}],"predecessor-version":[{"id":24886,"href":"https:\/\/www.gesmujer.org\/sitio\/index.php?rest_route=\/wp\/v2\/posts\/24883\/revisions\/24886"}],"wp:featuredmedia":[{"embeddable":true,"href":"https:\/\/www.gesmujer.org\/sitio\/index.php?rest_route=\/wp\/v2\/media\/24884"}],"wp:attachment":[{"href":"https:\/\/www.gesmujer.org\/sitio\/index.php?rest_route=%2Fwp%2Fv2%2Fmedia&parent=24883"}],"wp:term":[{"taxonomy":"category","embeddable":true,"href":"https:\/\/www.gesmujer.org\/sitio\/index.php?rest_route=%2Fwp%2Fv2%2Fcategories&post=24883"},{"taxonomy":"post_tag","embeddable":true,"href":"https:\/\/www.gesmujer.org\/sitio\/index.php?rest_route=%2Fwp%2Fv2%2Ftags&post=24883"}],"curies":[{"name":"wp","href":"https:\/\/api.w.org\/{rel}","templated":true}]}}