{"id":25035,"date":"2022-03-15T10:16:07","date_gmt":"2022-03-15T16:16:07","guid":{"rendered":"https:\/\/www.gesmujer.org\/sitio\/?p=25035"},"modified":"2022-03-15T10:16:09","modified_gmt":"2022-03-15T16:16:09","slug":"reabriran-el-25-de-marzo-la-biblioteca-feminista-en-oaxaca-de-juarez","status":"publish","type":"post","link":"https:\/\/www.gesmujer.org\/sitio\/?p=25035","title":{"rendered":"Reabrir\u00e1n el 25 de marzo la biblioteca feminista en Oaxaca de Ju\u00e1rez"},"content":{"rendered":"\n<p><strong><em>Ana Lilia Pacheco<\/em>, Martes 15 de marzo del 2022, NVINOTICIAS.- <\/strong>Despu\u00e9s de permanecer cerrada por dos a\u00f1os debido a las medidas preventivas por la pandemia de la COVID-19, Brenda Elizabeth Dom\u00ednguez Enciso, directora del Instituto Municipal de la Mujer (IMM) del Ayuntamiento de Oaxaca de Ju\u00e1rez, inform\u00f3 que se reabrir\u00e1 la biblioteca feminista, adem\u00e1s de que se implementar\u00e1n c\u00edrculos de lectura y veladas literarias.<\/p>\n\n\n\n<p>La directora se\u00f1al\u00f3 que a trav\u00e9s de estas actividades se busca que las mujeres compartan su conocimiento, adem\u00e1s de aprender otros respecto a temas de violencia y prevenci\u00f3n de \u00c9sta, adem\u00e1s de que espera que los hombres tambi\u00e9n se acerquen a dichos espacios.<\/p>\n\n\n\n<p>Inform\u00f3 que se reactivar\u00e1 el pr\u00f3ximo 25 de marzo, como parte de las actividades de D\u00eda Naranja, para la eliminaci\u00f3n de la violencia contra la mujer, donde se presentar\u00e1 una bibliograf\u00eda en materia de igualdad de g\u00e9nero.<\/p>\n\n\n\n<p>Destac\u00f3 que las actividades que se est\u00e1n realizando est\u00e1n unidas unas con otras, como es el caso de los c\u00edrculos de lectura que comenzar\u00e1n la pr\u00f3xima semana y las veladas literarias que iniciaron la semana pasada.<\/p>\n\n\n\n<p>Asimismo, comparti\u00f3 que tambi\u00e9n se realizar\u00e1n acciones preventivas de violencia, talleres de autoconocimiento y otros que vaya gestando el instituto a futuro.<\/p>\n\n\n\n<p>Subray\u00f3 que a pesar de la falta de recursos econ\u00f3micos y espacios, se est\u00e1n definiendo otros lugares con asociaciones y dem\u00e1s lugares con los que est\u00e1n colaborando para que estas actividades puedan llegar a todas las mujeres capitalinas.<\/p>\n\n\n\n<p>Cabe recordar que la Biblioteca Feminista naci\u00f3 en mayo de 2019 y cuenta con un acervo compuesto por 400 t\u00edtulos y se encuentra en el Archivo Hist\u00f3rico Municipal, en el Centro Hist\u00f3rico.<\/p>\n\n\n\n<p>La bibliograf\u00eda que se encuentra en este lugar es de asociaciones como el Grupo de Estudios Sobre la Mujer Rosario Castellanos, el Centro de Investigaciones y Estudios Superiores en Antropolog\u00eda Social, Luna del Sur A.C., ONU Mujeres y\u00a0 la Universidad Aut\u00f3noma Benito Ju\u00e1rez de Oaxaca, que donaron material impreso y digital.<\/p>\n\n\n\n<p>Los libros disponibles abordan temas como salud reproductiva y materna, derechos de las ni\u00f1as y&nbsp; mujeres, literatura escrita por mujeres, biograf\u00edas oaxaque\u00f1as, mexicanas y personajes feministas reconocidos mundialmente.<\/p>\n\n\n\n<p>Adem\u00e1s, la biblioteca cuenta con documentos sobre violencia de g\u00e9nero, sexualidad, mujeres ind\u00edgenas o de la comunidad LGBT, que van desde libros y revistas hasta tesis universitarias.<\/p>\n\n\n\n<p>Fuente:https:\/\/www.nvinoticias.com\/vida\/libros\/reabriran-el-25-de-marzo-la-biblioteca-feminista-en-oaxaca-de-juarez\/127665 <\/p>\n","protected":false},"excerpt":{"rendered":"<p>Ana Lilia Pacheco, Martes 15 de marzo del 2022, NVINOTICIAS.- Despu\u00e9s de permanecer cerrada por dos a\u00f1os debido a las medidas preventivas por la pandemia de la COVID-19, Brenda Elizabeth Dom\u00ednguez Enciso, directora del Instituto Municipal de la Mujer (IMM) del Ayuntamiento de Oaxaca de Ju\u00e1rez, inform\u00f3 que se reabrir\u00e1 la biblioteca feminista, adem\u00e1s de [&hellip;]<\/p>\n","protected":false},"author":4,"featured_media":25036,"comment_status":"closed","ping_status":"open","sticky":false,"template":"","format":"standard","meta":{"give_campaign_id":0,"rs_blank_template":"","rs_page_bg_color":"","slide_template_v7":"","footnotes":""},"categories":[30,32,3],"tags":[43,75,58,77,80,67],"class_list":["post-25035","post","type-post","status-publish","format-standard","has-post-thumbnail","hentry","category-centro-de-documentacion","category-novedades","category-portada","tag-derechos","tag-feminicidios","tag-gesmujer","tag-mujeres-indigenas","tag-oaxaca","tag-violencia"],"_links":{"self":[{"href":"https:\/\/www.gesmujer.org\/sitio\/index.php?rest_route=\/wp\/v2\/posts\/25035","targetHints":{"allow":["GET"]}}],"collection":[{"href":"https:\/\/www.gesmujer.org\/sitio\/index.php?rest_route=\/wp\/v2\/posts"}],"about":[{"href":"https:\/\/www.gesmujer.org\/sitio\/index.php?rest_route=\/wp\/v2\/types\/post"}],"author":[{"embeddable":true,"href":"https:\/\/www.gesmujer.org\/sitio\/index.php?rest_route=\/wp\/v2\/users\/4"}],"replies":[{"embeddable":true,"href":"https:\/\/www.gesmujer.org\/sitio\/index.php?rest_route=%2Fwp%2Fv2%2Fcomments&post=25035"}],"version-history":[{"count":1,"href":"https:\/\/www.gesmujer.org\/sitio\/index.php?rest_route=\/wp\/v2\/posts\/25035\/revisions"}],"predecessor-version":[{"id":25037,"href":"https:\/\/www.gesmujer.org\/sitio\/index.php?rest_route=\/wp\/v2\/posts\/25035\/revisions\/25037"}],"wp:featuredmedia":[{"embeddable":true,"href":"https:\/\/www.gesmujer.org\/sitio\/index.php?rest_route=\/wp\/v2\/media\/25036"}],"wp:attachment":[{"href":"https:\/\/www.gesmujer.org\/sitio\/index.php?rest_route=%2Fwp%2Fv2%2Fmedia&parent=25035"}],"wp:term":[{"taxonomy":"category","embeddable":true,"href":"https:\/\/www.gesmujer.org\/sitio\/index.php?rest_route=%2Fwp%2Fv2%2Fcategories&post=25035"},{"taxonomy":"post_tag","embeddable":true,"href":"https:\/\/www.gesmujer.org\/sitio\/index.php?rest_route=%2Fwp%2Fv2%2Ftags&post=25035"}],"curies":[{"name":"wp","href":"https:\/\/api.w.org\/{rel}","templated":true}]}}