{"id":25044,"date":"2022-03-15T12:43:17","date_gmt":"2022-03-15T18:43:17","guid":{"rendered":"https:\/\/www.gesmujer.org\/sitio\/?p=25044"},"modified":"2022-03-15T12:43:19","modified_gmt":"2022-03-15T18:43:19","slug":"armas-de-fuego-son-la-principal-causa-de-muerte-violenta-para-las-mujeres-en-oaxaca","status":"publish","type":"post","link":"https:\/\/www.gesmujer.org\/sitio\/?p=25044","title":{"rendered":"Armas de fuego son la principal causa de muerte violenta para las mujeres en Oaxaca"},"content":{"rendered":"\n<p>\u00a0<strong>Jos\u00e9 Luis Ramos Col\u00edn, Domingo 13 de Marzo del 2022, Publimetro.- <\/strong>Durante los poco m\u00e1s de dos meses que lleva el 2022, alrededor de 29<a href=\"https:\/\/www.publimetro.com.mx\/mx\/nacional\/2021\/03\/08\/mujeres-amlo-8m.html\">\u00a0mujeres<\/a>\u00a0han sido asesinadas en<a href=\"https:\/\/www.oaxaca.gob.mx\/\">\u00a0Oaxaca<\/a>, de las cuales, por lo menos 22 perdieron la vida a causa de un arma de fuego.<\/p>\n\n\n\n<p>De acuerdo con el<a href=\"https:\/\/www.gesmujer.org\/sitio\/en\/\">\u00a0Grupo de Estudios Sobre la Mujer (GESMujer) \u201cRosario Castellanos\u201d<\/a>, entre el 1 de enero y hasta el 9 de marzo, 26 mujeres fueron asesinadas en el estado que gobierna<a href=\"https:\/\/twitter.com\/alejandromurat\">\u00a0Alejandro Murat<\/a>. Sin embargo, la madrugada del 12 de marzo fueron hallados los cuerpos de tres mujeres de entre 30 y 45 a\u00f1os de edad cuyos cuerpos presentaban heridas de bala en la comunidad mixe de Cerro Mojarra, municipio de San Juan Cotzoc\u00f3n.<\/p>\n\n\n\n<p>Seg\u00fan el seguimiento hemerogr\u00e1fico que realiza el Observatorio de Violencia Feminicida del GESMujer, hasta el 9 de marzo 19 mujeres hab\u00edan sido asesinadas en Oaxaca con un arma de fuego, es decir el 73% del total hasta entonces (26). No obstante, al sumar los tres homicidios del 12 marzo (29), el porcentaje de mujeres que perdieron la vida por esta v\u00eda se eleva al 75. 86%.<\/p>\n\n\n\n<p>De acuerdo con el GESMujer la segunda causa de muerte para las mujeres en Oaxaca durante 2022 son los golpes, con dos incidentes; le sigue los ataques sexuales con golpes, con un caso; y en cuatro de las muertes violentas no se especifica la causa.<\/p>\n\n\n\n<p>En lo que va del sexenio de Murat, el GESMujer ha contabilizado 608 muertes violentas de mujeres; 81 m\u00e1s que lo registrado durante el mandato de su antecesor Gabino Cu\u00e9.<\/p>\n\n\n\n<p>Durante enero de 2022, Oaxaca registr\u00f3 la segunda tasa m\u00e1s alta de presuntos delitos de feminicidio a nivel nacional con 0.28 incidentes por cada 100 mil habitantes, y se ubic\u00f3 en segundo lugar\u2013junto con la Ciudad de M\u00e9xico y Veracruz\u2013 con seis incidentes; seg\u00fan datos del Secretariado Ejecutivo del Sistema Nacional de Seguridad P\u00fablica (SESNSP).<\/p>\n\n\n\n<h3 class=\"wp-block-heading\">As\u00ed es como matan a las mujeres en M\u00e9xico<\/h3>\n\n\n\n<p>El informe<a href=\"https:\/\/s3.us-east-1.amazonaws.com\/media.datacivica.org\/assets\/pdf\/Compendio%208M.pdf\">&nbsp;\u201cLo que sabemos sobre la violencia que viven las mujeres en M\u00e9xico\u201d<\/a>, elaborado por la asociaci\u00f3n civil<a href=\"https:\/\/datacivica.org\/\"><\/a><\/p>\n\n\n\n<p>, revela que los asesinatos son la agresi\u00f3n letal m\u00e1s frecuente en los homicidios de mujeres desde el a\u00f1o 2000 en nuestro pa\u00eds.<\/p>\n\n\n\n<p>\u201cDesde el 2007, el incremento de homicidios de mujeres \u2013en la v\u00eda p\u00fablica, incluso en la casa, con armas de fuego\u2013 ha ido en un incremento m\u00e1s acelerado que la violencia que ya llevamos a\u00f1os y a\u00f1os, hist\u00f3ricamente\u201d, se\u00f1al\u00f3 a<a href=\"https:\/\/www.publimetro.com.mx\/\">&nbsp;Publimetro<\/a>&nbsp;Mariell Guti\u00e9rrez, responsable del \u00e1rea de comunicaci\u00f3n de Data C\u00edvica.<\/p>\n\n\n\n<p>De acuerdo con Data C\u00edvica, en 2020 el 65% de las mujeres asesinadas en la v\u00eda p\u00fablica murieron por armas de fuego, mientras que la mitad de las mujeres asesinadas en su hogar fueron asesinadas por esta v\u00eda.<\/p>\n\n\n\n<blockquote class=\"wp-block-quote is-layout-flow wp-block-quote-is-layout-flow\"><p>\u201cLa violencia dom\u00e9stica tiene un crecimiento gradual, pero la violencia con armas de fuego y en la v\u00eda p\u00fablica tienen un crecimiento m\u00e1s acelerado desde la Guerra del narco, desde que crece la violencia generalizada. En 2020 fue el primer a\u00f1o, que en la casa, en el hogar, las armas de fuego superaron a todas las dem\u00e1s formas de asesinato\u201d.\u2014 &nbsp;Mariell Guti\u00e9rrez.<\/p><\/blockquote>\n\n\n\n<p>Fuente: https:\/\/www.publimetro.com.mx\/noticias\/2022\/03\/13\/oaxaca-armas-de-fuego-son-la-principal-causa-de-muerte-violenta-de-mujeres-en-2022\/<\/p>\n","protected":false},"excerpt":{"rendered":"<p>\u00a0Jos\u00e9 Luis Ramos Col\u00edn, Domingo 13 de Marzo del 2022, Publimetro.- Durante los poco m\u00e1s de dos meses que lleva el 2022, alrededor de 29\u00a0mujeres\u00a0han sido asesinadas en\u00a0Oaxaca, de las cuales, por lo menos 22 perdieron la vida a causa de un arma de fuego. De acuerdo con el\u00a0Grupo de Estudios Sobre la Mujer (GESMujer) [&hellip;]<\/p>\n","protected":false},"author":4,"featured_media":25045,"comment_status":"closed","ping_status":"open","sticky":false,"template":"","format":"standard","meta":{"give_campaign_id":0,"rs_blank_template":"","rs_page_bg_color":"","slide_template_v7":"","footnotes":""},"categories":[32,3],"tags":[60,75,58,42,77,67],"class_list":["post-25044","post","type-post","status-publish","format-standard","has-post-thumbnail","hentry","category-novedades","category-portada","tag-derechos-mujeres","tag-feminicidios","tag-gesmujer","tag-mujeres","tag-mujeres-indigenas","tag-violencia"],"_links":{"self":[{"href":"https:\/\/www.gesmujer.org\/sitio\/index.php?rest_route=\/wp\/v2\/posts\/25044","targetHints":{"allow":["GET"]}}],"collection":[{"href":"https:\/\/www.gesmujer.org\/sitio\/index.php?rest_route=\/wp\/v2\/posts"}],"about":[{"href":"https:\/\/www.gesmujer.org\/sitio\/index.php?rest_route=\/wp\/v2\/types\/post"}],"author":[{"embeddable":true,"href":"https:\/\/www.gesmujer.org\/sitio\/index.php?rest_route=\/wp\/v2\/users\/4"}],"replies":[{"embeddable":true,"href":"https:\/\/www.gesmujer.org\/sitio\/index.php?rest_route=%2Fwp%2Fv2%2Fcomments&post=25044"}],"version-history":[{"count":1,"href":"https:\/\/www.gesmujer.org\/sitio\/index.php?rest_route=\/wp\/v2\/posts\/25044\/revisions"}],"predecessor-version":[{"id":25046,"href":"https:\/\/www.gesmujer.org\/sitio\/index.php?rest_route=\/wp\/v2\/posts\/25044\/revisions\/25046"}],"wp:featuredmedia":[{"embeddable":true,"href":"https:\/\/www.gesmujer.org\/sitio\/index.php?rest_route=\/wp\/v2\/media\/25045"}],"wp:attachment":[{"href":"https:\/\/www.gesmujer.org\/sitio\/index.php?rest_route=%2Fwp%2Fv2%2Fmedia&parent=25044"}],"wp:term":[{"taxonomy":"category","embeddable":true,"href":"https:\/\/www.gesmujer.org\/sitio\/index.php?rest_route=%2Fwp%2Fv2%2Fcategories&post=25044"},{"taxonomy":"post_tag","embeddable":true,"href":"https:\/\/www.gesmujer.org\/sitio\/index.php?rest_route=%2Fwp%2Fv2%2Ftags&post=25044"}],"curies":[{"name":"wp","href":"https:\/\/api.w.org\/{rel}","templated":true}]}}