{"id":25119,"date":"2022-03-17T13:15:07","date_gmt":"2022-03-17T19:15:07","guid":{"rendered":"https:\/\/www.gesmujer.org\/sitio\/?p=25119"},"modified":"2022-03-17T13:15:09","modified_gmt":"2022-03-17T19:15:09","slug":"cierre-de-negocios-violencia-domestica-perdida-de-empleos-los-estragos-en-oaxaca-a-dos-anos-de-la-pandemia","status":"publish","type":"post","link":"https:\/\/www.gesmujer.org\/sitio\/?p=25119","title":{"rendered":"Cierre de negocios, violencia dom\u00e9stica, p\u00e9rdida de empleos&#8230; los estragos en Oaxaca a dos a\u00f1os de la pandemia"},"content":{"rendered":"\n<p><strong>Christian Jim\u00e9nez, Mi\u00e9rcoles 15 de marzo del 2022, El Universal.- <\/strong>El 14 de marzo de 2020 se confirmaron los primeros dos<strong>\u00a0casos de Covid-19\u00a0<\/strong>en el estado de\u00a0<strong>Oaxaca<\/strong>. A dos a\u00f1os y un d\u00eda de que los<strong>\u00a0Servicios de Salud de Oaxaca<\/strong>\u00a0(SSO) declararon el primer caso en la entidad, las y los oaxaque\u00f1os han adoptado en su cotidianidad las medidas preventivas ante la enfermedad.<\/p>\n\n\n\n<p>Los primeros dos casos fueron\u00a0un hombre de 62 a\u00f1os y una mujer de 30. Hasta hoy, los SSO han confirmado 118 mil 694 contagios de la\u00a0<strong>enfermedad<\/strong>, que contin\u00faa activa en 82 municipios y 482 casos. En tanto 6 mil 98 personas han fallecido por causas relacionadas por la enfermedad.<\/p>\n\n\n\n<p>Mientras atiende su comercio dedicado a la reparaci\u00f3n de electrodom\u00e9sticos en el Centro Hist\u00f3rico de la ciudad, Miguel Curiel se\u00f1ala que a dos a\u00f1os de la&nbsp;<strong>pandemia<\/strong>&nbsp;la&nbsp;<strong>econom\u00eda&nbsp;<\/strong>de las y los oaxaque\u00f1os sigue padeciendo los estragos de la&nbsp;<strong>pandemia<\/strong>.<\/p>\n\n\n\n<p>Y es que decenas de&nbsp;<strong>comercios&nbsp;<\/strong>bajaron las cortinas ante los estragos de la<strong>&nbsp;emergencia sanitaria<\/strong>. A nivel federal, la&nbsp;<strong>Secretar\u00eda de Trabajo y Previsi\u00f3n Social<\/strong>&nbsp;(STPS) se\u00f1ala que&nbsp;<strong>Oaxaca&nbsp;<\/strong>muestra un d\u00e9ficit de 5 mil 638 empleos que se perdieron durante la&nbsp;<strong>pandemia<\/strong>.<\/p>\n\n\n\n<figure class=\"wp-block-image\"><img decoding=\"async\" src=\"https:\/\/oaxaca.eluniversal.com.mx\/sites\/default\/files\/u29152\/whatsapp_image_2022-03-15_at_7.21.25_pm_1.jpeg\" alt=\"whatsapp_image_2022-03-15_at_7.21.25_pm_1.jpeg\"\/><\/figure>\n\n\n\n<p>\u201cAunque muchos negocios encontraron espacios para abrir sus puertas, muchas personas quedaron sin&nbsp;<strong>empleo<\/strong>, mientras que otros comenzaron en el&nbsp;<strong>comercio informal<\/strong>\u201d, se\u00f1ala el comerciante.<\/p>\n\n\n\n<p>Para Guadalupe Velasco, la pandemia cambi\u00f3 por completo la cotidianidad de la poblaci\u00f3n en edad escolar, pues tuvieron que combinar sus labores del hogar con las acad\u00e9micas, mientras que hasta el momento, las<strong>\u00a0clases presenciales<\/strong>\u00a0no se han reestablecido. <strong>\u201cAdem\u00e1s de las tareas, tengo que estar pendiente de mis hermanos menores y ayudar en las labores de mi casa\u201d<\/strong>, dice.<\/p>\n\n\n\n<p>Al respecto, el Grupo de Estudios sobre la Mujer \u201cRosario Castellanos\u201d (GES Mujer) precisa que para las mujeres en edad escolar, la&nbsp;<strong>pandemia<\/strong>&nbsp;ha significado el tener que asumir labores del hogar e incluso abandonar los&nbsp;<strong>estudios<\/strong>.<\/p>\n\n\n\n<figure class=\"wp-block-image\"><img decoding=\"async\" src=\"https:\/\/oaxaca.eluniversal.com.mx\/sites\/default\/files\/u29152\/whatsapp_image_2022-03-15_at_7.21.26_pm.jpeg\" alt=\"whatsapp_image_2022-03-15_at_7.21.26_pm.jpeg\"\/><\/figure>\n\n\n\n<p><strong>\u201cLa\u00a0pandemia de Covid-19, tambi\u00e9n es un factor que agrava las condiciones de\u00a0riesgo para las mujeres, en todos los \u00e1mbitos, pero innegablemente en relaci\u00f3n con la\u00a0violencia, lo que implica la urgencia de atenderla, con las medidas de protecci\u00f3n\u201d<\/strong>, apunta la organizaci\u00f3n.<\/p>\n\n\n\n<p>De su lado, Mar\u00eda Robles, quien atiende un puesto de verduras en el Fraccionamiento El Rosario, se\u00f1ala que la\u00a0<strong>pandemia\u00a0<\/strong>la hizo tener que combinar la crianza de sus dos hijos, con su trabajo. Pues acuden con ella a\u00a0 la jornada laboral. Asimismo, se\u00f1ala que aunque en un primer momento no pensaba\u00a0<strong>vacunarse contra el Covid-19<\/strong>, el aumento de contagios y muertes le hizo reflexionar sobre la importancia de cuidar su salud y la de sus hijos.<\/p>\n\n\n\n<p>Fuente: https:\/\/oaxaca.eluniversal.com.mx\/sociedad\/cierre-de-negocios-violencia-domestica-perdida-de-empleos-los-estragos-en-oaxaca-dos-anos<\/p>\n","protected":false},"excerpt":{"rendered":"<p>Christian Jim\u00e9nez, Mi\u00e9rcoles 15 de marzo del 2022, El Universal.- El 14 de marzo de 2020 se confirmaron los primeros dos\u00a0casos de Covid-19\u00a0en el estado de\u00a0Oaxaca. A dos a\u00f1os y un d\u00eda de que los\u00a0Servicios de Salud de Oaxaca\u00a0(SSO) declararon el primer caso en la entidad, las y los oaxaque\u00f1os han adoptado en su cotidianidad [&hellip;]<\/p>\n","protected":false},"author":4,"featured_media":25120,"comment_status":"closed","ping_status":"open","sticky":false,"template":"","format":"standard","meta":{"footnotes":""},"categories":[32,3],"tags":[60,63,75,58,42],"class_list":["post-25119","post","type-post","status-publish","format-standard","has-post-thumbnail","hentry","category-novedades","category-portada","tag-derechos-mujeres","tag-equidad-de-genero","tag-feminicidios","tag-gesmujer","tag-mujeres"],"_links":{"self":[{"href":"https:\/\/www.gesmujer.org\/sitio\/index.php?rest_route=\/wp\/v2\/posts\/25119","targetHints":{"allow":["GET"]}}],"collection":[{"href":"https:\/\/www.gesmujer.org\/sitio\/index.php?rest_route=\/wp\/v2\/posts"}],"about":[{"href":"https:\/\/www.gesmujer.org\/sitio\/index.php?rest_route=\/wp\/v2\/types\/post"}],"author":[{"embeddable":true,"href":"https:\/\/www.gesmujer.org\/sitio\/index.php?rest_route=\/wp\/v2\/users\/4"}],"replies":[{"embeddable":true,"href":"https:\/\/www.gesmujer.org\/sitio\/index.php?rest_route=%2Fwp%2Fv2%2Fcomments&post=25119"}],"version-history":[{"count":1,"href":"https:\/\/www.gesmujer.org\/sitio\/index.php?rest_route=\/wp\/v2\/posts\/25119\/revisions"}],"predecessor-version":[{"id":25121,"href":"https:\/\/www.gesmujer.org\/sitio\/index.php?rest_route=\/wp\/v2\/posts\/25119\/revisions\/25121"}],"wp:featuredmedia":[{"embeddable":true,"href":"https:\/\/www.gesmujer.org\/sitio\/index.php?rest_route=\/wp\/v2\/media\/25120"}],"wp:attachment":[{"href":"https:\/\/www.gesmujer.org\/sitio\/index.php?rest_route=%2Fwp%2Fv2%2Fmedia&parent=25119"}],"wp:term":[{"taxonomy":"category","embeddable":true,"href":"https:\/\/www.gesmujer.org\/sitio\/index.php?rest_route=%2Fwp%2Fv2%2Fcategories&post=25119"},{"taxonomy":"post_tag","embeddable":true,"href":"https:\/\/www.gesmujer.org\/sitio\/index.php?rest_route=%2Fwp%2Fv2%2Ftags&post=25119"}],"curies":[{"name":"wp","href":"https:\/\/api.w.org\/{rel}","templated":true}]}}