{"id":25574,"date":"2022-05-10T10:42:29","date_gmt":"2022-05-10T16:42:29","guid":{"rendered":"https:\/\/www.gesmujer.org\/sitio\/?p=25574"},"modified":"2022-05-10T10:42:31","modified_gmt":"2022-05-10T16:42:31","slug":"mas-de-dos-mil-menores-han-sido-atendidos-por-violencia-familiar-en-2022","status":"publish","type":"post","link":"https:\/\/www.gesmujer.org\/sitio\/?p=25574","title":{"rendered":"M\u00e1s de dos mil menores han sido atendidos por violencia familiar en 2022"},"content":{"rendered":"\n<p><strong>Domingo 08 de Mayo del 2022, Alfonso L\u00f3pez D\u00e1vila, Sin embargo.-<\/strong> El hallazgo de cuatro menores sin vida en la comunidad ind\u00edgena zapoteca de Chicapa de Castro, en el estado de Oaxaca, dej\u00f3 en evidencia la\u00a0<strong>violencia<\/strong>\u00a0de la que son v\u00edctimas cientos de ni\u00f1os que a diario se enfrentan al maltrato y al abuso.<\/p>\n\n\n\n<p>Las pesquisas apuntan a que las tres ni\u00f1as, de ocho, cinco y dos a\u00f1os, y un ni\u00f1o, de diez meses, fueron envenenados y que la madre ser\u00eda la responsable.<\/p>\n\n\n\n<p>De acuerdo con un reporte sobre violencia infantil emitido por el Grupo de estudios sobre la mujer Rosario Castellanos, hasta diciembre de 2021, 59 ni\u00f1os y ni\u00f1as hab\u00edan sido v\u00edctimas de muerte violenta en Oaxaca.<\/p>\n\n\n\n<figure class=\"wp-block-image\" id=\"attachment_4172831\"><img decoding=\"async\" src=\"https:\/\/i1.wp.com\/www.sinembargo.mx\/wp-content\/uploads\/2022\/04\/ninos-1.jpg?resize=700%2C466&amp;quality=80&amp;strip=all&amp;ssl=1\" alt=\"\" class=\"wp-image-4172831\"\/><figcaption>Foto: Chris O\u2019Meara, AP<\/figcaption><\/figure>\n\n\n\n<p>El informe tambi\u00e9n destaca que 1 de cada 10 ni\u00f1as y adolescentes en el estado han sido v\u00edctima de feminicidio. Tan solo en 2021, la entidad registr\u00f3 582 asesinatos violentos de mujeres, de los cuales el 10 por ciento fueron ni\u00f1as y adolescentes menores de 18 a\u00f1os, es decir 58.<\/p>\n\n\n\n<blockquote class=\"wp-block-quote is-layout-flow wp-block-quote-is-layout-flow\"><p>En tanto, un reporte de la Red por los Derechos de la Infancia en Mexico (REDIM) alert\u00f3 que en lo que va de 2022, dos mil 736 menores de edad fueron atendidos en hospitales por violencia familiar. Dos mil 393 de las afectadas son mujeres.<\/p><\/blockquote>\n\n\n\n<figure class=\"wp-block-image\" id=\"attachment_4108501\"><img decoding=\"async\" src=\"https:\/\/i0.wp.com\/www.sinembargo.mx\/wp-content\/uploads\/2022\/01\/cuartoscuro-812619-digital.jpeg?resize=700%2C450&amp;quality=80&amp;strip=all&amp;ssl=1\" alt=\"\" class=\"wp-image-4108501\"\/><figcaption>Las cifras tambi\u00e9n se\u00f1alan que mil 649 menores de 0 a 17 a\u00f1os han sido atendidos por violencia sexual. Foto: Rogelio Morales, Cuartoscuro.<\/figcaption><\/figure>\n\n\n\n<p><strong>MALTRATO AUMENT\u00d3 EN PANDEMIA<\/strong><\/p>\n\n\n\n<p>El incremento de la violencia infantil en M\u00e9xico se debe al aumento en los niveles de estr\u00e9s, la inseguridad econ\u00f3mica y alimentaria, y el confinamiento a causa de la pandemia global de COVID-19, asegur\u00f3 el Fondo de las Naciones Unidas para la Infancia (UNICEF), en un reporte publicado en 2020.<\/p>\n\n\n\n<p>El documento indica que antes de la pandemia, los hogares mexicanos se hab\u00edan convertido en el lugar m\u00e1s peligroso para las mujeres y sus hijos e hijas, y que m\u00e1s de 6 de cada 10 ni\u00f1os y ni\u00f1as de 1 a 14 a\u00f1os han experimentado disciplina violenta a nivel familiar, situaci\u00f3n que se agrav\u00f3 por el confinamiento.<\/p>\n\n\n\n<blockquote class=\"wp-block-quote is-layout-flow wp-block-quote-is-layout-flow\"><p>\u201cLas consecuencias del COVID-19 en la infancia y adolescencia en M\u00e9xico no ser\u00e1n causadas mayormente por la enfermedad en s\u00ed; ser\u00e1n m\u00e1s bien secuelas de las medidas necesarias para prevenir el contagio, como la restricci\u00f3n de movimiento, el estr\u00e9s, la situaci\u00f3n econ\u00f3mica de las familias, factores que amenazan la protecci\u00f3n ante la violencia y el abuso contra la ni\u00f1ez y adolescencia\u201d, se\u00f1al\u00f3 Christian Skoog, Representante de UNICEF.<\/p><\/blockquote>\n\n\n\n<p>Skoog inst\u00f3 a las autoridades mexicanas a&nbsp;generar estrategias y un plan de respuesta para reducir la violencia contra la ni\u00f1ez y adolescencia.<\/p>\n\n\n\n<p>\u201cEl panorama de violencia contra ni\u00f1as, ni\u00f1os y adolescentes en M\u00e9xico ya era grave antes del confinamiento, pero la p\u00e9rdida de empleos e ingresos, y otros elementos de estr\u00e9s intrafamiliar son factores de riesgo asociados a aumentos de la violencia contra la infancia y, tristemente, esos est\u00e1n presentes en muchos hogares en el pa\u00eds en estos momentos. Pero hay soluciones<\/p>\n\n\n\n<p><strong>CUATRO HERMANOS MUEREN<\/strong><\/p>\n\n\n\n<p>El pasado lunes 2 de mayo, tres ni\u00f1as y un ni\u00f1o fueron hallados sin vida en Chicapa de Castro, en el esto de Oaxaca e inicialmente su muerte se ha tipificado como homicidio, inform\u00f3 el lunes la Fiscal\u00eda General del Estado (FGE).<\/p>\n\n\n\n<p>De acuerdo con informaci\u00f3n de la Polic\u00eda Municipal, los cuerpos de los menores fueron encontrados recostados en una cama dentro de su vivienda, en el centro de la citada localidad, perteneciente al municipio de Juchit\u00e1n de Zaragoza, ubicado en la regi\u00f3n del Istmo de Tehuantepec, a unos 300 kil\u00f3metros de la ciudad de Oaxaca, capital del estado.<\/p>\n\n\n\n<p>Tambi\u00e9n reportaron que la madre de los menores fue auxiliada por los cuerpos de emergencia que la trasladaron a un hospital del municipio, a 30 kil\u00f3metros del lugar, donde fue internada por lesiones y protegida por agentes de la FGE.<\/p>\n\n\n\n<p>Las autoridades municipales de Chicapa de Castro reaccionaron ante el hecho declarando tres d\u00edas de luto para esta localidad de aproximadamente tres mil 500 habitantes por el multihomicidio que impact\u00f3 a la comunidad.<\/p>\n\n\n\n<p>La presidenta de la ONG \u201cGrupo de estudios sobre la mujer Rosario Castellanos\u201d, Ang\u00e9lica Ayala Ortiz, en una entrevista con EFE calific\u00f3 de lamentable el caso y pidi\u00f3 no criminalizar a nadie.<\/p>\n\n\n\n<p>\u201cEs lamentable que cuatro menores hayan muerto por envenenamiento, pero tampoco se debe criminalizar a nadie, menos a la madre; la sobrecarga de trabajo y preocupaci\u00f3n conlleva a problemas de salud emocional\u201d, expuso en la ciudad de Oaxaca.<\/p>\n\n\n\n<p>Se\u00f1al\u00f3 que lo que resta \u201ces hacer conciencia y que esta investigaci\u00f3n se realice con perspectiva de g\u00e9nero que permita analizar las circunstancias reales que las ni\u00f1as perdieron la vida\u201d, dijo la activista.<\/p>\n\n\n\n<p>Fuente: https:\/\/www.sinembargo.mx\/08-05-2022\/4176189<\/p>\n","protected":false},"excerpt":{"rendered":"<p>Domingo 08 de Mayo del 2022, Alfonso L\u00f3pez D\u00e1vila, Sin embargo.- El hallazgo de cuatro menores sin vida en la comunidad ind\u00edgena zapoteca de Chicapa de Castro, en el estado de Oaxaca, dej\u00f3 en evidencia la\u00a0violencia\u00a0de la que son v\u00edctimas cientos de ni\u00f1os que a diario se enfrentan al maltrato y al abuso. Las pesquisas [&hellip;]<\/p>\n","protected":false},"author":4,"featured_media":25575,"comment_status":"closed","ping_status":"open","sticky":false,"template":"","format":"standard","meta":{"give_campaign_id":0,"rs_blank_template":"","rs_page_bg_color":"","slide_template_v7":"","footnotes":""},"categories":[91,32],"tags":[58,67],"class_list":["post-25574","post","type-post","status-publish","format-standard","has-post-thumbnail","hentry","category-notas","category-novedades","tag-gesmujer","tag-violencia"],"_links":{"self":[{"href":"https:\/\/www.gesmujer.org\/sitio\/index.php?rest_route=\/wp\/v2\/posts\/25574","targetHints":{"allow":["GET"]}}],"collection":[{"href":"https:\/\/www.gesmujer.org\/sitio\/index.php?rest_route=\/wp\/v2\/posts"}],"about":[{"href":"https:\/\/www.gesmujer.org\/sitio\/index.php?rest_route=\/wp\/v2\/types\/post"}],"author":[{"embeddable":true,"href":"https:\/\/www.gesmujer.org\/sitio\/index.php?rest_route=\/wp\/v2\/users\/4"}],"replies":[{"embeddable":true,"href":"https:\/\/www.gesmujer.org\/sitio\/index.php?rest_route=%2Fwp%2Fv2%2Fcomments&post=25574"}],"version-history":[{"count":1,"href":"https:\/\/www.gesmujer.org\/sitio\/index.php?rest_route=\/wp\/v2\/posts\/25574\/revisions"}],"predecessor-version":[{"id":25576,"href":"https:\/\/www.gesmujer.org\/sitio\/index.php?rest_route=\/wp\/v2\/posts\/25574\/revisions\/25576"}],"wp:featuredmedia":[{"embeddable":true,"href":"https:\/\/www.gesmujer.org\/sitio\/index.php?rest_route=\/wp\/v2\/media\/25575"}],"wp:attachment":[{"href":"https:\/\/www.gesmujer.org\/sitio\/index.php?rest_route=%2Fwp%2Fv2%2Fmedia&parent=25574"}],"wp:term":[{"taxonomy":"category","embeddable":true,"href":"https:\/\/www.gesmujer.org\/sitio\/index.php?rest_route=%2Fwp%2Fv2%2Fcategories&post=25574"},{"taxonomy":"post_tag","embeddable":true,"href":"https:\/\/www.gesmujer.org\/sitio\/index.php?rest_route=%2Fwp%2Fv2%2Ftags&post=25574"}],"curies":[{"name":"wp","href":"https:\/\/api.w.org\/{rel}","templated":true}]}}