{"id":25577,"date":"2022-05-10T11:10:49","date_gmt":"2022-05-10T17:10:49","guid":{"rendered":"https:\/\/www.gesmujer.org\/sitio\/?p=25577"},"modified":"2022-05-10T11:10:52","modified_gmt":"2022-05-10T17:10:52","slug":"alejandro-murat-el-milagro-oaxaqueno-que-quedo-en-promesa","status":"publish","type":"post","link":"https:\/\/www.gesmujer.org\/sitio\/?p=25577","title":{"rendered":"Alejandro Murat, \u2018el milagro oaxaque\u00f1o\u2019 que qued\u00f3 en promesa"},"content":{"rendered":"\n<p><strong>Mi\u00e9rcoles 4 de Mayo del 2022, Diana Manzo, La Lista.- <\/strong>\u201cEn seis a\u00f1os, todo el mundo hablar\u00e1 del\u00a0<a href=\"https:\/\/www.eluniversal.com.mx\/articulo\/nacion\/politica\/2016\/06\/7\/en-6-anos-se-hablara-del-milagro-oaxaqueno-murat\" target=\"_blank\" rel=\"noreferrer noopener\">milagro oaxaque\u00f1o<\/a>, de eso no hay duda\u201d, dijo en una entrevista el 7 de junio del 2016, cuando todav\u00eda era virtual ganador de la contienda electoral el hoy gobernador de Oaxaca,\u00a0<strong>Alejandro Murat Hinojosa<\/strong>.<\/p>\n\n\n\n<p>El lema del gobernador priista no solo qued\u00f3 en una frase de campa\u00f1a, tambi\u00e9n lo incluy\u00f3 en anuncios publicitarios donde aseguraba que Oaxaca era el mejor estado en M\u00e9xico para vivir. Pero de 2016 a la fecha no hay se\u00f1ales de ese milagro y Alejandro Murat ya tiene la mirada puesta en la elecci\u00f3n presidencial de 2024.<\/p>\n\n\n\n<p>\u201c\u00a1Presidente!, \u00a1presidente!\u201d, ovacionaron simpatizantes y seguidores del Partido Revolucionario Institucional (PRI) a&nbsp;<strong>Alejandro Murat&nbsp;<\/strong>el domingo 3 de abril, en la apertura de campa\u00f1a del candidato de su partido pol\u00edtico a la gubernatura de Oaxaca,&nbsp;<strong>Alejandro Avil\u00e9s \u00c1lvarez<\/strong>.<\/p>\n\n\n\n<p>Al cierre del gobierno de Alejandro Murat en uno de los estados con m\u00e1s conflictos del pa\u00eds por los altos niveles de pobreza, desplazamientos forzados y una gran desigualdad social, estos son algunos de sus pendientes que deja de cara a las pr\u00f3ximas elecciones del 5 de junio para elegir a su sucesor y en donde hay altas probabilidades de alternancia.<\/p>\n\n\n\n<h2 class=\"wp-block-heading\">Pobreza y seguridad para las mujeres<\/h2>\n\n\n\n<p>Oaxaca concentra&nbsp;<strong>ocho de los 15 municipios m\u00e1s pobres de M\u00e9xico<\/strong>. Encabeza la lista San Sim\u00f3n Zahuatl\u00e1n, en la mixteca oaxaque\u00f1a, donde viven 3 mil 536 habitantes, seg\u00fan datos de 2020 dados a conocer por el Consejo Nacional de Evaluaci\u00f3n de la Pol\u00edtica de Desarrollo Social (<a href=\"https:\/\/www.coneval.org.mx\/Medicion\/Documents\/Pobreza_municipal\/2020\/Presentacion_Pobreza_Municipal_2020.pdf\" target=\"_blank\" rel=\"noreferrer noopener\">Coneval<\/a>).<\/p>\n\n\n\n<p>En t\u00e9rminos de crecimiento econ\u00f3mico, los indicadores de la Encuesta Nacional de Ingresos y Gastos de los Hogares (<a href=\"https:\/\/www.inegi.org.mx\/contenidos\/programas\/enigh\/nc\/2020\/doc\/enigh2020_ns_presentacion_resultados_oax.pdf\" target=\"_blank\" rel=\"noreferrer noopener\">ENIGH-2020<\/a>) del Inegi indican un crecimiento econ\u00f3mico en los hogares de 7.1% durante el periodo de 2018 a 2020, principalmente en el \u00e1rea rural, con 12.8%; pero un crecimiento de 0% en las zonas urbanas.<\/p>\n\n\n\n<figure class=\"wp-block-image\"><img decoding=\"async\" src=\"https:\/\/i0.wp.com\/la-lista.com\/wp-content\/uploads\/2022\/05\/pobreza.oaxaca.jpeg?resize=800%2C800&amp;ssl=1\" alt=\"Alejandro Murat, 'el milagro oaxaque\u00f1o' que qued\u00f3 en promesa - pobreza.oaxaca-1280x1280\" class=\"wp-image-180851\"\/><\/figure>\n\n\n\n<p>Para el soci\u00f3logo y analista pol\u00edtico&nbsp;<strong>Isidoro Yescas<\/strong>,&nbsp;uno de los principales problemas de Oaxaca es que no hay gobernabilidad, debido a que hay bloqueos, plantones y un sinf\u00edn de manifestaciones, adem\u00e1s de que la falta de acceso a la salud y seguridad p\u00fablica que se evidenci\u00f3 con la pandemia por Covid-19.<\/p>\n\n\n\n<p>\u201cA las mujeres tambi\u00e9n se nos qued\u00f3 a deber\u201d, dice por separado&nbsp;<strong>Yesica S\u00e1nchez Maya<\/strong>, de la&nbsp;<a href=\"https:\/\/consorciooaxaca.org\/\" target=\"_blank\" rel=\"noreferrer noopener\">colectiva Consorcio para la Equidad Oaxaca<\/a>.&nbsp;En lo que va de este sexenio, que inici\u00f3 en diciembre de 2016, y hasta el 29 de abril se han registrado 619 feminicidios, seg\u00fan un conteo de la organizaci\u00f3n. En el mandato de su antecesor, el tambi\u00e9n priista Gabino Cu\u00e9 se registraron 527 feminicidios, se\u00f1ala.<\/p>\n\n\n\n<p>La activista oaxaque\u00f1a reconoce que en esta administraci\u00f3n hubo leyes que favorecieron a las mujeres, como la despenalizaci\u00f3n del aborto \u2013aprobada el 25 de septiembre del 2019\u2013 o el matrimonio igualitario entre personas del mismo sexo.<\/p>\n\n\n\n<p>\u201cNo todo ha sido color de rosa con la despenalizaci\u00f3n del aborto\u201d, reconoce<strong>&nbsp;Nadxhielli Martha Sarely L\u00f3pez P\u00e9rez<\/strong>, coordinadora de programas sociales en&nbsp;<a href=\"https:\/\/www.facebook.com\/Mexfam\/\" target=\"_blank\" rel=\"noreferrer noopener\">Mexfam AC<\/a>, al se\u00f1alar que hay falta de&nbsp;<strong>difusi\u00f3n por parte de las instituciones en Oaxaca<\/strong>&nbsp;para que las mujeres indigenas, afromexicanas y las que viven en las periferias sepan que tienen este derecho.<\/p>\n\n\n\n<p>Se\u00f1ala que es el \u00fanico hospital que brinda abiertamente este servicio es el Aurelio Valdivieso, ubicado en la capital de Oaxaca, pero s\u00ed una mujer que vive en Juchit\u00e1n o en la costa quiere tener acceso, tendr\u00e1 que trasladarse entre seis u ocho horas, cuando ya deber\u00eda ser una obligaci\u00f3n practicar la interrupci\u00f3n legal del embarazo en todo el estado.<\/p>\n\n\n\n<figure class=\"wp-block-image\"><img decoding=\"async\" src=\"https:\/\/i0.wp.com\/la-lista.com\/wp-content\/uploads\/2022\/05\/desaparecidos-oaxaca.jpeg?resize=800%2C800&amp;ssl=1\" alt=\"Alejandro Murat, 'el milagro oaxaque\u00f1o' que qued\u00f3 en promesa - desaparecidos-oaxaca-1280x1280\" class=\"wp-image-180852\"\/><\/figure>\n\n\n\n<h2 class=\"wp-block-heading\" id=\"h-la-seguridad-un-tema-pendiente\"><strong>La seguridad, un tema pendiente<\/strong><\/h2>\n\n\n\n<p>En septiembre de 2020, la&nbsp;<strong><a href=\"https:\/\/oaxaca.eluniversal.com.mx\/estatal\/22-09-2020\/cinco-carteles-realizan-actividades-de-lavado-de-dinero-en-oaxaca-unidad-de\" target=\"_blank\" rel=\"noreferrer noopener\">Unidad de Inteligencia Financiera inform\u00f3 que en Oaxaca operan cinco grupos criminales<\/a><\/strong>: C\u00e1rtel de los Beltr\u00e1n Leyva, Jalisco Nueva Generaci\u00f3n, del Golfo, Guerreros Unidos, Pac\u00edfico y el C\u00e1rtel Independiente de Acapulco. Todos con operaciones de lavado de dinero.<\/p>\n\n\n\n<p>Los<strong>&nbsp;homicidios dolosos<\/strong>&nbsp;en Oaxaca aumentaron en los primeros tres a\u00f1os de la administraci\u00f3n de Murat al pasar de 805 a mil 39 casos de 2016 a 2019. Al cierre del a\u00f1o pasado baj\u00f3 a 214. En t\u00e9rminos de tasa, pas\u00f3 de 19.9 casos por cada 100 mil habitantes en 2016 a 18.6 casos al cierre de 2021.<\/p>\n\n\n\n<p>El robo con violencia s\u00ed aument\u00f3 en t\u00e9rminos de tasa, al pasar de 68.3 casos por cada 100 mil habitantes a 114.6 en 2018. Al cierre del 2021, se registr\u00f3 un ajuste a la baja para llegar a una tasa de 92.4 casos.<\/p>\n\n\n\n<p>La tasa de feminicidios baj\u00f3 directamente al pasar de 3.1 en 2016 a 1.9 casos por cada 100 mil habitantes en 2021. Pero en el primer trimestre del a\u00f1o, Oaxaca ocupa el&nbsp;<strong>tercer lugar en feminicidios a nivel nacional,<\/strong>&nbsp;con una tasa de 0.6 casos por cada 100 mil habitantes, por encima de la media nacional, de 0.3 casos, seg\u00fan el m\u00e1s reciente&nbsp;<a href=\"https:\/\/drive.google.com\/file\/d\/1wTFCGwemy37XQCMbOzDMP0xjcBjqnKla\/view\" target=\"_blank\" rel=\"noreferrer noopener\">informe sobre violencia contra las mujeres<\/a>&nbsp;del Secretariado Ejecutivo del Sistema Nacional de Seguridad P\u00fablica.<\/p>\n\n\n\n<p>La activista Ang\u00e9lica Ayala, del colectivo Ges Mujer, considera que<strong>&nbsp;la impunidad y la falta de investigaciones profesionales&nbsp;<\/strong>permiten que persistan los homicidios dolosos y los feminicidios en la entidad.<\/p>\n\n\n\n<figure class=\"wp-block-image\"><img decoding=\"async\" src=\"https:\/\/i0.wp.com\/la-lista.com\/wp-content\/uploads\/2022\/05\/incidencia-delictiva-oaxaca.jpeg?resize=800%2C800&amp;ssl=1\" alt=\"Alejandro Murat, 'el milagro oaxaque\u00f1o' que qued\u00f3 en promesa - incidencia-delictiva-oaxaca-1280x1280\" class=\"wp-image-180850\"\/><\/figure>\n\n\n\n<h2 class=\"wp-block-heading\">La cercan\u00eda del gobernador con AMLO<\/h2>\n\n\n\n<figure class=\"wp-block-image\"><img decoding=\"async\" src=\"https:\/\/i0.wp.com\/la-lista.com\/wp-content\/uploads\/2022\/05\/murat-amlo.jpeg?resize=792%2C527&amp;ssl=1\" alt=\"Alejandro Murat, 'el milagro oaxaque\u00f1o' que qued\u00f3 en promesa - murat-amlo\" class=\"wp-image-179235\"\/><figcaption>Visita del presidente Andr\u00e9s Manuel L\u00f3pez Obrador a Oaxaca el 18 de marzo de 2022. Foto: Facebook Alejandro Murat.<\/figcaption><\/figure>\n\n\n\n<p>A sus 46 a\u00f1os de edad, Alejandro Murat&nbsp;es un pol\u00edtico carism\u00e1tico, est\u00e1 casado con Ivette Mor\u00e1n, con quien tiene dos hijos y dos hijas. Es el gobernador m\u00e1s joven que ha tenido Oaxaca, aunque naci\u00f3 en el Estado de M\u00e9xico el 4 de agosto de 1975. Quienes lo conocen aseguran que es t\u00edmido y reservado, adem\u00e1s amante del deporte, especialmente del atletismo. Estudi\u00f3 Derecho en el Instituto Tecnol\u00f3gico Aut\u00f3nomo de M\u00e9xico (ITAM) y tiene dos grados de maestro: en Derecho y en Relaciones Internacionales, ambos por la Universidad de Columbia en Nueva York.<\/p>\n\n\n\n<p>En 2012, con el gobierno priista del expresidente Enrique Pe\u00f1a Nieto, asumi\u00f3 el cargo de director de Infonavit. Tres a\u00f1os despu\u00e9s, en 2015 renunci\u00f3 para postularse a candidato del PRI para gobernador de Oaxaca. Murat ha sido relacionado con el fraude multimillonario por 5 mil millones de pesos para cancelar un proyecto inmobiliario con la empresa Telra Realty, aunque \u00e9l lo ha negado.<\/p>\n\n\n\n<p>En 2019,&nbsp;<a href=\"https:\/\/imco.org.mx\/indice-de-informacion-del-ejercicio-del-gasto-2019-el-costo-de-una-buena-imagen\/\" target=\"_blank\" rel=\"noreferrer noopener\">El Instituto Mexicano para la Competitividad (IMCO)<\/a>&nbsp;public\u00f3 su informe<em>&nbsp;\u00cdndice de Informaci\u00f3n del Ejercicio del Gasto 2019: El costo de una buena imagen<\/em>, donde analiza el excesivo uso de los recursos p\u00fablicos que realizan los estados en publicidad oficial. Oaxaca, figur\u00f3 en este rubro, al ser&nbsp;<strong>uno de los estados con mayor porcentaje de personas en situaci\u00f3n de pobreza, pobreza extrema y vulnerabilidad<\/strong>, pero que en ese a\u00f1o el gobierno de Alejandro Murat ejerci\u00f3 en publicidad oficial un monto equivalente al 95% de su gasto en turismo: 270 millones 388 mil 621 pesos.<\/p>\n\n\n\n<p>De acuerdo con el informe&nbsp;<a href=\"https:\/\/www.educaoaxaca.org\/analisis-politico-de-la-gestion-de-alejandro-murat-hinojosa-en-el-gobierno-de-oaxaca-2016-2020\/\" target=\"_blank\" rel=\"noreferrer noopener\"><em>An\u00e1lisis pol\u00edtico de la gesti\u00f3n de Alejandro Murat Hinojosa, en el periodo 2016-2020<\/em><\/a>, elaborado la organizaci\u00f3n oaxaque\u00f1a EDUCA, su gobierno se fue desarrollando con el triunfo de Andr\u00e9s Manuel L\u00f3pez Obrador.<\/p>\n\n\n\n<p>\u201cEl gobernador de Oaxaca<strong>&nbsp;se ha colocado fuera del golpeteo pol\u00edtico y ha puesto en Oaxaca<\/strong>&nbsp;a disposici\u00f3n de los proyectos estrella del primer mandatario: Proyecto trans\u00edstmico, caminos rurales, becas para el bienestar, Sembrando Vida, y, por si fuera poco, es el emisario entre el magisterio oaxaque\u00f1o y el gobierno federal\u201d, se\u00f1ala el informe.<\/p>\n\n\n\n<p>El presidente Andr\u00e9s Manuel L\u00f3pez Obrador ha visitado Oaxaca en 28 ocasiones desde que inici\u00f3 su mandato. Y no es casualidad, ya que en este estado se desarrolla uno de sus proyectos estrella:<strong>&nbsp;el corredor Interoce\u00e1nico del Istmo de Tehuantepec<\/strong>.<\/p>\n\n\n\n<p>El tambi\u00e9n llamado Corredor Trans\u00edstmico consiste en obras como un rompeolas en el puerto petrolero de Salina Cruz,&nbsp;<strong>rehabilitaci\u00f3n de v\u00edas f\u00e9rreas<\/strong>&nbsp;y la construcci\u00f3n de cinco parques industriales (Mat\u00edas Romero, Ciudad Ixtepec, Santa Mar\u00eda Mixtequilla, San Blas Atempa y Salina Cruz), que son los principales motivos por los que L\u00f3pez Obrador visita Oaxaca.<\/p>\n\n\n\n<p>\u201cLo que no se habla es que&nbsp;<strong>creci\u00f3 la violencia y el despojo de tierras<\/strong>\u201d, explica Elliot Escobar de la colectiva Sol Rojo. Incluso, el presidente L\u00f3pez Obrador reconoci\u00f3 en una conferencia matutina que hay grupos criminales que extorsionan a algunas empresas que construyen el Corredor Interoce\u00e1nico del Istmo de Tehuantepec (CIIT).<\/p>\n\n\n\n<p>\u201cNo hubo consulta previa, los pueblos se est\u00e1n quejando del despojo de tierras, eso no es progreso, eso es imposici\u00f3n\u201d, agrega.No te pierdas:<a href=\"https:\/\/la-lista.com\/mexico\/2022\/05\/03\/la-fiscalia-de-oaxaca-investiga-como-homicidio-la-muerte-de-4-ninos-en-chicapa\">La Fiscal\u00eda de Oaxaca investiga como homicidio la muerte de 4 ni\u00f1os en Chicapa<\/a><\/p>\n\n\n\n<h2 class=\"wp-block-heading\">La deuda p\u00fablica<\/h2>\n\n\n\n<p>El 2019 no se olvidar\u00e1 en Oaxaca, cuenta la diputada federal de Morena Margarita Garc\u00eda al se\u00f1alar que congresistas de la 64 legislatura local del periodo 2019-2021 aprobaron ese a\u00f1o una<strong>&nbsp;deuda hist\u00f3rica para la entidad por un monto 3 mil 500 millones de pesos<\/strong>, y el refinanciamiento de largo plazo por 13 mil 500 millones de pesos, que se destinar\u00e1n a obras estatales.<\/p>\n\n\n\n<p>La deuda ser\u00eda para invertir en 118 proyectos en obras sociales, como caminos, rehabilitaci\u00f3n de inmuebles p\u00fablicos, proyectos de alumbrado, adem\u00e1s de la reubicaci\u00f3n de la sede de la 28\/a Zona Militar.<\/p>\n\n\n\n<p>A poco menos de ocho meses de que concluya el mandato de Alejandro Murat no se sabe el destino de ese recurso,&nbsp;asegura la diputada oaxaque\u00f1a, quien&nbsp;<a href=\"http:\/\/www5.diputados.gob.mx\/index.php\/esl\/Comunicacion\/Agencia-de-Noticias\/2019\/Octubre\/30\/3566-Presenta-Margarita-Garcia-demanda-de-juicio-politico-contra-gobernador-de-Oaxaca-y-diputados-locales-por-avalar-endeudamiento-de-16-mil-601-millones-902-mil-pesos\" target=\"_blank\" rel=\"noreferrer noopener\">solicit\u00f3 un juicio pol\u00edtico en contra del gobernador de Oaxaca<\/a>&nbsp;ante el pleno de la C\u00e1mara de Diputados.<\/p>\n\n\n\n<p>Resalta que desafortunadamente a Oaxaca la han saqueado a su antojo, y lo peor es que durante el sexenio no se not\u00f3 ninguna obra estatal de impacto. \u201cMurat se adjudica obras federales para enga\u00f1ar a los oaxaque\u00f1os y encima nos endeud\u00f3 sin que sepamos el paradero de ese dinero\u201d.<\/p>\n\n\n\n<p>Fuente: https:\/\/la-lista.com\/mexico\/2022\/05\/04\/oaxaca-alejandro-murat-el-milagro-oaxaqueno-que-quedo-en-promesa<\/p>\n","protected":false},"excerpt":{"rendered":"<p>Mi\u00e9rcoles 4 de Mayo del 2022, Diana Manzo, La Lista.- \u201cEn seis a\u00f1os, todo el mundo hablar\u00e1 del\u00a0milagro oaxaque\u00f1o, de eso no hay duda\u201d, dijo en una entrevista el 7 de junio del 2016, cuando todav\u00eda era virtual ganador de la contienda electoral el hoy gobernador de Oaxaca,\u00a0Alejandro Murat Hinojosa. El lema del gobernador priista [&hellip;]<\/p>\n","protected":false},"author":4,"featured_media":25578,"comment_status":"closed","ping_status":"open","sticky":false,"template":"","format":"standard","meta":{"footnotes":""},"categories":[91,32],"tags":[43,63,58,39,80],"class_list":["post-25577","post","type-post","status-publish","format-standard","has-post-thumbnail","hentry","category-notas","category-novedades","tag-derechos","tag-equidad-de-genero","tag-gesmujer","tag-igualdad","tag-oaxaca"],"_links":{"self":[{"href":"https:\/\/www.gesmujer.org\/sitio\/index.php?rest_route=\/wp\/v2\/posts\/25577","targetHints":{"allow":["GET"]}}],"collection":[{"href":"https:\/\/www.gesmujer.org\/sitio\/index.php?rest_route=\/wp\/v2\/posts"}],"about":[{"href":"https:\/\/www.gesmujer.org\/sitio\/index.php?rest_route=\/wp\/v2\/types\/post"}],"author":[{"embeddable":true,"href":"https:\/\/www.gesmujer.org\/sitio\/index.php?rest_route=\/wp\/v2\/users\/4"}],"replies":[{"embeddable":true,"href":"https:\/\/www.gesmujer.org\/sitio\/index.php?rest_route=%2Fwp%2Fv2%2Fcomments&post=25577"}],"version-history":[{"count":1,"href":"https:\/\/www.gesmujer.org\/sitio\/index.php?rest_route=\/wp\/v2\/posts\/25577\/revisions"}],"predecessor-version":[{"id":25579,"href":"https:\/\/www.gesmujer.org\/sitio\/index.php?rest_route=\/wp\/v2\/posts\/25577\/revisions\/25579"}],"wp:featuredmedia":[{"embeddable":true,"href":"https:\/\/www.gesmujer.org\/sitio\/index.php?rest_route=\/wp\/v2\/media\/25578"}],"wp:attachment":[{"href":"https:\/\/www.gesmujer.org\/sitio\/index.php?rest_route=%2Fwp%2Fv2%2Fmedia&parent=25577"}],"wp:term":[{"taxonomy":"category","embeddable":true,"href":"https:\/\/www.gesmujer.org\/sitio\/index.php?rest_route=%2Fwp%2Fv2%2Fcategories&post=25577"},{"taxonomy":"post_tag","embeddable":true,"href":"https:\/\/www.gesmujer.org\/sitio\/index.php?rest_route=%2Fwp%2Fv2%2Ftags&post=25577"}],"curies":[{"name":"wp","href":"https:\/\/api.w.org\/{rel}","templated":true}]}}