{"id":2562,"date":"2017-05-15T09:48:58","date_gmt":"2017-05-15T15:48:58","guid":{"rendered":"http:\/\/www.gesmujer.org\/sitio\/?p=2562"},"modified":"2024-04-05T14:59:27","modified_gmt":"2024-04-05T20:59:27","slug":"28-mujeres-asesinadas-en-lo-que-va-de-2017-en-oaxaca","status":"publish","type":"post","link":"https:\/\/www.gesmujer.org\/sitio\/?p=2562","title":{"rendered":"28 mujeres asesinadas en lo que va de 2017 en Oaxaca"},"content":{"rendered":"<p><img fetchpriority=\"high\" decoding=\"async\" class=\"aligncenter size-full wp-image-2563\" src=\"http:\/\/www.gesmujer.org\/SITIO\/wp-content\/uploads\/\/2017\/08\/1-1.jpg\" alt=\"\" width=\"600\" height=\"321\" srcset=\"https:\/\/www.gesmujer.org\/sitio\/wp-content\/uploads\/2017\/08\/1-1.jpg 600w, https:\/\/www.gesmujer.org\/sitio\/wp-content\/uploads\/2017\/08\/1-1-300x161.jpg 300w\" sizes=\"(max-width: 600px) 100vw, 600px\" \/><\/p>\n<p>Internacional Telesur, Lunes 15 de mayo de 2017.<\/p>\n<p>En lo que va de a\u00f1o se han registrado 28 asesinatos de mujeres en el estado de Oaxaca, M\u00e9xico, denunci\u00f3 este viernes el Grupo de Estudios sobre la Mujer Rosario Castellanos (GESMujer).<\/p>\n<p>El grupo indic\u00f3 que desde diciembre de 2016, en Oaxaca se han presentado un total de 33 casos de f\u00e9minas asesinadas. La \u00faltima de ellas se encontr\u00f3 el pasado 12 de abril envuelta en una cobija en el sector Trinidad Zaachila, centro de la entidad mexicana.<\/p>\n<p>El d\u00eda anterior al hecho, un hombre asesin\u00f3 a una mujer por intervenir en la\u00a0golpiza que \u00e9l le propinaba a su novia.<\/p>\n<p>&nbsp;  <!--codes_iframe--><!--\/codes_iframe--><\/p>\n","protected":false},"excerpt":{"rendered":"<p>Internacional Telesur, Lunes 15 de mayo de 2017. En lo que va de a\u00f1o se han registrado 28 asesinatos de mujeres en el estado de Oaxaca, M\u00e9xico, denunci\u00f3 este viernes el Grupo de Estudios sobre la Mujer Rosario Castellanos (GESMujer). El grupo indic\u00f3 que desde diciembre de 2016, en Oaxaca se han presentado un total [&hellip;]<\/p>\n","protected":false},"author":4,"featured_media":2563,"comment_status":"closed","ping_status":"open","sticky":false,"template":"","format":"standard","meta":{"give_campaign_id":0,"rs_blank_template":"","rs_page_bg_color":"","slide_template_v7":"","footnotes":""},"categories":[91,32],"tags":[60,75,58,39,80,67,138],"class_list":["post-2562","post","type-post","status-publish","format-standard","has-post-thumbnail","hentry","category-notas","category-novedades","tag-derechos-mujeres","tag-feminicidios","tag-gesmujer","tag-igualdad","tag-oaxaca","tag-violencia","tag-violencia-feminicida"],"_links":{"self":[{"href":"https:\/\/www.gesmujer.org\/sitio\/index.php?rest_route=\/wp\/v2\/posts\/2562","targetHints":{"allow":["GET"]}}],"collection":[{"href":"https:\/\/www.gesmujer.org\/sitio\/index.php?rest_route=\/wp\/v2\/posts"}],"about":[{"href":"https:\/\/www.gesmujer.org\/sitio\/index.php?rest_route=\/wp\/v2\/types\/post"}],"author":[{"embeddable":true,"href":"https:\/\/www.gesmujer.org\/sitio\/index.php?rest_route=\/wp\/v2\/users\/4"}],"replies":[{"embeddable":true,"href":"https:\/\/www.gesmujer.org\/sitio\/index.php?rest_route=%2Fwp%2Fv2%2Fcomments&post=2562"}],"version-history":[{"count":3,"href":"https:\/\/www.gesmujer.org\/sitio\/index.php?rest_route=\/wp\/v2\/posts\/2562\/revisions"}],"predecessor-version":[{"id":58565,"href":"https:\/\/www.gesmujer.org\/sitio\/index.php?rest_route=\/wp\/v2\/posts\/2562\/revisions\/58565"}],"wp:featuredmedia":[{"embeddable":true,"href":"https:\/\/www.gesmujer.org\/sitio\/index.php?rest_route=\/wp\/v2\/media\/2563"}],"wp:attachment":[{"href":"https:\/\/www.gesmujer.org\/sitio\/index.php?rest_route=%2Fwp%2Fv2%2Fmedia&parent=2562"}],"wp:term":[{"taxonomy":"category","embeddable":true,"href":"https:\/\/www.gesmujer.org\/sitio\/index.php?rest_route=%2Fwp%2Fv2%2Fcategories&post=2562"},{"taxonomy":"post_tag","embeddable":true,"href":"https:\/\/www.gesmujer.org\/sitio\/index.php?rest_route=%2Fwp%2Fv2%2Ftags&post=2562"}],"curies":[{"name":"wp","href":"https:\/\/api.w.org\/{rel}","templated":true}]}}