{"id":2571,"date":"2017-09-07T12:14:57","date_gmt":"2017-09-07T18:14:57","guid":{"rendered":"http:\/\/www.gesmujer.org\/sitio\/?p=2571"},"modified":"2024-04-05T14:59:30","modified_gmt":"2024-04-05T20:59:30","slug":"instalan-observatorio-ciudadano-del-centro-de-justicia-para-las-mujeres-en-oaxaca","status":"publish","type":"post","link":"https:\/\/www.gesmujer.org\/sitio\/?p=2571","title":{"rendered":"Instalan Observatorio Ciudadano del Centro de Justicia para las mujeres en Oaxaca"},"content":{"rendered":"<p><img fetchpriority=\"high\" decoding=\"async\" class=\"aligncenter size-large wp-image-2573\" src=\"http:\/\/www.gesmujer.org\/SITIO\/wp-content\/uploads\/\/2017\/09\/Foto-01-Observatorio-1024x678.jpg\" alt=\"\" width=\"640\" height=\"424\" srcset=\"https:\/\/www.gesmujer.org\/sitio\/wp-content\/uploads\/2017\/09\/Foto-01-Observatorio-1024x678.jpg 1024w, https:\/\/www.gesmujer.org\/sitio\/wp-content\/uploads\/2017\/09\/Foto-01-Observatorio-scaled-1080x716.jpg 1080w, https:\/\/www.gesmujer.org\/sitio\/wp-content\/uploads\/2017\/09\/Foto-01-Observatorio-300x199.jpg 300w, https:\/\/www.gesmujer.org\/sitio\/wp-content\/uploads\/2017\/09\/Foto-01-Observatorio-768x509.jpg 768w\" sizes=\"(max-width: 640px) 100vw, 640px\" \/><\/p>\n<ul>\n<li><strong>El objetivo es contribuir a la evaluaci\u00f3n de los mecanismos de erradicaci\u00f3n de la violencia contra las mujeres <\/strong><\/li>\n<\/ul>\n<p>Las organizaciones EQUIS Justicia para las Mujeres A. C., Consorcio Oaxaca y el Grupo de estudios sobre la mujer Rosario Castellanos y realizaron este jueves en esta ciudad la presentaci\u00f3n e instalaci\u00f3n del Observatorio Ciudadano del Centro de Justicia para las Mujeres en Oaxaca.<\/p>\n<p>Yesica S\u00e1nchez, directora de Consorcio Oaxaca explic\u00f3 que a trav\u00e9s del Observatorio, realizar\u00e1n un monitoreo de la operaci\u00f3n del Centro de Justicia para las Mujeres que se ubica en la ciudad de Oaxaca.<\/p>\n<p>Mediante un di\u00e1logo permanente con las autoridades y otros actores de la sociedad civil, emitir\u00e1n recomendaciones para contribuir en su fortalecimiento y desarrollar\u00e1n estrategias de incidencia para disminuir los \u00edndices de violencia feminicida en la entidad, que a la fecha suman un total de 83 casos en el actual sexenio de Alejandro Murat.<\/p>\n<p>La iniciativa de fortalecer estos organismos\u00a0surge ante la necesidad de disminuir los \u00edndices de violencia que se han presentado en Oaxaca, ya que seg\u00fan la presidenta del Grupo de estudios sobre la mujer Rosario Castellanos, Ximena Avellaneda D\u00edaz, no existe una pol\u00edtica estatal para la atenci\u00f3n de este fen\u00f3meno.<\/p>\n<p>Para ejemplificar la gravedad de la violencia contra las mujeres, cit\u00f3 los resultados de la Encuesta Nacional sobre la Din\u00e1mica de las Relaciones en los Hogares (ENDIREH) 2016: 63.7 por ciento de las mujeres oaxaque\u00f1as han vivido alg\u00fan tipo de violencia y 46.1 por ciento ha vivido violencia en el \u00e1mbito familiar.<\/p>\n<p>Recordaron que los Centros de Justicia para las Mujeres, responden a una obligaci\u00f3n internacional del Estado Mexicano y son la \u00fanica pol\u00edtica p\u00fablica enfocada en garantizar el acceso a la justicia desde una perspectiva integral que incluyen servicios jur\u00eddicos y m\u00e9dicos, empoderamiento social y econ\u00f3mico.<\/p>\n<p>Por ello, con el fin de garantizar que la pol\u00edtica p\u00fablica se implemente de manera adecuada, las integrantes del Observatorio Ciudadano se\u00f1alaron que el monitoreo sistem\u00e1tico que llevar\u00e1n a cabo permitir\u00e1 hacer una evaluaci\u00f3n general sobre la eficiencia, eficacia e idoneidad \u00a0de los Centros como pol\u00edtica p\u00fablica; adem\u00e1s de promover la transparencia y la rendici\u00f3n de cuentas por parte de las instituciones p\u00fablicas.<\/p>\n<p>Ana Echeverri, coordinadora del \u00c1rea de Pol\u00edticas P\u00fablicas de EQUIS Justicia para las Mujeres explic\u00f3 que en el pa\u00eds operan actualmente 37 Centros de Justicia para las Mujeres, 31 al cierre del 2016; en muchos de los cuales no cuentan con el personal id\u00f3neo para brindar atenci\u00f3n m\u00e9dica, psicol\u00f3gica o legal a mujeres v\u00edctimas de violencia o bien replican estereotipos, de acuerdo al <strong>Informe sobre la Situaci\u00f3n de los Centros de Justicia para las Mujeres<\/strong>, elaborado por EQUIS Justicia para las Mujeres.<\/p>\n<p>En el caso espec\u00edfico de Oaxaca, el Centro inici\u00f3 sus operaciones el 27 de mayo de 2013, con base en el acuerdo que la Procuradur\u00eda General de Justicia del estado de Oaxaca emiti\u00f3 en el a\u00f1o 2012 y depende de manera directa de la Oficina del Fiscal General del Estado de Oaxaca, pero existe poca informaci\u00f3n sobre los servicios que ofrecen.<\/p>\n<p>El Centro de Justicia para las Mujeres est\u00e1 a cargo de una directora y a diferencia de otros centros en los que no se establece un perfil para el cargo, en Oaxaca si se cuenta con dicho perfil, el cual incluye contar con experiencia en perspectiva de g\u00e9nero.<\/p>\n<p>A diferencia de otros Centros de Justicia para las Mujeres, no se encontr\u00f3 informaci\u00f3n que hable de la existencia de un Comit\u00e9 T\u00e9cnico o Junta de Gobierno del CEJUM que se encargue de supervisar, asesorar y vigilar el buen funcionamiento del centro.<\/p>\n<p>Respecto a los servidores p\u00fablicos que se encuentran adscritos al CEJUM, se carece con informaci\u00f3n clara y su Plan Operativo Anual se encuentra en proceso de actualizaci\u00f3n.<\/p>\n<p>La versi\u00f3n digital del Informe sobre la Situaci\u00f3n de los Centros de Justicia para las Mujeres se puede consultar aqu\u00ed: http:\/\/equis.org.mx\/informe-sobre-los-centros-de-justicia-para-las-mujeres\/  <!--codes_iframe--><!--\/codes_iframe--><\/p>\n","protected":false},"excerpt":{"rendered":"<p>El objetivo es contribuir a la evaluaci\u00f3n de los mecanismos de erradicaci\u00f3n de la violencia contra las mujeres Las organizaciones EQUIS Justicia para las Mujeres A. C., Consorcio Oaxaca y el Grupo de estudios sobre la mujer Rosario Castellanos y realizaron este jueves en esta ciudad la presentaci\u00f3n e instalaci\u00f3n del Observatorio Ciudadano del Centro [&hellip;]<\/p>\n","protected":false},"author":4,"featured_media":2572,"comment_status":"closed","ping_status":"open","sticky":false,"template":"","format":"standard","meta":{"give_campaign_id":0,"rs_blank_template":"","rs_page_bg_color":"","slide_template_v7":"","footnotes":""},"categories":[36,32],"tags":[148,60,63,144,58,39,80,138],"class_list":["post-2571","post","type-post","status-publish","format-standard","has-post-thumbnail","hentry","category-comunicados","category-novedades","tag-cejum","tag-derechos-mujeres","tag-equidad-de-genero","tag-equis-justicia","tag-gesmujer","tag-igualdad","tag-oaxaca","tag-violencia-feminicida"],"_links":{"self":[{"href":"https:\/\/www.gesmujer.org\/sitio\/index.php?rest_route=\/wp\/v2\/posts\/2571","targetHints":{"allow":["GET"]}}],"collection":[{"href":"https:\/\/www.gesmujer.org\/sitio\/index.php?rest_route=\/wp\/v2\/posts"}],"about":[{"href":"https:\/\/www.gesmujer.org\/sitio\/index.php?rest_route=\/wp\/v2\/types\/post"}],"author":[{"embeddable":true,"href":"https:\/\/www.gesmujer.org\/sitio\/index.php?rest_route=\/wp\/v2\/users\/4"}],"replies":[{"embeddable":true,"href":"https:\/\/www.gesmujer.org\/sitio\/index.php?rest_route=%2Fwp%2Fv2%2Fcomments&post=2571"}],"version-history":[{"count":3,"href":"https:\/\/www.gesmujer.org\/sitio\/index.php?rest_route=\/wp\/v2\/posts\/2571\/revisions"}],"predecessor-version":[{"id":58569,"href":"https:\/\/www.gesmujer.org\/sitio\/index.php?rest_route=\/wp\/v2\/posts\/2571\/revisions\/58569"}],"wp:featuredmedia":[{"embeddable":true,"href":"https:\/\/www.gesmujer.org\/sitio\/index.php?rest_route=\/wp\/v2\/media\/2572"}],"wp:attachment":[{"href":"https:\/\/www.gesmujer.org\/sitio\/index.php?rest_route=%2Fwp%2Fv2%2Fmedia&parent=2571"}],"wp:term":[{"taxonomy":"category","embeddable":true,"href":"https:\/\/www.gesmujer.org\/sitio\/index.php?rest_route=%2Fwp%2Fv2%2Fcategories&post=2571"},{"taxonomy":"post_tag","embeddable":true,"href":"https:\/\/www.gesmujer.org\/sitio\/index.php?rest_route=%2Fwp%2Fv2%2Ftags&post=2571"}],"curies":[{"name":"wp","href":"https:\/\/api.w.org\/{rel}","templated":true}]}}