{"id":2587,"date":"2017-10-26T18:52:27","date_gmt":"2017-10-27T00:52:27","guid":{"rendered":"http:\/\/www.gesmujer.org\/sitio\/?p=2587"},"modified":"2024-04-05T14:59:33","modified_gmt":"2024-04-05T20:59:33","slug":"grupo-ojala-baez-por-justicia-e-igualdad-para-las-oaxaquenas","status":"publish","type":"post","link":"https:\/\/www.gesmujer.org\/sitio\/grupo-ojala-baez-por-justicia-e-igualdad-para-las-oaxaquenas\/","title":{"rendered":"Grupo Ojal\u00e1 B\u00e1ez, por justicia e igualdad para las oaxaque\u00f1as"},"content":{"rendered":"<h2><img fetchpriority=\"high\" decoding=\"async\" class=\"aligncenter size-full wp-image-2588\" src=\"http:\/\/www.gesmujer.org\/SITIO\/wp-content\/uploads\/\/2017\/10\/ojal\u00e0.jpg\" alt=\"\" width=\"600\" height=\"407\" srcset=\"https:\/\/www.gesmujer.org\/sitio\/wp-content\/uploads\/2017\/10\/ojal\u00e0.jpg 600w, https:\/\/www.gesmujer.org\/sitio\/wp-content\/uploads\/2017\/10\/ojal\u00e0-300x204.jpg 300w\" sizes=\"(max-width: 600px) 100vw, 600px\" \/>Concierto en Oaxaca el domingo 29 de octubre a las 6 PM, en las instalaciones de Convivio<\/h2>\n<div id=\"ox-4e190879b3-yui_3_16_0_ym19_1_1480613860227_23820\" class=\"col-xs-12\">Zaira Hern\u00e1ndez , Jueves 26 de Octubre de 2017.<\/div>\n<div id=\"ox-4e190879b3-yui_3_16_0_ym19_1_1480613860227_23823\" class=\"col-xs-12\">\n<p>El grupo Ojal\u00e1 Baez realizar\u00e1 un concierto de m\u00fasica folcl\u00f3rica y una noche de convivencia para fomentar el di\u00e1logo intersectorial y el trabajo comunitario por la igualdad y la justicia para las mujeres de Oaxaca.<\/p>\n<p>Este concierto ser\u00e1 el domingo 29 de octubre a las 6 de la tarde, en las instalaciones de Convivio, localizado en Avenida Ju\u00e1rez 805, frente al Parque El Llano en Oaxaca capital.<\/p>\n<p>El recurso a recaudar ser\u00e1 para las organizaciones de la sociedad civil Consorcio por la Equidad, el Grupo de Estudios Sobre las Mujeres &#8220;Rosario Castellanos&#8221; (GesMujer) y Protecci\u00f3n para las J\u00f3venes, A.C.<\/p>\n<p>&#8220;Yo soy madre, soy feminista y canto sobre las cosas que est\u00e1n pasando en mi mundo, hay muchas situaciones que hay que trabajar juntos para un mundo m\u00e1s justo y de igualdad para las mujeres&#8221;, dijo Isahrai Azaria fundadora de este grupo.<\/p>\n<p>Este d\u00fao crea m\u00fasica y habla sobre los derechos de las mujeres, de los pueblos ind\u00edgenas, de todas las personas sin importar su identidad sexual y de g\u00e9nero.<\/p>\n<p>Ella recibi\u00f3 violencia en su vida en familia, y a ra\u00edz de esto, est\u00e1 motivada para realizar estas acciones que visibilicen la situaci\u00f3n en la casa, en la calle. Mediante este concierto esperan que los asistentes se sumen al trabajo a favor de las mujeres que est\u00e1n sufriendo en violencia.<\/p>\n<p>Hope Bigda-Peyton es otra de las integrantes, de origen oaxaque\u00f1o; a los 12 a\u00f1os inici\u00f3 su trayectoria musical y estar\u00e1 en este concierto al cual se suman Beto Cruz y \u00c1ngel Garc\u00eda, con la participaci\u00f3n de Melina Marroqu\u00edn como cantante invitada.<\/p>\n<p>Ximena Avellaneda D\u00edaz de GesMujer, consider\u00f3 que estas acciones son un impulso de hermandad para fomentar la unidad entorno a la lucha contra la violencia que viven las mujeres.<\/p>\n<p>Luz de la Rosa Hern\u00e1ndez, de Protecci\u00f3n a la Joven, indic\u00f3 que desde este espacio que da alojamiento a j\u00f3venes en situaci\u00f3n de violencia y de riesgo, buscan evitar escenarios negativos para las oaxaque\u00f1as y darles herramientas para la superaci\u00f3n.<\/p>\n<\/div>\n<p>  <!--codes_iframe--><!--\/codes_iframe--><\/p>\n","protected":false},"excerpt":{"rendered":"<p>Concierto en Oaxaca el domingo 29 de octubre a las 6 PM, en las instalaciones de Convivio Zaira Hern\u00e1ndez , Jueves 26 de Octubre de 2017. El grupo Ojal\u00e1 Baez realizar\u00e1 un concierto de m\u00fasica folcl\u00f3rica y una noche de convivencia para fomentar el di\u00e1logo intersectorial y el trabajo comunitario por la igualdad y la [&hellip;]<\/p>\n","protected":false},"author":4,"featured_media":2588,"comment_status":"closed","ping_status":"open","sticky":false,"template":"","format":"standard","meta":{"give_campaign_id":0,"footnotes":""},"categories":[91,32],"tags":[60,63,58,80],"class_list":["post-2587","post","type-post","status-publish","format-standard","has-post-thumbnail","hentry","category-notas","category-novedades","tag-derechos-mujeres","tag-equidad-de-genero","tag-gesmujer","tag-oaxaca"],"yoast_head":"<!-- This site is optimized with the Yoast SEO plugin v27.4 - https:\/\/yoast.com\/product\/yoast-seo-wordpress\/ -->\n<title>Grupo Ojal\u00e1 B\u00e1ez, por justicia e igualdad para las oaxaque\u00f1as - GESMujer &quot;Rosario Castellanos&quot;<\/title>\n<meta name=\"robots\" content=\"index, follow, max-snippet:-1, max-image-preview:large, max-video-preview:-1\" \/>\n<link rel=\"canonical\" href=\"https:\/\/www.gesmujer.org\/sitio\/grupo-ojala-baez-por-justicia-e-igualdad-para-las-oaxaquenas\/\" \/>\n<meta property=\"og:locale\" content=\"es_MX\" \/>\n<meta property=\"og:type\" content=\"article\" \/>\n<meta property=\"og:title\" content=\"Grupo Ojal\u00e1 B\u00e1ez, por justicia e igualdad para las oaxaque\u00f1as - GESMujer &quot;Rosario Castellanos&quot;\" \/>\n<meta property=\"og:description\" content=\"Concierto en Oaxaca el domingo 29 de octubre a las 6 PM, en las instalaciones de Convivio Zaira Hern\u00e1ndez , Jueves 26 de Octubre de 2017. El grupo Ojal\u00e1 Baez realizar\u00e1 un concierto de m\u00fasica folcl\u00f3rica y una noche de convivencia para fomentar el di\u00e1logo intersectorial y el trabajo comunitario por la igualdad y la [&hellip;]\" \/>\n<meta property=\"og:url\" content=\"https:\/\/www.gesmujer.org\/sitio\/grupo-ojala-baez-por-justicia-e-igualdad-para-las-oaxaquenas\/\" \/>\n<meta property=\"og:site_name\" content=\"GESMujer &quot;Rosario Castellanos&quot;\" \/>\n<meta property=\"article:publisher\" content=\"https:\/\/www.facebook.com\/gesmujer.rosario.castellanos.ac\" \/>\n<meta property=\"article:published_time\" content=\"2017-10-27T00:52:27+00:00\" \/>\n<meta property=\"article:modified_time\" content=\"2024-04-05T20:59:33+00:00\" \/>\n<meta property=\"og:image\" content=\"https:\/\/www.gesmujer.org\/sitio\/wp-content\/uploads\/2017\/10\/ojal\u00e0.jpg\" \/>\n\t<meta property=\"og:image:width\" content=\"600\" \/>\n\t<meta property=\"og:image:height\" content=\"407\" \/>\n\t<meta property=\"og:image:type\" content=\"image\/jpeg\" \/>\n<meta name=\"author\" content=\"cendoc\" \/>\n<meta name=\"twitter:card\" content=\"summary_large_image\" \/>\n<meta name=\"twitter:creator\" content=\"@GES_Mujer\" \/>\n<meta name=\"twitter:site\" content=\"@GES_Mujer\" \/>\n<meta name=\"twitter:label1\" content=\"Escrito por\" \/>\n\t<meta name=\"twitter:data1\" content=\"cendoc\" \/>\n\t<meta name=\"twitter:label2\" content=\"Tiempo de lectura\" \/>\n\t<meta name=\"twitter:data2\" content=\"2 minutos\" \/>\n<script type=\"application\/ld+json\" class=\"yoast-schema-graph\">{\"@context\":\"https:\\\/\\\/schema.org\",\"@graph\":[{\"@type\":\"Article\",\"@id\":\"https:\\\/\\\/www.gesmujer.org\\\/sitio\\\/grupo-ojala-baez-por-justicia-e-igualdad-para-las-oaxaquenas\\\/#article\",\"isPartOf\":{\"@id\":\"https:\\\/\\\/www.gesmujer.org\\\/sitio\\\/grupo-ojala-baez-por-justicia-e-igualdad-para-las-oaxaquenas\\\/\"},\"author\":{\"name\":\"cendoc\",\"@id\":\"https:\\\/\\\/www.gesmujer.org\\\/sitio\\\/#\\\/schema\\\/person\\\/50e03387f883646c2714c51783a7e288\"},\"headline\":\"Grupo Ojal\u00e1 B\u00e1ez, por justicia e igualdad para las oaxaque\u00f1as\",\"datePublished\":\"2017-10-27T00:52:27+00:00\",\"dateModified\":\"2024-04-05T20:59:33+00:00\",\"mainEntityOfPage\":{\"@id\":\"https:\\\/\\\/www.gesmujer.org\\\/sitio\\\/grupo-ojala-baez-por-justicia-e-igualdad-para-las-oaxaquenas\\\/\"},\"wordCount\":387,\"publisher\":{\"@id\":\"https:\\\/\\\/www.gesmujer.org\\\/sitio\\\/#organization\"},\"image\":{\"@id\":\"https:\\\/\\\/www.gesmujer.org\\\/sitio\\\/grupo-ojala-baez-por-justicia-e-igualdad-para-las-oaxaquenas\\\/#primaryimage\"},\"thumbnailUrl\":\"https:\\\/\\\/www.gesmujer.org\\\/sitio\\\/wp-content\\\/uploads\\\/2017\\\/10\\\/ojal\u00e0.jpg\",\"keywords\":[\"Derechos Mujeres\",\"Equidad de g\u00e9nero\",\"GESMujer\",\"Oaxaca\"],\"articleSection\":[\"NOTAS\",\"NOTICIAS\"],\"inLanguage\":\"es\"},{\"@type\":\"WebPage\",\"@id\":\"https:\\\/\\\/www.gesmujer.org\\\/sitio\\\/grupo-ojala-baez-por-justicia-e-igualdad-para-las-oaxaquenas\\\/\",\"url\":\"https:\\\/\\\/www.gesmujer.org\\\/sitio\\\/grupo-ojala-baez-por-justicia-e-igualdad-para-las-oaxaquenas\\\/\",\"name\":\"Grupo Ojal\u00e1 B\u00e1ez, por justicia e igualdad para las oaxaque\u00f1as - GESMujer &quot;Rosario Castellanos&quot;\",\"isPartOf\":{\"@id\":\"https:\\\/\\\/www.gesmujer.org\\\/sitio\\\/#website\"},\"primaryImageOfPage\":{\"@id\":\"https:\\\/\\\/www.gesmujer.org\\\/sitio\\\/grupo-ojala-baez-por-justicia-e-igualdad-para-las-oaxaquenas\\\/#primaryimage\"},\"image\":{\"@id\":\"https:\\\/\\\/www.gesmujer.org\\\/sitio\\\/grupo-ojala-baez-por-justicia-e-igualdad-para-las-oaxaquenas\\\/#primaryimage\"},\"thumbnailUrl\":\"https:\\\/\\\/www.gesmujer.org\\\/sitio\\\/wp-content\\\/uploads\\\/2017\\\/10\\\/ojal\u00e0.jpg\",\"datePublished\":\"2017-10-27T00:52:27+00:00\",\"dateModified\":\"2024-04-05T20:59:33+00:00\",\"breadcrumb\":{\"@id\":\"https:\\\/\\\/www.gesmujer.org\\\/sitio\\\/grupo-ojala-baez-por-justicia-e-igualdad-para-las-oaxaquenas\\\/#breadcrumb\"},\"inLanguage\":\"es\",\"potentialAction\":[{\"@type\":\"ReadAction\",\"target\":[\"https:\\\/\\\/www.gesmujer.org\\\/sitio\\\/grupo-ojala-baez-por-justicia-e-igualdad-para-las-oaxaquenas\\\/\"]}]},{\"@type\":\"ImageObject\",\"inLanguage\":\"es\",\"@id\":\"https:\\\/\\\/www.gesmujer.org\\\/sitio\\\/grupo-ojala-baez-por-justicia-e-igualdad-para-las-oaxaquenas\\\/#primaryimage\",\"url\":\"https:\\\/\\\/www.gesmujer.org\\\/sitio\\\/wp-content\\\/uploads\\\/2017\\\/10\\\/ojal\u00e0.jpg\",\"contentUrl\":\"https:\\\/\\\/www.gesmujer.org\\\/sitio\\\/wp-content\\\/uploads\\\/2017\\\/10\\\/ojal\u00e0.jpg\",\"width\":600,\"height\":407},{\"@type\":\"BreadcrumbList\",\"@id\":\"https:\\\/\\\/www.gesmujer.org\\\/sitio\\\/grupo-ojala-baez-por-justicia-e-igualdad-para-las-oaxaquenas\\\/#breadcrumb\",\"itemListElement\":[{\"@type\":\"ListItem\",\"position\":1,\"name\":\"Home\",\"item\":\"https:\\\/\\\/www.gesmujer.org\\\/sitio\\\/\"},{\"@type\":\"ListItem\",\"position\":2,\"name\":\"Grupo Ojal\u00e1 B\u00e1ez, por justicia e igualdad para las oaxaque\u00f1as\"}]},{\"@type\":\"WebSite\",\"@id\":\"https:\\\/\\\/www.gesmujer.org\\\/sitio\\\/#website\",\"url\":\"https:\\\/\\\/www.gesmujer.org\\\/sitio\\\/\",\"name\":\"GESMujer \\\"Rosario Castellanos\\\"\",\"description\":\"M\u00e1s de 45 a\u00f1os ha llevado a cabo acciones para erradicar la violencia de g\u00e9nero y construir entornos donde las mujeres encuentren su resiliencia, incrementen su agencia y autonom\u00eda que les permita lograr su empoderamiento a trav\u00e9s de cinco l\u00edneas de acci\u00f3n.\",\"publisher\":{\"@id\":\"https:\\\/\\\/www.gesmujer.org\\\/sitio\\\/#organization\"},\"alternateName\":\"GESMujer\",\"potentialAction\":[{\"@type\":\"SearchAction\",\"target\":{\"@type\":\"EntryPoint\",\"urlTemplate\":\"https:\\\/\\\/www.gesmujer.org\\\/sitio\\\/?s={search_term_string}\"},\"query-input\":{\"@type\":\"PropertyValueSpecification\",\"valueRequired\":true,\"valueName\":\"search_term_string\"}}],\"inLanguage\":\"es\"},{\"@type\":\"Organization\",\"@id\":\"https:\\\/\\\/www.gesmujer.org\\\/sitio\\\/#organization\",\"name\":\"Grupo de estudios sobre la mujer Rosario Castellanos ac\",\"alternateName\":\"GESMujer\",\"url\":\"https:\\\/\\\/www.gesmujer.org\\\/sitio\\\/\",\"logo\":{\"@type\":\"ImageObject\",\"inLanguage\":\"es\",\"@id\":\"https:\\\/\\\/www.gesmujer.org\\\/sitio\\\/#\\\/schema\\\/logo\\\/image\\\/\",\"url\":\"https:\\\/\\\/www.gesmujer.org\\\/sitio\\\/wp-content\\\/uploads\\\/2026\\\/03\\\/Logo-GESMujer-300.png\",\"contentUrl\":\"https:\\\/\\\/www.gesmujer.org\\\/sitio\\\/wp-content\\\/uploads\\\/2026\\\/03\\\/Logo-GESMujer-300.png\",\"width\":300,\"height\":141,\"caption\":\"Grupo de estudios sobre la mujer Rosario Castellanos ac\"},\"image\":{\"@id\":\"https:\\\/\\\/www.gesmujer.org\\\/sitio\\\/#\\\/schema\\\/logo\\\/image\\\/\"},\"sameAs\":[\"https:\\\/\\\/www.facebook.com\\\/gesmujer.rosario.castellanos.ac\",\"https:\\\/\\\/x.com\\\/GES_Mujer\",\"https:\\\/\\\/www.instagram.com\\\/ges_mujer\\\/?hl=es\",\"https:\\\/\\\/www.youtube.com\\\/c\\\/GESMujerRosarioCastellanos\\\/videos\",\"https:\\\/\\\/soundcloud.com\\\/gesmujerac\",\"https:\\\/\\\/www.tiktok.com\\\/@gesmujer\"]},{\"@type\":\"Person\",\"@id\":\"https:\\\/\\\/www.gesmujer.org\\\/sitio\\\/#\\\/schema\\\/person\\\/50e03387f883646c2714c51783a7e288\",\"name\":\"cendoc\",\"image\":{\"@type\":\"ImageObject\",\"inLanguage\":\"es\",\"@id\":\"https:\\\/\\\/secure.gravatar.com\\\/avatar\\\/2f187338ccb33c33bc1b08e92e2247a6891db221398e12bbc0f5ff0cfc462495?s=96&d=mm&r=g\",\"url\":\"https:\\\/\\\/secure.gravatar.com\\\/avatar\\\/2f187338ccb33c33bc1b08e92e2247a6891db221398e12bbc0f5ff0cfc462495?s=96&d=mm&r=g\",\"contentUrl\":\"https:\\\/\\\/secure.gravatar.com\\\/avatar\\\/2f187338ccb33c33bc1b08e92e2247a6891db221398e12bbc0f5ff0cfc462495?s=96&d=mm&r=g\",\"caption\":\"cendoc\"},\"sameAs\":[\"http:\\\/\\\/gesmujer.org\"],\"url\":\"https:\\\/\\\/www.gesmujer.org\\\/sitio\\\/author\\\/cendoc\\\/\"}]}<\/script>\n<!-- \/ Yoast SEO plugin. -->","yoast_head_json":{"title":"Grupo Ojal\u00e1 B\u00e1ez, por justicia e igualdad para las oaxaque\u00f1as - GESMujer &quot;Rosario Castellanos&quot;","robots":{"index":"index","follow":"follow","max-snippet":"max-snippet:-1","max-image-preview":"max-image-preview:large","max-video-preview":"max-video-preview:-1"},"canonical":"https:\/\/www.gesmujer.org\/sitio\/grupo-ojala-baez-por-justicia-e-igualdad-para-las-oaxaquenas\/","og_locale":"es_MX","og_type":"article","og_title":"Grupo Ojal\u00e1 B\u00e1ez, por justicia e igualdad para las oaxaque\u00f1as - GESMujer &quot;Rosario Castellanos&quot;","og_description":"Concierto en Oaxaca el domingo 29 de octubre a las 6 PM, en las instalaciones de Convivio Zaira Hern\u00e1ndez , Jueves 26 de Octubre de 2017. El grupo Ojal\u00e1 Baez realizar\u00e1 un concierto de m\u00fasica folcl\u00f3rica y una noche de convivencia para fomentar el di\u00e1logo intersectorial y el trabajo comunitario por la igualdad y la [&hellip;]","og_url":"https:\/\/www.gesmujer.org\/sitio\/grupo-ojala-baez-por-justicia-e-igualdad-para-las-oaxaquenas\/","og_site_name":"GESMujer &quot;Rosario Castellanos&quot;","article_publisher":"https:\/\/www.facebook.com\/gesmujer.rosario.castellanos.ac","article_published_time":"2017-10-27T00:52:27+00:00","article_modified_time":"2024-04-05T20:59:33+00:00","og_image":[{"width":600,"height":407,"url":"https:\/\/www.gesmujer.org\/sitio\/wp-content\/uploads\/2017\/10\/ojal\u00e0.jpg","type":"image\/jpeg"}],"author":"cendoc","twitter_card":"summary_large_image","twitter_creator":"@GES_Mujer","twitter_site":"@GES_Mujer","twitter_misc":{"Escrito por":"cendoc","Tiempo de lectura":"2 minutos"},"schema":{"@context":"https:\/\/schema.org","@graph":[{"@type":"Article","@id":"https:\/\/www.gesmujer.org\/sitio\/grupo-ojala-baez-por-justicia-e-igualdad-para-las-oaxaquenas\/#article","isPartOf":{"@id":"https:\/\/www.gesmujer.org\/sitio\/grupo-ojala-baez-por-justicia-e-igualdad-para-las-oaxaquenas\/"},"author":{"name":"cendoc","@id":"https:\/\/www.gesmujer.org\/sitio\/#\/schema\/person\/50e03387f883646c2714c51783a7e288"},"headline":"Grupo Ojal\u00e1 B\u00e1ez, por justicia e igualdad para las oaxaque\u00f1as","datePublished":"2017-10-27T00:52:27+00:00","dateModified":"2024-04-05T20:59:33+00:00","mainEntityOfPage":{"@id":"https:\/\/www.gesmujer.org\/sitio\/grupo-ojala-baez-por-justicia-e-igualdad-para-las-oaxaquenas\/"},"wordCount":387,"publisher":{"@id":"https:\/\/www.gesmujer.org\/sitio\/#organization"},"image":{"@id":"https:\/\/www.gesmujer.org\/sitio\/grupo-ojala-baez-por-justicia-e-igualdad-para-las-oaxaquenas\/#primaryimage"},"thumbnailUrl":"https:\/\/www.gesmujer.org\/sitio\/wp-content\/uploads\/2017\/10\/ojal\u00e0.jpg","keywords":["Derechos Mujeres","Equidad de g\u00e9nero","GESMujer","Oaxaca"],"articleSection":["NOTAS","NOTICIAS"],"inLanguage":"es"},{"@type":"WebPage","@id":"https:\/\/www.gesmujer.org\/sitio\/grupo-ojala-baez-por-justicia-e-igualdad-para-las-oaxaquenas\/","url":"https:\/\/www.gesmujer.org\/sitio\/grupo-ojala-baez-por-justicia-e-igualdad-para-las-oaxaquenas\/","name":"Grupo Ojal\u00e1 B\u00e1ez, por justicia e igualdad para las oaxaque\u00f1as - GESMujer &quot;Rosario Castellanos&quot;","isPartOf":{"@id":"https:\/\/www.gesmujer.org\/sitio\/#website"},"primaryImageOfPage":{"@id":"https:\/\/www.gesmujer.org\/sitio\/grupo-ojala-baez-por-justicia-e-igualdad-para-las-oaxaquenas\/#primaryimage"},"image":{"@id":"https:\/\/www.gesmujer.org\/sitio\/grupo-ojala-baez-por-justicia-e-igualdad-para-las-oaxaquenas\/#primaryimage"},"thumbnailUrl":"https:\/\/www.gesmujer.org\/sitio\/wp-content\/uploads\/2017\/10\/ojal\u00e0.jpg","datePublished":"2017-10-27T00:52:27+00:00","dateModified":"2024-04-05T20:59:33+00:00","breadcrumb":{"@id":"https:\/\/www.gesmujer.org\/sitio\/grupo-ojala-baez-por-justicia-e-igualdad-para-las-oaxaquenas\/#breadcrumb"},"inLanguage":"es","potentialAction":[{"@type":"ReadAction","target":["https:\/\/www.gesmujer.org\/sitio\/grupo-ojala-baez-por-justicia-e-igualdad-para-las-oaxaquenas\/"]}]},{"@type":"ImageObject","inLanguage":"es","@id":"https:\/\/www.gesmujer.org\/sitio\/grupo-ojala-baez-por-justicia-e-igualdad-para-las-oaxaquenas\/#primaryimage","url":"https:\/\/www.gesmujer.org\/sitio\/wp-content\/uploads\/2017\/10\/ojal\u00e0.jpg","contentUrl":"https:\/\/www.gesmujer.org\/sitio\/wp-content\/uploads\/2017\/10\/ojal\u00e0.jpg","width":600,"height":407},{"@type":"BreadcrumbList","@id":"https:\/\/www.gesmujer.org\/sitio\/grupo-ojala-baez-por-justicia-e-igualdad-para-las-oaxaquenas\/#breadcrumb","itemListElement":[{"@type":"ListItem","position":1,"name":"Home","item":"https:\/\/www.gesmujer.org\/sitio\/"},{"@type":"ListItem","position":2,"name":"Grupo Ojal\u00e1 B\u00e1ez, por justicia e igualdad para las oaxaque\u00f1as"}]},{"@type":"WebSite","@id":"https:\/\/www.gesmujer.org\/sitio\/#website","url":"https:\/\/www.gesmujer.org\/sitio\/","name":"GESMujer \"Rosario Castellanos\"","description":"M\u00e1s de 45 a\u00f1os ha llevado a cabo acciones para erradicar la violencia de g\u00e9nero y construir entornos donde las mujeres encuentren su resiliencia, incrementen su agencia y autonom\u00eda que les permita lograr su empoderamiento a trav\u00e9s de cinco l\u00edneas de acci\u00f3n.","publisher":{"@id":"https:\/\/www.gesmujer.org\/sitio\/#organization"},"alternateName":"GESMujer","potentialAction":[{"@type":"SearchAction","target":{"@type":"EntryPoint","urlTemplate":"https:\/\/www.gesmujer.org\/sitio\/?s={search_term_string}"},"query-input":{"@type":"PropertyValueSpecification","valueRequired":true,"valueName":"search_term_string"}}],"inLanguage":"es"},{"@type":"Organization","@id":"https:\/\/www.gesmujer.org\/sitio\/#organization","name":"Grupo de estudios sobre la mujer Rosario Castellanos ac","alternateName":"GESMujer","url":"https:\/\/www.gesmujer.org\/sitio\/","logo":{"@type":"ImageObject","inLanguage":"es","@id":"https:\/\/www.gesmujer.org\/sitio\/#\/schema\/logo\/image\/","url":"https:\/\/www.gesmujer.org\/sitio\/wp-content\/uploads\/2026\/03\/Logo-GESMujer-300.png","contentUrl":"https:\/\/www.gesmujer.org\/sitio\/wp-content\/uploads\/2026\/03\/Logo-GESMujer-300.png","width":300,"height":141,"caption":"Grupo de estudios sobre la mujer Rosario Castellanos ac"},"image":{"@id":"https:\/\/www.gesmujer.org\/sitio\/#\/schema\/logo\/image\/"},"sameAs":["https:\/\/www.facebook.com\/gesmujer.rosario.castellanos.ac","https:\/\/x.com\/GES_Mujer","https:\/\/www.instagram.com\/ges_mujer\/?hl=es","https:\/\/www.youtube.com\/c\/GESMujerRosarioCastellanos\/videos","https:\/\/soundcloud.com\/gesmujerac","https:\/\/www.tiktok.com\/@gesmujer"]},{"@type":"Person","@id":"https:\/\/www.gesmujer.org\/sitio\/#\/schema\/person\/50e03387f883646c2714c51783a7e288","name":"cendoc","image":{"@type":"ImageObject","inLanguage":"es","@id":"https:\/\/secure.gravatar.com\/avatar\/2f187338ccb33c33bc1b08e92e2247a6891db221398e12bbc0f5ff0cfc462495?s=96&d=mm&r=g","url":"https:\/\/secure.gravatar.com\/avatar\/2f187338ccb33c33bc1b08e92e2247a6891db221398e12bbc0f5ff0cfc462495?s=96&d=mm&r=g","contentUrl":"https:\/\/secure.gravatar.com\/avatar\/2f187338ccb33c33bc1b08e92e2247a6891db221398e12bbc0f5ff0cfc462495?s=96&d=mm&r=g","caption":"cendoc"},"sameAs":["http:\/\/gesmujer.org"],"url":"https:\/\/www.gesmujer.org\/sitio\/author\/cendoc\/"}]}},"_links":{"self":[{"href":"https:\/\/www.gesmujer.org\/sitio\/wp-json\/wp\/v2\/posts\/2587","targetHints":{"allow":["GET"]}}],"collection":[{"href":"https:\/\/www.gesmujer.org\/sitio\/wp-json\/wp\/v2\/posts"}],"about":[{"href":"https:\/\/www.gesmujer.org\/sitio\/wp-json\/wp\/v2\/types\/post"}],"author":[{"embeddable":true,"href":"https:\/\/www.gesmujer.org\/sitio\/wp-json\/wp\/v2\/users\/4"}],"replies":[{"embeddable":true,"href":"https:\/\/www.gesmujer.org\/sitio\/wp-json\/wp\/v2\/comments?post=2587"}],"version-history":[{"count":3,"href":"https:\/\/www.gesmujer.org\/sitio\/wp-json\/wp\/v2\/posts\/2587\/revisions"}],"predecessor-version":[{"id":58573,"href":"https:\/\/www.gesmujer.org\/sitio\/wp-json\/wp\/v2\/posts\/2587\/revisions\/58573"}],"wp:featuredmedia":[{"embeddable":true,"href":"https:\/\/www.gesmujer.org\/sitio\/wp-json\/wp\/v2\/media\/2588"}],"wp:attachment":[{"href":"https:\/\/www.gesmujer.org\/sitio\/wp-json\/wp\/v2\/media?parent=2587"}],"wp:term":[{"taxonomy":"category","embeddable":true,"href":"https:\/\/www.gesmujer.org\/sitio\/wp-json\/wp\/v2\/categories?post=2587"},{"taxonomy":"post_tag","embeddable":true,"href":"https:\/\/www.gesmujer.org\/sitio\/wp-json\/wp\/v2\/tags?post=2587"}],"curies":[{"name":"wp","href":"https:\/\/api.w.org\/{rel}","templated":true}]}}