{"id":2614,"date":"2017-11-13T16:10:10","date_gmt":"2017-11-13T22:10:10","guid":{"rendered":"http:\/\/www.gesmujer.org\/sitio\/?p=2614"},"modified":"2024-04-05T14:59:41","modified_gmt":"2024-04-05T20:59:41","slug":"otras-mujeres-imagenes-y-experiencias-sobre-la-no-maternidad","status":"publish","type":"post","link":"https:\/\/www.gesmujer.org\/sitio\/otras-mujeres-imagenes-y-experiencias-sobre-la-no-maternidad\/","title":{"rendered":"\u2018Otras mujeres\u2019, im\u00e1genes y experiencias sobre la no maternidad"},"content":{"rendered":"<p>Roc\u00edo Flores, Lunes 13 de Noviembre de 2017.<\/p>\n<p>Ser madre en M\u00e9xico y en muchas partes del mundo parece un requisito para sentirse plenas, incluso suele verse como una necesidad, un instinto \u00a0natural o un mandato social, pero no lo es, al menos no para todas las mujeres.<\/p>\n<p>La maternidad es un discurso dominante que ha ido introyectando esa necesidad, pero ser madre o no serlo es una decisi\u00f3n personal, coinciden en entrevista, la fot\u00f3grafa Judith Romero, la curadora R\u00edan Lozano y la directora del Grupo de Estudios sobre la Mujer Rosario Castellanos (Gesmujer) Ximena Avellaneda.<\/p>\n<p>Judith Romero inaugur\u00f3 este fin de semana la muestra fotogr\u00e1fica\u00a0<em>Otras mujeres,<\/em>\u00a0en la que visibiliza, a trav\u00e9s de im\u00e1genes y testimonios recogidos en diferentes pa\u00edses, las percepciones, argumentos y experiencias de 10 \u00a0mujeres que decidieron libremente no seguir esta idea que convierte a la (buena) mujer en sin\u00f3nimo de madre.<\/p>\n<p>Colocar en la esfera de lo p\u00fablico la posibilidad de reflexionar y visibilizar este tema implic\u00f3 para la artista un largo proceso de autoexploraci\u00f3n, de investigaci\u00f3n (que a\u00fan no concluye) y un trabajo creativo a trav\u00e9s de la Fotograf\u00eda.<\/p>\n<p>A la par, \u00a0la creadora realiz\u00f3 un proceso de desnaturalizaci\u00f3n de estereotipos y prejuicios, como el ego\u00edsmo o aquellos que consideran que no ser madre, anula su posibilidad de sentir amor hacia las ni\u00f1as o ni\u00f1os, lo cual explican, es completamente err\u00f3neo.<\/p>\n<p>Judith se encontr\u00f3 con m\u00e1s de una decena de mujeres \u00a0con diferentes contextos socioecon\u00f3micos, geogr\u00e1ficos y de sexualidades diversas\u00a0 pero que comparten entre ellas, la determinaci\u00f3n de no ser madres. A pesar de esas diferencias, incluyendo las raciales, las une esta decisi\u00f3n,\u00a0 \u201cno son solo hechos azarosos y esto es lo interesante de la investigaci\u00f3n\u201d, \u00a0explica Ri\u00e1n Lozano, la curadora de la muestra, historiadora del Arte y Doctora en Filosof\u00eda y feminista.<\/p>\n<p><img fetchpriority=\"high\" decoding=\"async\" class=\"aligncenter size-full wp-image-2597\" src=\"http:\/\/www.gesmujer.org\/SITIO\/wp-content\/uploads\/\/2017\/11\/WhatsApp-Image-2017-10-26-at-6.34.27-PM.jpeg\" alt=\"\" width=\"933\" height=\"667\" srcset=\"https:\/\/www.gesmujer.org\/sitio\/wp-content\/uploads\/2017\/11\/WhatsApp-Image-2017-10-26-at-6.34.27-PM.jpeg 933w, https:\/\/www.gesmujer.org\/sitio\/wp-content\/uploads\/2017\/11\/WhatsApp-Image-2017-10-26-at-6.34.27-PM-600x429.jpeg 600w, https:\/\/www.gesmujer.org\/sitio\/wp-content\/uploads\/2017\/11\/WhatsApp-Image-2017-10-26-at-6.34.27-PM-300x214.jpeg 300w, https:\/\/www.gesmujer.org\/sitio\/wp-content\/uploads\/2017\/11\/WhatsApp-Image-2017-10-26-at-6.34.27-PM-768x549.jpeg 768w\" sizes=\"(max-width: 933px) 100vw, 933px\" \/><\/p>\n<p>A partir de los relatos, \u00a0la tambi\u00e9n\u00a0 investigadora del Instituto de Investigaciones Est\u00e9ticas de la UNAM, identifica que estas mujeres tienen dos cosas en com\u00fan, la primera tener que luchar mucho contra los prejuicios y todo el impacto que \u00a0la construcci\u00f3n de la buena mujer, relacionado con la idea de ser madre, tienen en nuestra sociedad mexicana y en la sociedad mundial.<\/p>\n<p>\u201cEstos prejuicios funcionan muy bien al capitalismo\u201d, agrega.<\/p>\n<p>Por otro lado destaca la capacidad, la voluntad y la valent\u00eda de alejarse de las cosas que no les funcionaban, sea familia, o entorno laboral.<\/p>\n<p>Al final, se\u00f1ala la curadora, este trabajo permite reflexionar sobre la maternidad asociada a la soledad, \u201cparece que la maternidad, es\u00a0procrear y tener asegurado un futuro con alguien a tu lado. Parece que cuando no tienes un hijo te vas a quedar sola el resto de tu vida\u201d.<\/p>\n<p>Sobre la independencia destaca que existen mujeres profesionistas, que han decido un futuro en el que no tengan que estar enfocadas en otra cosas que no sea ellas mismas, lo cual no las separa de otros proyectos afectivos.<\/p>\n<p>Ri\u00e1n explica que otros de los temas recurrentes en las protagonistas es el tema entorno a los derechos sexuales y reproductivos, muchas de ellas,\u00a0hablan del aborto y en una situaci\u00f3n como la que se vive actualmente en M\u00e9xico, donde hay mujeres presas \u00a0por abortar, es fundamental pensar que es un derecho por el que hay que seguir luchando.<\/p>\n<p>En su opini\u00f3n, la exhibici\u00f3n de Romero representa un acto potente, que\u00a0 pone en tela de juicio\u00a0 un discurso patriarcal.<\/p>\n<p>Considera que el arte es un espacio estupendo para colocar ciertos discursos que parecen ajenos a la sociedad, pero que con el recurso de la parte sensible permite llegar de otra manera a un n\u00famero m\u00e1s amplio de personas.<\/p>\n<p>Esta muestra, reconoce, parte de un proceso exploratorio pero tiene un compromiso pol\u00edtico\u00a0 y \u00e9ste es la decisi\u00f3n de no ser madres.<\/p>\n<p>Avellaneda coloca este tema en el contexto de Oaxaca, expone que es un tema que se aborda poco en el estado, pero que es fundamental pues tiene que ver con los derechos humanos inherentes a las mujeres, el de decidir sobre su cuerpo.<\/p>\n<p>\u201cEn Gesmujer somos defensoras y hemos \u00a0propiciado esta discusi\u00f3n que poco se ha dado, pero que reconocemos.\u00a0 Actualmente las j\u00f3venes ven la posibilidad de no ser madres como una realidad\u201d.<\/p>\n<p><em>\u00bfCu\u00e1l es la funci\u00f3n de la maternidad en este sistema, para qu\u00e9 les sirve ser madre al sistema patriarcal? se les cuestiona.<\/em><\/p>\n<p>Todas sonr\u00eden,\u00a0 toman aire, suspiran y explican.<\/p>\n<p>Dentro del sistema \u00a0patriarcal ser madre parece un mandato para las mujeres, esto ha convenido a los sistemas e instituciones como la familia y la iglesia, quienes han definido y reforzado esa forma de pensar, pero la realidad nos lleva a situaciones pat\u00e9ticas, vemos a mujeres que se tienen que enfrentar de manera violenta a la maternidad, sin desearlo , con consecuencias horribles para ellas\u00a0 y para los ni\u00f1os o ni\u00f1as que han procreado, explica la directora de GesMujer.<\/p>\n<p>La \u00a0maternidad ha servido al sistema para mantener a las mujeres dentro del \u00e1mbito privado, en el cuidado de los hijos y eximir a los hombres de esa responsabilidad con el argumento de que aportar\u00e1n al sustento, pero el tiempo nos ha \u00a0mostrado claramente otra realidad, ni hay tal sustento ni\u00a0 tal presencia de los hombres, por el contrario se han eximido de la crianza\u00a0 relegando \u00e9sta totalmente a las mujeres.<\/p>\n<p>La moral hegem\u00f3nica nos dict\u00f3 desde peque\u00f1as la maternidad como un mandato, pero a medida que vamos creciendo la acomodamos \u00a0a nuestra vida, a partir de las experiencias propias y posibilidades vitales, apunta la comunicadora Anel Flores y agrega, la no maternidad es una tendencia -no una moda como dicen algunas revistas- porque siempre ha existido.<\/p>\n<p>Judith Romero visibiliza lo existente y su exposici\u00f3n se convierte quiz\u00e1 en un hecho in\u00e9dito en Oaxaca.<\/p>\n<p>El MACO le abri\u00f3 las puertas para hacerlo p\u00fablico. Su directora Cecilia Ming\u00fcer se\u00f1ala, \u201ces necesario revisar algo que muchas mujeres sabemos, y nadie ha hecho p\u00fablicamente, la posibilidad de explorar qu\u00e9 piensan y c\u00f3mo se sienten con la presi\u00f3n de las amigas, la familia, con la pareja\u2026\u201d<\/p>\n<p>Otras mujeres, forma parte de Red FotoM\u00e9xico 2017, y permanecer\u00e1 en exhibici\u00f3n en el Museo de Arte Contempor\u00e1neo de Oaxaca (MACO), hasta el 11 de enero de 2018.<\/p>\n<p><img decoding=\"async\" class=\"aligncenter size-large wp-image-2616\" src=\"http:\/\/www.gesmujer.org\/SITIO\/wp-content\/uploads\/\/2017\/11\/otr-as-1024x682.jpg\" alt=\"\" width=\"640\" height=\"426\" srcset=\"https:\/\/www.gesmujer.org\/sitio\/wp-content\/uploads\/2017\/11\/otr-as.jpg 1024w, https:\/\/www.gesmujer.org\/sitio\/wp-content\/uploads\/2017\/11\/otr-as-600x400.jpg 600w, https:\/\/www.gesmujer.org\/sitio\/wp-content\/uploads\/2017\/11\/otr-as-300x200.jpg 300w, https:\/\/www.gesmujer.org\/sitio\/wp-content\/uploads\/2017\/11\/otr-as-768x512.jpg 768w\" sizes=\"(max-width: 640px) 100vw, 640px\" \/><\/p>\n<p>&nbsp;<\/p>\n<p>Fuente: Oaxaca Media y Oro Radio.  <!--codes_iframe--><!--\/codes_iframe--><\/p>\n","protected":false},"excerpt":{"rendered":"<p>Roc\u00edo Flores, Lunes 13 de Noviembre de 2017. Ser madre en M\u00e9xico y en muchas partes del mundo parece un requisito para sentirse plenas, incluso suele verse como una necesidad, un instinto \u00a0natural o un mandato social, pero no lo es, al menos no para todas las mujeres. La maternidad es un discurso dominante que [&hellip;]<\/p>\n","protected":false},"author":4,"featured_media":2615,"comment_status":"closed","ping_status":"open","sticky":false,"template":"","format":"standard","meta":{"give_campaign_id":0,"footnotes":""},"categories":[91,32],"tags":[],"class_list":["post-2614","post","type-post","status-publish","format-standard","has-post-thumbnail","hentry","category-notas","category-novedades"],"yoast_head":"<!-- This site is optimized with the Yoast SEO plugin v27.4 - https:\/\/yoast.com\/product\/yoast-seo-wordpress\/ -->\n<title>\u2018Otras mujeres\u2019, im\u00e1genes y experiencias sobre la no maternidad - GESMujer &quot;Rosario Castellanos&quot;<\/title>\n<meta name=\"robots\" content=\"index, follow, max-snippet:-1, max-image-preview:large, max-video-preview:-1\" \/>\n<link rel=\"canonical\" href=\"https:\/\/www.gesmujer.org\/sitio\/otras-mujeres-imagenes-y-experiencias-sobre-la-no-maternidad\/\" \/>\n<meta property=\"og:locale\" content=\"es_MX\" \/>\n<meta property=\"og:type\" content=\"article\" \/>\n<meta property=\"og:title\" content=\"\u2018Otras mujeres\u2019, im\u00e1genes y experiencias sobre la no maternidad - GESMujer &quot;Rosario Castellanos&quot;\" \/>\n<meta property=\"og:description\" content=\"Roc\u00edo Flores, Lunes 13 de Noviembre de 2017. Ser madre en M\u00e9xico y en muchas partes del mundo parece un requisito para sentirse plenas, incluso suele verse como una necesidad, un instinto \u00a0natural o un mandato social, pero no lo es, al menos no para todas las mujeres. La maternidad es un discurso dominante que [&hellip;]\" \/>\n<meta property=\"og:url\" content=\"https:\/\/www.gesmujer.org\/sitio\/otras-mujeres-imagenes-y-experiencias-sobre-la-no-maternidad\/\" \/>\n<meta property=\"og:site_name\" content=\"GESMujer &quot;Rosario Castellanos&quot;\" \/>\n<meta property=\"article:publisher\" content=\"https:\/\/www.facebook.com\/gesmujer.rosario.castellanos.ac\" \/>\n<meta property=\"article:published_time\" content=\"2017-11-13T22:10:10+00:00\" \/>\n<meta property=\"article:modified_time\" content=\"2024-04-05T20:59:41+00:00\" \/>\n<meta property=\"og:image\" content=\"https:\/\/www.gesmujer.org\/sitio\/wp-content\/uploads\/2017\/11\/otras.jpg\" \/>\n\t<meta property=\"og:image:width\" content=\"831\" \/>\n\t<meta property=\"og:image:height\" content=\"560\" \/>\n\t<meta property=\"og:image:type\" content=\"image\/jpeg\" \/>\n<meta name=\"author\" content=\"cendoc\" \/>\n<meta name=\"twitter:card\" content=\"summary_large_image\" \/>\n<meta name=\"twitter:creator\" content=\"@GES_Mujer\" \/>\n<meta name=\"twitter:site\" content=\"@GES_Mujer\" \/>\n<meta name=\"twitter:label1\" content=\"Escrito por\" \/>\n\t<meta name=\"twitter:data1\" content=\"cendoc\" \/>\n\t<meta name=\"twitter:label2\" content=\"Tiempo de lectura\" \/>\n\t<meta name=\"twitter:data2\" content=\"5 minutos\" \/>\n<script type=\"application\/ld+json\" class=\"yoast-schema-graph\">{\"@context\":\"https:\\\/\\\/schema.org\",\"@graph\":[{\"@type\":\"Article\",\"@id\":\"https:\\\/\\\/www.gesmujer.org\\\/sitio\\\/otras-mujeres-imagenes-y-experiencias-sobre-la-no-maternidad\\\/#article\",\"isPartOf\":{\"@id\":\"https:\\\/\\\/www.gesmujer.org\\\/sitio\\\/otras-mujeres-imagenes-y-experiencias-sobre-la-no-maternidad\\\/\"},\"author\":{\"name\":\"cendoc\",\"@id\":\"https:\\\/\\\/www.gesmujer.org\\\/sitio\\\/#\\\/schema\\\/person\\\/50e03387f883646c2714c51783a7e288\"},\"headline\":\"\u2018Otras mujeres\u2019, im\u00e1genes y experiencias sobre la no maternidad\",\"datePublished\":\"2017-11-13T22:10:10+00:00\",\"dateModified\":\"2024-04-05T20:59:41+00:00\",\"mainEntityOfPage\":{\"@id\":\"https:\\\/\\\/www.gesmujer.org\\\/sitio\\\/otras-mujeres-imagenes-y-experiencias-sobre-la-no-maternidad\\\/\"},\"wordCount\":1099,\"publisher\":{\"@id\":\"https:\\\/\\\/www.gesmujer.org\\\/sitio\\\/#organization\"},\"image\":{\"@id\":\"https:\\\/\\\/www.gesmujer.org\\\/sitio\\\/otras-mujeres-imagenes-y-experiencias-sobre-la-no-maternidad\\\/#primaryimage\"},\"thumbnailUrl\":\"https:\\\/\\\/www.gesmujer.org\\\/sitio\\\/wp-content\\\/uploads\\\/2017\\\/11\\\/otras.jpg\",\"articleSection\":[\"NOTAS\",\"NOTICIAS\"],\"inLanguage\":\"es\"},{\"@type\":\"WebPage\",\"@id\":\"https:\\\/\\\/www.gesmujer.org\\\/sitio\\\/otras-mujeres-imagenes-y-experiencias-sobre-la-no-maternidad\\\/\",\"url\":\"https:\\\/\\\/www.gesmujer.org\\\/sitio\\\/otras-mujeres-imagenes-y-experiencias-sobre-la-no-maternidad\\\/\",\"name\":\"\u2018Otras mujeres\u2019, im\u00e1genes y experiencias sobre la no maternidad - GESMujer &quot;Rosario Castellanos&quot;\",\"isPartOf\":{\"@id\":\"https:\\\/\\\/www.gesmujer.org\\\/sitio\\\/#website\"},\"primaryImageOfPage\":{\"@id\":\"https:\\\/\\\/www.gesmujer.org\\\/sitio\\\/otras-mujeres-imagenes-y-experiencias-sobre-la-no-maternidad\\\/#primaryimage\"},\"image\":{\"@id\":\"https:\\\/\\\/www.gesmujer.org\\\/sitio\\\/otras-mujeres-imagenes-y-experiencias-sobre-la-no-maternidad\\\/#primaryimage\"},\"thumbnailUrl\":\"https:\\\/\\\/www.gesmujer.org\\\/sitio\\\/wp-content\\\/uploads\\\/2017\\\/11\\\/otras.jpg\",\"datePublished\":\"2017-11-13T22:10:10+00:00\",\"dateModified\":\"2024-04-05T20:59:41+00:00\",\"breadcrumb\":{\"@id\":\"https:\\\/\\\/www.gesmujer.org\\\/sitio\\\/otras-mujeres-imagenes-y-experiencias-sobre-la-no-maternidad\\\/#breadcrumb\"},\"inLanguage\":\"es\",\"potentialAction\":[{\"@type\":\"ReadAction\",\"target\":[\"https:\\\/\\\/www.gesmujer.org\\\/sitio\\\/otras-mujeres-imagenes-y-experiencias-sobre-la-no-maternidad\\\/\"]}]},{\"@type\":\"ImageObject\",\"inLanguage\":\"es\",\"@id\":\"https:\\\/\\\/www.gesmujer.org\\\/sitio\\\/otras-mujeres-imagenes-y-experiencias-sobre-la-no-maternidad\\\/#primaryimage\",\"url\":\"https:\\\/\\\/www.gesmujer.org\\\/sitio\\\/wp-content\\\/uploads\\\/2017\\\/11\\\/otras.jpg\",\"contentUrl\":\"https:\\\/\\\/www.gesmujer.org\\\/sitio\\\/wp-content\\\/uploads\\\/2017\\\/11\\\/otras.jpg\",\"width\":831,\"height\":560,\"caption\":\"Pensar a trav\u00e9s de las im\u00e1genes, en las subjetividades de las \u201cotras\u201d mujeres. Desnaturalizar la idea y el estereotipo de que la mujer debe ser madre por obligaci\u00f3n y no por elecci\u00f3n.\"},{\"@type\":\"BreadcrumbList\",\"@id\":\"https:\\\/\\\/www.gesmujer.org\\\/sitio\\\/otras-mujeres-imagenes-y-experiencias-sobre-la-no-maternidad\\\/#breadcrumb\",\"itemListElement\":[{\"@type\":\"ListItem\",\"position\":1,\"name\":\"Home\",\"item\":\"https:\\\/\\\/www.gesmujer.org\\\/sitio\\\/\"},{\"@type\":\"ListItem\",\"position\":2,\"name\":\"\u2018Otras mujeres\u2019, im\u00e1genes y experiencias sobre la no maternidad\"}]},{\"@type\":\"WebSite\",\"@id\":\"https:\\\/\\\/www.gesmujer.org\\\/sitio\\\/#website\",\"url\":\"https:\\\/\\\/www.gesmujer.org\\\/sitio\\\/\",\"name\":\"GESMujer \\\"Rosario Castellanos\\\"\",\"description\":\"M\u00e1s de 45 a\u00f1os ha llevado a cabo acciones para erradicar la violencia de g\u00e9nero y construir entornos donde las mujeres encuentren su resiliencia, incrementen su agencia y autonom\u00eda que les permita lograr su empoderamiento a trav\u00e9s de cinco l\u00edneas de acci\u00f3n.\",\"publisher\":{\"@id\":\"https:\\\/\\\/www.gesmujer.org\\\/sitio\\\/#organization\"},\"alternateName\":\"GESMujer\",\"potentialAction\":[{\"@type\":\"SearchAction\",\"target\":{\"@type\":\"EntryPoint\",\"urlTemplate\":\"https:\\\/\\\/www.gesmujer.org\\\/sitio\\\/?s={search_term_string}\"},\"query-input\":{\"@type\":\"PropertyValueSpecification\",\"valueRequired\":true,\"valueName\":\"search_term_string\"}}],\"inLanguage\":\"es\"},{\"@type\":\"Organization\",\"@id\":\"https:\\\/\\\/www.gesmujer.org\\\/sitio\\\/#organization\",\"name\":\"Grupo de estudios sobre la mujer Rosario Castellanos ac\",\"alternateName\":\"GESMujer\",\"url\":\"https:\\\/\\\/www.gesmujer.org\\\/sitio\\\/\",\"logo\":{\"@type\":\"ImageObject\",\"inLanguage\":\"es\",\"@id\":\"https:\\\/\\\/www.gesmujer.org\\\/sitio\\\/#\\\/schema\\\/logo\\\/image\\\/\",\"url\":\"https:\\\/\\\/www.gesmujer.org\\\/sitio\\\/wp-content\\\/uploads\\\/2026\\\/03\\\/Logo-GESMujer-300.png\",\"contentUrl\":\"https:\\\/\\\/www.gesmujer.org\\\/sitio\\\/wp-content\\\/uploads\\\/2026\\\/03\\\/Logo-GESMujer-300.png\",\"width\":300,\"height\":141,\"caption\":\"Grupo de estudios sobre la mujer Rosario Castellanos ac\"},\"image\":{\"@id\":\"https:\\\/\\\/www.gesmujer.org\\\/sitio\\\/#\\\/schema\\\/logo\\\/image\\\/\"},\"sameAs\":[\"https:\\\/\\\/www.facebook.com\\\/gesmujer.rosario.castellanos.ac\",\"https:\\\/\\\/x.com\\\/GES_Mujer\",\"https:\\\/\\\/www.instagram.com\\\/ges_mujer\\\/?hl=es\",\"https:\\\/\\\/www.youtube.com\\\/c\\\/GESMujerRosarioCastellanos\\\/videos\",\"https:\\\/\\\/soundcloud.com\\\/gesmujerac\",\"https:\\\/\\\/www.tiktok.com\\\/@gesmujer\"]},{\"@type\":\"Person\",\"@id\":\"https:\\\/\\\/www.gesmujer.org\\\/sitio\\\/#\\\/schema\\\/person\\\/50e03387f883646c2714c51783a7e288\",\"name\":\"cendoc\",\"image\":{\"@type\":\"ImageObject\",\"inLanguage\":\"es\",\"@id\":\"https:\\\/\\\/secure.gravatar.com\\\/avatar\\\/2f187338ccb33c33bc1b08e92e2247a6891db221398e12bbc0f5ff0cfc462495?s=96&d=mm&r=g\",\"url\":\"https:\\\/\\\/secure.gravatar.com\\\/avatar\\\/2f187338ccb33c33bc1b08e92e2247a6891db221398e12bbc0f5ff0cfc462495?s=96&d=mm&r=g\",\"contentUrl\":\"https:\\\/\\\/secure.gravatar.com\\\/avatar\\\/2f187338ccb33c33bc1b08e92e2247a6891db221398e12bbc0f5ff0cfc462495?s=96&d=mm&r=g\",\"caption\":\"cendoc\"},\"sameAs\":[\"http:\\\/\\\/gesmujer.org\"],\"url\":\"https:\\\/\\\/www.gesmujer.org\\\/sitio\\\/author\\\/cendoc\\\/\"}]}<\/script>\n<!-- \/ Yoast SEO plugin. -->","yoast_head_json":{"title":"\u2018Otras mujeres\u2019, im\u00e1genes y experiencias sobre la no maternidad - GESMujer &quot;Rosario Castellanos&quot;","robots":{"index":"index","follow":"follow","max-snippet":"max-snippet:-1","max-image-preview":"max-image-preview:large","max-video-preview":"max-video-preview:-1"},"canonical":"https:\/\/www.gesmujer.org\/sitio\/otras-mujeres-imagenes-y-experiencias-sobre-la-no-maternidad\/","og_locale":"es_MX","og_type":"article","og_title":"\u2018Otras mujeres\u2019, im\u00e1genes y experiencias sobre la no maternidad - GESMujer &quot;Rosario Castellanos&quot;","og_description":"Roc\u00edo Flores, Lunes 13 de Noviembre de 2017. Ser madre en M\u00e9xico y en muchas partes del mundo parece un requisito para sentirse plenas, incluso suele verse como una necesidad, un instinto \u00a0natural o un mandato social, pero no lo es, al menos no para todas las mujeres. La maternidad es un discurso dominante que [&hellip;]","og_url":"https:\/\/www.gesmujer.org\/sitio\/otras-mujeres-imagenes-y-experiencias-sobre-la-no-maternidad\/","og_site_name":"GESMujer &quot;Rosario Castellanos&quot;","article_publisher":"https:\/\/www.facebook.com\/gesmujer.rosario.castellanos.ac","article_published_time":"2017-11-13T22:10:10+00:00","article_modified_time":"2024-04-05T20:59:41+00:00","og_image":[{"width":831,"height":560,"url":"https:\/\/www.gesmujer.org\/sitio\/wp-content\/uploads\/2017\/11\/otras.jpg","type":"image\/jpeg"}],"author":"cendoc","twitter_card":"summary_large_image","twitter_creator":"@GES_Mujer","twitter_site":"@GES_Mujer","twitter_misc":{"Escrito por":"cendoc","Tiempo de lectura":"5 minutos"},"schema":{"@context":"https:\/\/schema.org","@graph":[{"@type":"Article","@id":"https:\/\/www.gesmujer.org\/sitio\/otras-mujeres-imagenes-y-experiencias-sobre-la-no-maternidad\/#article","isPartOf":{"@id":"https:\/\/www.gesmujer.org\/sitio\/otras-mujeres-imagenes-y-experiencias-sobre-la-no-maternidad\/"},"author":{"name":"cendoc","@id":"https:\/\/www.gesmujer.org\/sitio\/#\/schema\/person\/50e03387f883646c2714c51783a7e288"},"headline":"\u2018Otras mujeres\u2019, im\u00e1genes y experiencias sobre la no maternidad","datePublished":"2017-11-13T22:10:10+00:00","dateModified":"2024-04-05T20:59:41+00:00","mainEntityOfPage":{"@id":"https:\/\/www.gesmujer.org\/sitio\/otras-mujeres-imagenes-y-experiencias-sobre-la-no-maternidad\/"},"wordCount":1099,"publisher":{"@id":"https:\/\/www.gesmujer.org\/sitio\/#organization"},"image":{"@id":"https:\/\/www.gesmujer.org\/sitio\/otras-mujeres-imagenes-y-experiencias-sobre-la-no-maternidad\/#primaryimage"},"thumbnailUrl":"https:\/\/www.gesmujer.org\/sitio\/wp-content\/uploads\/2017\/11\/otras.jpg","articleSection":["NOTAS","NOTICIAS"],"inLanguage":"es"},{"@type":"WebPage","@id":"https:\/\/www.gesmujer.org\/sitio\/otras-mujeres-imagenes-y-experiencias-sobre-la-no-maternidad\/","url":"https:\/\/www.gesmujer.org\/sitio\/otras-mujeres-imagenes-y-experiencias-sobre-la-no-maternidad\/","name":"\u2018Otras mujeres\u2019, im\u00e1genes y experiencias sobre la no maternidad - GESMujer &quot;Rosario Castellanos&quot;","isPartOf":{"@id":"https:\/\/www.gesmujer.org\/sitio\/#website"},"primaryImageOfPage":{"@id":"https:\/\/www.gesmujer.org\/sitio\/otras-mujeres-imagenes-y-experiencias-sobre-la-no-maternidad\/#primaryimage"},"image":{"@id":"https:\/\/www.gesmujer.org\/sitio\/otras-mujeres-imagenes-y-experiencias-sobre-la-no-maternidad\/#primaryimage"},"thumbnailUrl":"https:\/\/www.gesmujer.org\/sitio\/wp-content\/uploads\/2017\/11\/otras.jpg","datePublished":"2017-11-13T22:10:10+00:00","dateModified":"2024-04-05T20:59:41+00:00","breadcrumb":{"@id":"https:\/\/www.gesmujer.org\/sitio\/otras-mujeres-imagenes-y-experiencias-sobre-la-no-maternidad\/#breadcrumb"},"inLanguage":"es","potentialAction":[{"@type":"ReadAction","target":["https:\/\/www.gesmujer.org\/sitio\/otras-mujeres-imagenes-y-experiencias-sobre-la-no-maternidad\/"]}]},{"@type":"ImageObject","inLanguage":"es","@id":"https:\/\/www.gesmujer.org\/sitio\/otras-mujeres-imagenes-y-experiencias-sobre-la-no-maternidad\/#primaryimage","url":"https:\/\/www.gesmujer.org\/sitio\/wp-content\/uploads\/2017\/11\/otras.jpg","contentUrl":"https:\/\/www.gesmujer.org\/sitio\/wp-content\/uploads\/2017\/11\/otras.jpg","width":831,"height":560,"caption":"Pensar a trav\u00e9s de las im\u00e1genes, en las subjetividades de las \u201cotras\u201d mujeres. Desnaturalizar la idea y el estereotipo de que la mujer debe ser madre por obligaci\u00f3n y no por elecci\u00f3n."},{"@type":"BreadcrumbList","@id":"https:\/\/www.gesmujer.org\/sitio\/otras-mujeres-imagenes-y-experiencias-sobre-la-no-maternidad\/#breadcrumb","itemListElement":[{"@type":"ListItem","position":1,"name":"Home","item":"https:\/\/www.gesmujer.org\/sitio\/"},{"@type":"ListItem","position":2,"name":"\u2018Otras mujeres\u2019, im\u00e1genes y experiencias sobre la no maternidad"}]},{"@type":"WebSite","@id":"https:\/\/www.gesmujer.org\/sitio\/#website","url":"https:\/\/www.gesmujer.org\/sitio\/","name":"GESMujer \"Rosario Castellanos\"","description":"M\u00e1s de 45 a\u00f1os ha llevado a cabo acciones para erradicar la violencia de g\u00e9nero y construir entornos donde las mujeres encuentren su resiliencia, incrementen su agencia y autonom\u00eda que les permita lograr su empoderamiento a trav\u00e9s de cinco l\u00edneas de acci\u00f3n.","publisher":{"@id":"https:\/\/www.gesmujer.org\/sitio\/#organization"},"alternateName":"GESMujer","potentialAction":[{"@type":"SearchAction","target":{"@type":"EntryPoint","urlTemplate":"https:\/\/www.gesmujer.org\/sitio\/?s={search_term_string}"},"query-input":{"@type":"PropertyValueSpecification","valueRequired":true,"valueName":"search_term_string"}}],"inLanguage":"es"},{"@type":"Organization","@id":"https:\/\/www.gesmujer.org\/sitio\/#organization","name":"Grupo de estudios sobre la mujer Rosario Castellanos ac","alternateName":"GESMujer","url":"https:\/\/www.gesmujer.org\/sitio\/","logo":{"@type":"ImageObject","inLanguage":"es","@id":"https:\/\/www.gesmujer.org\/sitio\/#\/schema\/logo\/image\/","url":"https:\/\/www.gesmujer.org\/sitio\/wp-content\/uploads\/2026\/03\/Logo-GESMujer-300.png","contentUrl":"https:\/\/www.gesmujer.org\/sitio\/wp-content\/uploads\/2026\/03\/Logo-GESMujer-300.png","width":300,"height":141,"caption":"Grupo de estudios sobre la mujer Rosario Castellanos ac"},"image":{"@id":"https:\/\/www.gesmujer.org\/sitio\/#\/schema\/logo\/image\/"},"sameAs":["https:\/\/www.facebook.com\/gesmujer.rosario.castellanos.ac","https:\/\/x.com\/GES_Mujer","https:\/\/www.instagram.com\/ges_mujer\/?hl=es","https:\/\/www.youtube.com\/c\/GESMujerRosarioCastellanos\/videos","https:\/\/soundcloud.com\/gesmujerac","https:\/\/www.tiktok.com\/@gesmujer"]},{"@type":"Person","@id":"https:\/\/www.gesmujer.org\/sitio\/#\/schema\/person\/50e03387f883646c2714c51783a7e288","name":"cendoc","image":{"@type":"ImageObject","inLanguage":"es","@id":"https:\/\/secure.gravatar.com\/avatar\/2f187338ccb33c33bc1b08e92e2247a6891db221398e12bbc0f5ff0cfc462495?s=96&d=mm&r=g","url":"https:\/\/secure.gravatar.com\/avatar\/2f187338ccb33c33bc1b08e92e2247a6891db221398e12bbc0f5ff0cfc462495?s=96&d=mm&r=g","contentUrl":"https:\/\/secure.gravatar.com\/avatar\/2f187338ccb33c33bc1b08e92e2247a6891db221398e12bbc0f5ff0cfc462495?s=96&d=mm&r=g","caption":"cendoc"},"sameAs":["http:\/\/gesmujer.org"],"url":"https:\/\/www.gesmujer.org\/sitio\/author\/cendoc\/"}]}},"_links":{"self":[{"href":"https:\/\/www.gesmujer.org\/sitio\/wp-json\/wp\/v2\/posts\/2614","targetHints":{"allow":["GET"]}}],"collection":[{"href":"https:\/\/www.gesmujer.org\/sitio\/wp-json\/wp\/v2\/posts"}],"about":[{"href":"https:\/\/www.gesmujer.org\/sitio\/wp-json\/wp\/v2\/types\/post"}],"author":[{"embeddable":true,"href":"https:\/\/www.gesmujer.org\/sitio\/wp-json\/wp\/v2\/users\/4"}],"replies":[{"embeddable":true,"href":"https:\/\/www.gesmujer.org\/sitio\/wp-json\/wp\/v2\/comments?post=2614"}],"version-history":[{"count":3,"href":"https:\/\/www.gesmujer.org\/sitio\/wp-json\/wp\/v2\/posts\/2614\/revisions"}],"predecessor-version":[{"id":58585,"href":"https:\/\/www.gesmujer.org\/sitio\/wp-json\/wp\/v2\/posts\/2614\/revisions\/58585"}],"wp:featuredmedia":[{"embeddable":true,"href":"https:\/\/www.gesmujer.org\/sitio\/wp-json\/wp\/v2\/media\/2615"}],"wp:attachment":[{"href":"https:\/\/www.gesmujer.org\/sitio\/wp-json\/wp\/v2\/media?parent=2614"}],"wp:term":[{"taxonomy":"category","embeddable":true,"href":"https:\/\/www.gesmujer.org\/sitio\/wp-json\/wp\/v2\/categories?post=2614"},{"taxonomy":"post_tag","embeddable":true,"href":"https:\/\/www.gesmujer.org\/sitio\/wp-json\/wp\/v2\/tags?post=2614"}],"curies":[{"name":"wp","href":"https:\/\/api.w.org\/{rel}","templated":true}]}}