{"id":26179,"date":"2022-05-31T09:25:38","date_gmt":"2022-05-31T15:25:38","guid":{"rendered":"https:\/\/www.gesmujer.org\/sitio\/?p=26179"},"modified":"2022-05-31T09:25:40","modified_gmt":"2022-05-31T15:25:40","slug":"las-otras-victimas-del-feminicidio-el-duelo-de-las-madres","status":"publish","type":"post","link":"https:\/\/www.gesmujer.org\/sitio\/?p=26179","title":{"rendered":"Las otras v\u00edctimas del feminicidio: el duelo de las madres"},"content":{"rendered":"\n<p><strong>Viernes 27 de Mayo del 2022, <em>Josette Vidal Miranda<\/em>, CIMACNOTICIAS.- <\/strong><\/p>\n\n\n\n<p>La muerte violenta de una mujer no representa solo una cifra, es la p\u00e9rdida de una vida que deja un vac\u00edo en la sociedad y particularmente en la familia de la v\u00edctima.<\/p>\n\n\n\n<p>En el marco de los \u201cMi\u00e9rcoles de Charla\u201d del Grupo de Estudios Sobre la Mujer \u201cRosarios Castellanos\u201d (GESMujer), organizaci\u00f3n civil enfocada en el trabajo en favor de las mujeres en el estado de Oaxaca, se realiz\u00f3 la pl\u00e1tica \u201cLas madres que lloran a sus hijas. Duelo por feminicidio\u201d, donde se abord\u00f3 la importancia de reconocer que las madres de las mujeres asesinadas se convierten en las otras v\u00edctimas, a la vez que su duelo es un proceso \u00fanico, irrepetible y v\u00e1lido en cualquiera de sus expresiones.<\/p>\n\n\n\n<figure class=\"wp-block-image\"><img decoding=\"async\" src=\"https:\/\/eje19.com.mx\/wp-content\/uploads\/2022\/05\/WhatsApp-Image-2022-05-27-at-7.53.35-PM-620x620.jpeg\" alt=\"Esta imagen tiene un atributo ALT vac\u00edo; su nombre de archivo es WhatsApp-Image-2022-05-27-at-7.53.35-PM-620x620.jpeg\"\/><\/figure>\n\n\n\n<p>La charla cont\u00f3 con la participaci\u00f3n de la psic\u00f3loga Flor Robles L\u00f3pez y la psic\u00f3loga especialista en Tanatolog\u00eda, Laura Cort\u00e9s. Flor Robles enfatiz\u00f3 la relevancia del acompa\u00f1amiento tanatol\u00f3gico con perspectiva de g\u00e9nero a partir de los duelos por feminicidio, pues las caracter\u00edsticas propias de este delito y las significaciones alrededor del dolor y el contexto impactan de forma particular a las y los familiares de las v\u00edctimas, quienes son v\u00edctimas indirectas de los asesinatos.<\/p>\n\n\n\n<p>Las especialistas se\u00f1alaron que cada duelo es \u00fanico e irrepetible, ya que diferentes factores como el contexto y las caracter\u00edsticas del entorno alrededor del feminicidio determinan c\u00f3mo responder\u00e1n y atravesar\u00e1n la situaci\u00f3n las familias de las v\u00edctimas. Laura Cort\u00e9s afirm\u00f3 que, si bien la sociedad tambi\u00e9n espera una reacci\u00f3n particular ante los asesinatos de mujeres, cada etapa tiene un mecanismo de enfrentamiento distinto que nunca ser\u00e1 universal, por lo cual no hay un modelo \u00fanico de vivir el duelo.<\/p>\n\n\n\n<div class=\"wp-block-image\"><figure class=\"aligncenter\"><a href=\"https:\/\/eje19.com.mx\/wp-content\/uploads\/2022\/05\/WhatsApp-Image-2022-05-27-at-7.54.04-PM.jpeg\"><img decoding=\"async\" src=\"https:\/\/eje19.com.mx\/wp-content\/uploads\/2022\/05\/WhatsApp-Image-2022-05-27-at-7.54.04-PM-620x349.jpeg\" alt=\"\" class=\"wp-image-87936\"\/><\/a><\/figure><\/div>\n\n\n\n<p>De acuerdo con la tanat\u00f3loga, muchas v\u00edctimas indirectas de feminicidio, en particular las madres, utilizan mecanismos de enfrentamiento como la ira y es necesario reconocer que son completamente v\u00e1lidos. Cada madre puede atravesar por procesos de resignificaci\u00f3n ante la muerte de sus hijas para darle un nuevo sentido a la vida, aun con la ausencia de las mujeres asesinadas; por ello es importante acompa\u00f1ar y respetar sus duelos de manera emp\u00e1tica y responsable.<\/p>\n\n\n\n<p>En este sentido, las especialistas recordaron las declaraciones de Elideth Yesenia Zamudio en 2020, madre de Mar\u00eda de Jes\u00fas Jaimes Zamudio, estudiante del Instituto Polit\u00e9cnico Nacional (IPN) que fue v\u00edctima de feminicidio en 2016:<\/p>\n\n\n\n<p>\u201cY si me ven de negro y soy muy radical, y si quemo y rompo y hago un pinche \u2018despadre\u2019 en esta ciudad, \u00bfcu\u00e1l es su pinche problema? \u00a1A m\u00ed me mataron a mi hija! (\u2026) Yo soy una madre que me mataron a mi hija, y s\u00ed soy una madre empoderada y feminista, y estoy que me carga la chingada. Tengo todo el derecho a quemar y a romper, no le voy a pedir permiso a nadie porque yo estoy rompiendo por mi hija\u201d.<\/p>\n\n\n\n<p>Elideth Yesenia Zamudio<br>Las psic\u00f3logas indicaron que el feminicidio no solo es un tipo m\u00e1s de muerte violenta, sino que engloba muchas muertes a la vez: f\u00edsicas, simb\u00f3licas, sociales y pol\u00edticas, todas violentas e impuestas sobre una mujer. Ante esto, las madres de las v\u00edctimas no solo se ven forzadas a enfrentar la muerte traum\u00e1tica de su familiar, sino que deben aprender sobre derecho, temas de g\u00e9nero y Derechos Humanos para acceder a la justicia.<\/p>\n\n\n\n<p>A esto se suma que en la actualidad los casos de feminicidio suelen ser p\u00fablicos, lo que conlleva la revictimizaci\u00f3n medi\u00e1tica de las mujeres asesinadas e incluso de su familia, por lo que Flor Robles concluy\u00f3 que se necesitan medios de comunicaci\u00f3n que rescaten la memoria de las v\u00edctimas, en vez de concentrarse en compartir los detalles de las muertes y exaltar las virtudes de los victimarios.<\/p>\n\n\n\n<p>Fuente: https:\/\/eje19.com.mx\/las-otras-victimas-del-feminicidio-el-duelo-de-las-madres\/<\/p>\n","protected":false},"excerpt":{"rendered":"<p>Viernes 27 de Mayo del 2022, Josette Vidal Miranda, CIMACNOTICIAS.- La muerte violenta de una mujer no representa solo una cifra, es la p\u00e9rdida de una vida que deja un vac\u00edo en la sociedad y particularmente en la familia de la v\u00edctima. En el marco de los \u201cMi\u00e9rcoles de Charla\u201d del Grupo de Estudios Sobre [&hellip;]<\/p>\n","protected":false},"author":4,"featured_media":26180,"comment_status":"closed","ping_status":"open","sticky":false,"template":"","format":"standard","meta":{"give_campaign_id":0,"rs_blank_template":"","rs_page_bg_color":"","slide_template_v7":"","footnotes":""},"categories":[575,32],"tags":[75,58,77,80],"class_list":["post-26179","post","type-post","status-publish","format-standard","has-post-thumbnail","hentry","category-blog","category-novedades","tag-feminicidios","tag-gesmujer","tag-mujeres-indigenas","tag-oaxaca"],"_links":{"self":[{"href":"https:\/\/www.gesmujer.org\/sitio\/index.php?rest_route=\/wp\/v2\/posts\/26179","targetHints":{"allow":["GET"]}}],"collection":[{"href":"https:\/\/www.gesmujer.org\/sitio\/index.php?rest_route=\/wp\/v2\/posts"}],"about":[{"href":"https:\/\/www.gesmujer.org\/sitio\/index.php?rest_route=\/wp\/v2\/types\/post"}],"author":[{"embeddable":true,"href":"https:\/\/www.gesmujer.org\/sitio\/index.php?rest_route=\/wp\/v2\/users\/4"}],"replies":[{"embeddable":true,"href":"https:\/\/www.gesmujer.org\/sitio\/index.php?rest_route=%2Fwp%2Fv2%2Fcomments&post=26179"}],"version-history":[{"count":1,"href":"https:\/\/www.gesmujer.org\/sitio\/index.php?rest_route=\/wp\/v2\/posts\/26179\/revisions"}],"predecessor-version":[{"id":26181,"href":"https:\/\/www.gesmujer.org\/sitio\/index.php?rest_route=\/wp\/v2\/posts\/26179\/revisions\/26181"}],"wp:featuredmedia":[{"embeddable":true,"href":"https:\/\/www.gesmujer.org\/sitio\/index.php?rest_route=\/wp\/v2\/media\/26180"}],"wp:attachment":[{"href":"https:\/\/www.gesmujer.org\/sitio\/index.php?rest_route=%2Fwp%2Fv2%2Fmedia&parent=26179"}],"wp:term":[{"taxonomy":"category","embeddable":true,"href":"https:\/\/www.gesmujer.org\/sitio\/index.php?rest_route=%2Fwp%2Fv2%2Fcategories&post=26179"},{"taxonomy":"post_tag","embeddable":true,"href":"https:\/\/www.gesmujer.org\/sitio\/index.php?rest_route=%2Fwp%2Fv2%2Ftags&post=26179"}],"curies":[{"name":"wp","href":"https:\/\/api.w.org\/{rel}","templated":true}]}}