{"id":26232,"date":"2022-06-03T10:22:16","date_gmt":"2022-06-03T16:22:16","guid":{"rendered":"https:\/\/www.gesmujer.org\/sitio\/?p=26232"},"modified":"2022-06-03T10:22:18","modified_gmt":"2022-06-03T16:22:18","slug":"historia-de-impunidad-a-4-anos-del-asesinato-de-su-hija-soledad-jarquin-sigue-sin-obtener-justicia-para-sol","status":"publish","type":"post","link":"https:\/\/www.gesmujer.org\/sitio\/?p=26232","title":{"rendered":"Historia de Impunidad: a 4 a\u00f1os del asesinato de su hija, Soledad Jarqu\u00edn sigue sin obtener justicia para Sol"},"content":{"rendered":"\n<p><strong>Christian Jim\u00e9nez, Domingo 29 de mayo del 2022, El Universal.- <\/strong>Desde hace cuatro a\u00f1os, la risa de\u00a0<strong>Mar\u00eda del Sol Cruz Jarqu\u00edn<\/strong>\u00a0ya no resuena en los pasillos del hogar que compart\u00eda con su madre y sus hermanas. El 2 de junio de 2018 fue\u00a0<strong>asesinada en Juchit\u00e1n de Zaragoza<\/strong>; las balas apagaron la felicidad de su familia, que hasta hoy persiste en la exigencia de\u00a0<strong>justicia<\/strong>.<\/p>\n\n\n\n<p><strong>Soledad Jarqu\u00edn \u00c9dgar<\/strong>, periodista y&nbsp;<strong>defensora de los derechos humanos<\/strong>, ha pasado cuatro a\u00f1os de puerta en puerta, pidiendo justicia para la menor de sus hijas; sin embargo, hasta el momento no hay avances en el caso ni en ninguna de las&nbsp;<strong>carpetas de investigaci\u00f3n<\/strong>&nbsp;que se iniciaron por \u00e9ste.<\/p>\n\n\n\n<p>El 24 de noviembre de 2020, Jarqu\u00edn \u00c9dgar viaj\u00f3 a la Ciudad de M\u00e9xico y asisti\u00f3 a una de las conferencias matutinas del presidente<strong>\u00a0Andr\u00e9s Manuel L\u00f3pez Obrador<\/strong>; ah\u00ed le record\u00f3 al mandatario que la<strong>\u00a0Fiscal\u00eda General del Estado de Oaxaca<\/strong>\u00a0(FGEO) no avanzaba en el caso.<\/p>\n\n\n\n<p>El Presidente pidi\u00f3 a la entonces secretaria de Gobernaci\u00f3n,&nbsp;<strong>Olga S\u00e1nchez Cordero<\/strong>, que atendiera personalmente el tema, pero no fue as\u00ed.<\/p>\n\n\n\n<p>\u201cEsa gente se olvid\u00f3 del compromiso, sobre todo la gente de Gobernaci\u00f3n,&nbsp;<strong>Olga S\u00e1nchez Cordero&nbsp;<\/strong>recibi\u00f3 la instrucci\u00f3n directa del Presidente de atender el caso y lo que hizo fue turnar la instrucci\u00f3n a la titular de&nbsp;<strong>Conavim<\/strong>,&nbsp;<strong>Fabiola Alan\u00eds<\/strong>\u201d, recuerda Jarqu\u00edn \u00c9dgar en entrevista con<strong>&nbsp;EL UNIVERSAL<\/strong>.<\/p>\n\n\n\n<p>Entre la&nbsp;<strong>Comisi\u00f3n Nacional para Prevenir y Erradicar la Violencia contra las Mujeres&nbsp;<\/strong>(<strong>Conavim<\/strong>),<strong>&nbsp;Soledad Jarqu\u00edn<\/strong>, abogadas y defensoras del caso, hubo, desde 2020, ocho reuniones con resultados nulos.<\/p>\n\n\n\n<p>Lo \u00fanico que ped\u00edan, acota la periodista, era que la<strong>&nbsp;Fiscal\u00eda General de la Rep\u00fablica&nbsp;<\/strong>(FGR) atrajera el caso de<strong>&nbsp;Mar\u00eda del Sol Cruz<\/strong>, pues desde que inici\u00f3 la investigaci\u00f3n en&nbsp;<strong>Oaxaca&nbsp;<\/strong>encontraron&nbsp;<strong>obstrucciones en el acceso a la justicia<\/strong>.<\/p>\n\n\n\n<p>Fabiola Alan\u00eds se comprometi\u00f3 a plantear el caso al fiscal general de la Rep\u00fablica,&nbsp;<strong>Alejandro Gertz Manero<\/strong>, lo que hizo, pero nunca de manera formal.<\/p>\n\n\n\n<p>Desde entonces, tanto ella como el equipo de mujeres abogadas y defensoras que la acompa\u00f1a, decidieron dejar de insistir a la federaci\u00f3n.<\/p>\n\n\n\n<p>Quienes conocieron a&nbsp;<strong>Mar\u00eda del Sol Cruz&nbsp;<\/strong>la recuerdan como una joven alegre, feliz, compasiva y dispuesta a ayudar, ya sea en sus m\u00faltiples empleos en fotograf\u00eda, atendiendo una panader\u00eda en sus horas libres o llevando comida a familiares de pacientes en el Hospital Civil.<\/p>\n\n\n\n<p>Era una fot\u00f3grafa en crecimiento, que antes de ser asesinada fue designada como jefa de Comunicaci\u00f3n Social en la<strong>&nbsp;Secretar\u00eda de Asuntos Ind\u00edgenas&nbsp;<\/strong>(<strong>SAI<\/strong>), que entonces estaba a cargo de Francisco Montero.<\/p>\n\n\n\n<p>Fue \u00e9l quien condicion\u00f3 el trabajo de la joven a cambio de enviarla a cubrir la campa\u00f1a pol\u00edtica de su hermano, el priista&nbsp;<strong>Hageo Montero L\u00f3pez<\/strong>, quien aspiraba a convertirse e<strong>n edil de Juchit\u00e1n de Zaragoza<\/strong>.&nbsp;<\/p>\n\n\n\n<p>La madrugada del 2 de junio de 2018, antes de que\u00a0<strong>Mar\u00eda del Sol Cruz<\/strong>\u00a0cumpliera 27 a\u00f1os, fue asesinada\u00a0 junto con\u00a0<strong>Pamela Ter\u00e1n<\/strong>, candidata del PRI a segunda concejal de\u00a0<strong>Juchit\u00e1n\u00a0<\/strong>y Adelfo Guerra, su chofer.<\/p>\n\n\n\n<p>Datos del Grupo de Estudios Sobre la Mujer Rosario Castellanos (GES Mujer) se\u00f1alan que en ese a\u00f1o fueron&nbsp;<strong>asesinadas 123 mujeres de manera violenta en Oaxaca<\/strong>; mientras que en la administraci\u00f3n actual suman, hasta el 19 de mayo de 2022, 653 casos. De \u00e9stos, 53 han sucedido en el a\u00f1o en curso.<\/p>\n\n\n\n<p>El&nbsp;<strong>Secretariado Ejecutivo del Sistema Nacional de Seguridad P\u00fablica&nbsp;<\/strong>indica que en 2018 se registraron 834&nbsp;<strong>feminicidios&nbsp;<\/strong>en M\u00e9xico, de los cuales 29 sucedieron en&nbsp;<strong>Oaxaca<\/strong>. Se suman 96 casos de homicidio doloso y 146 de homicidio culposo.<\/p>\n\n\n\n<h2 class=\"wp-block-heading\"><strong>Sin descanso<\/strong><\/h2>\n\n\n\n<p><strong>Soledad Jarqu\u00edn&nbsp;<\/strong>no desiste de su&nbsp;<strong>exigencia de justicia<\/strong>. En noviembre pasado, el fiscal local<strong>&nbsp;Arturo Peimbert Calvo<\/strong>&nbsp;le inform\u00f3 que la carpeta por el<strong>&nbsp;homicidio de su hija<\/strong>&nbsp;ser\u00eda cerrada parcialmente; con ello, el \u00fanico detenido por el caso qued\u00f3 en libertad y la fiscal\u00eda inici\u00f3 una nueva carpeta por&nbsp;<strong>feminicidio<\/strong>.<\/p>\n\n\n\n<p>El funcionario prometi\u00f3 armar una investigaci\u00f3n con todos los elementos necesarios para la captura y sanci\u00f3n de los responsables. A seis meses de iniciada la carpeta y despu\u00e9s de cuatro reuniones con Peimbert, no se han reportado avances.<\/p>\n\n\n\n<p>Por el caso de&nbsp;<strong>Mar\u00eda del Sol&nbsp;<\/strong>hay seis carpetas de investigaci\u00f3n activas: una por&nbsp;<strong>feminicidio&nbsp;<\/strong>que se inici\u00f3 recientemente; por&nbsp;<strong>delitos electorales&nbsp;<\/strong>cometidos por los hermanos Montero; por el robo del equipo de trabajo en el que Mar\u00eda del Sol guardaba evidencia de su trabajo y de la campa\u00f1a pol\u00edtica en la que fue obligada a trabajar, cometido por un empleado de la&nbsp;<strong>SAI<\/strong>.<\/p>\n\n\n\n<p>Tambi\u00e9n hay una carpeta en el Tribunal de Justicia Administrativa por el&nbsp;<strong>delito de corrupci\u00f3n<\/strong>; una contra los h<strong>ermanos Montero<\/strong>&nbsp;por uso de recursos p\u00fablicos y otra contra Rub\u00e9n Vasconcelos y Araceli Pinelo, por obstrucci\u00f3n de la justicia.<\/p>\n\n\n\n<p>La periodista y activista detalla que la&nbsp;<strong>carpeta por delitos electorales&nbsp;<\/strong>no muestra avances desde que se inici\u00f3, por lo que tendr\u00e1 que acudir ante el<strong>&nbsp;Instituto Estatal Electoral y de Participaci\u00f3n Ciudadana<\/strong>&nbsp;(IEEPCO) para preguntar en persona.<\/p>\n\n\n\n<p>Desde mayo de 2021, tampoco hay avances de la que se inici\u00f3 por corrupci\u00f3n, cuando se fijaron sanciones para los hermanos Montero, incluida una pena econ\u00f3mica para Hageo Montero por 90 mil pesos, quien culmin\u00f3 una administraci\u00f3n como regidor en Juchit\u00e1n, cargo que asumi\u00f3 sin contratiempos a pesar de las investigaciones en su contra.<\/p>\n\n\n\n<p>Tras lo sucedido, se generaron 11 puntos de acuerdo, llamadas, solicitudes que se giraron al\u00a0<strong>gobierno de Oaxaca\u00a0<\/strong>y Gertz Manero para que atrajera el caso, el planteamiento de una reuni\u00f3n con el fiscal en el Congreso local e, incluso, una intervenci\u00f3n que hizo el entonces senador<strong>\u00a0Salom\u00f3n Jara Cruz<\/strong>, pero la solicitud no ha sido atendida.<\/p>\n\n\n\n<p>Asimismo, hay una veintena de llamados realizados por organizaciones oficiales, comisionados y representantes de la<strong>&nbsp;Organizaci\u00f3n de las Naciones Unidas<\/strong>&nbsp;(ONU), pronunciamientos de organismos internacionales y de embajadas como la de Canad\u00e1; a pesar de ello, el caso contin\u00faa en la opacidad.<\/p>\n\n\n\n<p>\u201cEs sorprendente la poca atenci\u00f3n y la nulidad que le dan a los casos\u201d, acota<strong>\u00a0Soledad Jarqu\u00edn<\/strong>, quien mira el r\u00e1pido transcurrir del tiempo desde que la ausencia de su hija se hizo permanente; sin embargo, es en su recuerdo donde encuentra fuerzas para continuar convocando a las personas a conocer el caso y a las autoridades para procurar\u00a0<strong>justicia para Sol<\/strong>.<\/p>\n\n\n\n<p>Fuente: https:\/\/oaxaca.eluniversal.com.mx\/estatal\/historia-de-impunidad-4-anos-del-asesinato-de-su-hija-soledad-jarquin-sigue-sin-obtener<\/p>\n","protected":false},"excerpt":{"rendered":"<p>Christian Jim\u00e9nez, Domingo 29 de mayo del 2022, El Universal.- Desde hace cuatro a\u00f1os, la risa de\u00a0Mar\u00eda del Sol Cruz Jarqu\u00edn\u00a0ya no resuena en los pasillos del hogar que compart\u00eda con su madre y sus hermanas. El 2 de junio de 2018 fue\u00a0asesinada en Juchit\u00e1n de Zaragoza; las balas apagaron la felicidad de su familia, [&hellip;]<\/p>\n","protected":false},"author":4,"featured_media":26233,"comment_status":"closed","ping_status":"open","sticky":false,"template":"","format":"standard","meta":{"footnotes":""},"categories":[575,91,32,3],"tags":[75,58,80,67],"class_list":["post-26232","post","type-post","status-publish","format-standard","has-post-thumbnail","hentry","category-blog","category-notas","category-novedades","category-portada","tag-feminicidios","tag-gesmujer","tag-oaxaca","tag-violencia"],"_links":{"self":[{"href":"https:\/\/www.gesmujer.org\/sitio\/index.php?rest_route=\/wp\/v2\/posts\/26232","targetHints":{"allow":["GET"]}}],"collection":[{"href":"https:\/\/www.gesmujer.org\/sitio\/index.php?rest_route=\/wp\/v2\/posts"}],"about":[{"href":"https:\/\/www.gesmujer.org\/sitio\/index.php?rest_route=\/wp\/v2\/types\/post"}],"author":[{"embeddable":true,"href":"https:\/\/www.gesmujer.org\/sitio\/index.php?rest_route=\/wp\/v2\/users\/4"}],"replies":[{"embeddable":true,"href":"https:\/\/www.gesmujer.org\/sitio\/index.php?rest_route=%2Fwp%2Fv2%2Fcomments&post=26232"}],"version-history":[{"count":1,"href":"https:\/\/www.gesmujer.org\/sitio\/index.php?rest_route=\/wp\/v2\/posts\/26232\/revisions"}],"predecessor-version":[{"id":26234,"href":"https:\/\/www.gesmujer.org\/sitio\/index.php?rest_route=\/wp\/v2\/posts\/26232\/revisions\/26234"}],"wp:featuredmedia":[{"embeddable":true,"href":"https:\/\/www.gesmujer.org\/sitio\/index.php?rest_route=\/wp\/v2\/media\/26233"}],"wp:attachment":[{"href":"https:\/\/www.gesmujer.org\/sitio\/index.php?rest_route=%2Fwp%2Fv2%2Fmedia&parent=26232"}],"wp:term":[{"taxonomy":"category","embeddable":true,"href":"https:\/\/www.gesmujer.org\/sitio\/index.php?rest_route=%2Fwp%2Fv2%2Fcategories&post=26232"},{"taxonomy":"post_tag","embeddable":true,"href":"https:\/\/www.gesmujer.org\/sitio\/index.php?rest_route=%2Fwp%2Fv2%2Ftags&post=26232"}],"curies":[{"name":"wp","href":"https:\/\/api.w.org\/{rel}","templated":true}]}}