{"id":26493,"date":"2022-06-10T12:03:31","date_gmt":"2022-06-10T18:03:31","guid":{"rendered":"https:\/\/www.gesmujer.org\/sitio\/?p=26493"},"modified":"2022-06-10T12:03:34","modified_gmt":"2022-06-10T18:03:34","slug":"resuena-indignacion-familiares-y-amigas-exigen-justicia-para-solecito-asesinada-por-su-pareja-en-oaxaca","status":"publish","type":"post","link":"https:\/\/www.gesmujer.org\/sitio\/?p=26493","title":{"rendered":"Resuena indignaci\u00f3n: familiares y amigas exigen justicia para Solecito, asesinada por su pareja en Oaxaca"},"content":{"rendered":"\n<p><strong>Viernes 10 de Junio del 2022, Christian Jim\u00e9nez, El universal.- <\/strong>La ma\u00f1ana de este viernes, en medio de la lluvia, familiares y amigos de\u00a0<strong>Soledad Maldonado\u00a0<\/strong>partieron desde la Bas\u00edlica de Nuestra Se\u00f1ora de La Soledad, en la ciudad de Oaxaca, a la agencia de Dolores, en una marcha para protestar por el feminicidio, cometido por su pareja el pasado 7 de junio.\u00a0<\/p>\n\n\n\n<p>El dolor de la familia de Sol se convirti\u00f3 en la exigencia de justicia que se escuch\u00f3 por las calles de la ciudad, acompa\u00f1ado por consignas como:<strong>\u00a0\u201cNo estamos todas, falta Solecito\u201d<\/strong>\u00a0y \u201cExigimos justicia, ni una m\u00e1s, ni una menos\u201d.<\/p>\n\n\n\n<p>Portando globos y flores blancas,&nbsp;integrantes del contingente recordaron a Soledad y exigieron justicia por ella y por las<strong>&nbsp;62 mujeres<\/strong>&nbsp;que han sido asesinadas de manera violenta en Oaxaca en lo que va de 2022, seg\u00fan el recuento del Grupo de Estudios sobre la Mujer Rosario Castellanos (GES Mujer).<\/p>\n\n\n\n<p>Encabezada por familiares, quienes portaban una imagen de Soledad, la marcha refrend\u00f3 su indignaci\u00f3n por la violencia feminicida que esta vez alcanz\u00f3 a Sol, mujer trabajadora y madre de tres hijos que quedaron en orfandad.<\/p>\n\n\n\n<p>Luego, se trasladaron a la agencia de Dolores, lugar donde a Sol le arrebataron la vida y donde tambi\u00e9n sus restos fueron velados la noche de ayer.<\/p>\n\n\n\n<figure class=\"wp-block-image\"><img decoding=\"async\" src=\"https:\/\/oaxaca.eluniversal.com.mx\/sites\/default\/files\/u24137\/solecito_3.jpg\" alt=\"solecito_3.jpg\"\/><\/figure>\n\n\n\n<p>La noche del feminicidio, Andr\u00e9s V. M. pareja de Sol, fue detenido por elementos de la Polic\u00eda, tras haber desmembrado su cuerpo y metido los restos en bolsas.&nbsp;<\/p>\n\n\n\n<p>El sujeto qued\u00f3 a disposici\u00f3n de la Fiscal\u00eda General del Estado de Oaxaca y este d\u00eda fue presentado en audiencia.<\/p>\n\n\n\n<figure class=\"wp-block-image\"><img decoding=\"async\" src=\"https:\/\/oaxaca.eluniversal.com.mx\/sites\/default\/files\/u24137\/solecito_4.jpg\" alt=\"solecito_4.jpg\"\/><\/figure>\n\n\n\n<p>Fuente: https:\/\/oaxaca.eluniversal.com.mx\/sociedad\/resuena-indignacion-familiares-y-amigas-exigen-justicia-para-solecito-asesinada-por-su<\/p>\n","protected":false},"excerpt":{"rendered":"<p>Viernes 10 de Junio del 2022, Christian Jim\u00e9nez, El universal.- La ma\u00f1ana de este viernes, en medio de la lluvia, familiares y amigos de\u00a0Soledad Maldonado\u00a0partieron desde la Bas\u00edlica de Nuestra Se\u00f1ora de La Soledad, en la ciudad de Oaxaca, a la agencia de Dolores, en una marcha para protestar por el feminicidio, cometido por su [&hellip;]<\/p>\n","protected":false},"author":4,"featured_media":26494,"comment_status":"closed","ping_status":"open","sticky":false,"template":"","format":"standard","meta":{"give_campaign_id":0,"rs_blank_template":"","rs_page_bg_color":"","slide_template_v7":"","footnotes":""},"categories":[575,568,32,3],"tags":[75,58,80,67],"class_list":["post-26493","post","type-post","status-publish","format-standard","has-post-thumbnail","hentry","category-blog","category-monitoreo","category-novedades","category-portada","tag-feminicidios","tag-gesmujer","tag-oaxaca","tag-violencia"],"_links":{"self":[{"href":"https:\/\/www.gesmujer.org\/sitio\/index.php?rest_route=\/wp\/v2\/posts\/26493","targetHints":{"allow":["GET"]}}],"collection":[{"href":"https:\/\/www.gesmujer.org\/sitio\/index.php?rest_route=\/wp\/v2\/posts"}],"about":[{"href":"https:\/\/www.gesmujer.org\/sitio\/index.php?rest_route=\/wp\/v2\/types\/post"}],"author":[{"embeddable":true,"href":"https:\/\/www.gesmujer.org\/sitio\/index.php?rest_route=\/wp\/v2\/users\/4"}],"replies":[{"embeddable":true,"href":"https:\/\/www.gesmujer.org\/sitio\/index.php?rest_route=%2Fwp%2Fv2%2Fcomments&post=26493"}],"version-history":[{"count":1,"href":"https:\/\/www.gesmujer.org\/sitio\/index.php?rest_route=\/wp\/v2\/posts\/26493\/revisions"}],"predecessor-version":[{"id":26495,"href":"https:\/\/www.gesmujer.org\/sitio\/index.php?rest_route=\/wp\/v2\/posts\/26493\/revisions\/26495"}],"wp:featuredmedia":[{"embeddable":true,"href":"https:\/\/www.gesmujer.org\/sitio\/index.php?rest_route=\/wp\/v2\/media\/26494"}],"wp:attachment":[{"href":"https:\/\/www.gesmujer.org\/sitio\/index.php?rest_route=%2Fwp%2Fv2%2Fmedia&parent=26493"}],"wp:term":[{"taxonomy":"category","embeddable":true,"href":"https:\/\/www.gesmujer.org\/sitio\/index.php?rest_route=%2Fwp%2Fv2%2Fcategories&post=26493"},{"taxonomy":"post_tag","embeddable":true,"href":"https:\/\/www.gesmujer.org\/sitio\/index.php?rest_route=%2Fwp%2Fv2%2Ftags&post=26493"}],"curies":[{"name":"wp","href":"https:\/\/api.w.org\/{rel}","templated":true}]}}