{"id":2659,"date":"2018-01-16T13:20:48","date_gmt":"2018-01-16T19:20:48","guid":{"rendered":"http:\/\/www.gesmujer.org\/sitio\/?p=2659"},"modified":"2024-04-05T14:59:52","modified_gmt":"2024-04-05T20:59:52","slug":"cuestionan-designacion-de-nueva-titular-de-la-smo","status":"publish","type":"post","link":"https:\/\/www.gesmujer.org\/sitio\/?p=2659","title":{"rendered":"Cuestionan designaci\u00f3n de nueva titular de la SMO"},"content":{"rendered":"<p>El Grupo de Estudios sobre la Mujer \u201cRosario Castellanos\u201d (GESMujer), cuestion\u00f3 ayer la designaci\u00f3n de la nueva titular de la Secretar\u00eda de la Mujer Oaxaque\u00f1a, Ana V\u00e1squez Colmenares, quien fuera secretaria de las Culturas y las Artes de Oaxaca.<\/p>\n<p>La presidenta del GESMujer, Ximena Avellaneda D\u00edaz, lament\u00f3 los constantes cambios que se han dado en la dependencia, pese a que Oaxaca vive momentos \u00e1lgidos por la violencia contra la mujer por raz\u00f3n de g\u00e9nero.<\/p>\n<p>\u201cEn 13 meses y medio de la administraci\u00f3n del gobernador Alejandro Murat, la nueva Secretar\u00eda de la Mujer Oaxaque\u00f1a ha tenido tres titulares; la m\u00e1s reciente Ana V\u00e1squez Colmenares\u201d, se\u00f1al\u00f3 la organizaci\u00f3n, al preguntar si en realidad existe algo de inter\u00e9s por impulsar una pol\u00edtica de g\u00e9nero.<\/p>\n<p>As\u00ed tambi\u00e9n, se pregunt\u00f3 de qu\u00e9 sirve contar con una Secretar\u00eda de la Mujer si desde el principio carece de una estrategia integral que incida positivamente en las diversas problem\u00e1ticas que enfrentan las mujeres en Oaxaca.<\/p>\n<p>Asegur\u00f3 que los recurrentes cambios demuestran una falta de respeto a los derechos de las mujeres de la entidad, donde se ha solicitado una alerta por feminicidios.<\/p>\n<p>El Grupo de Estudios sobre la Mujer Rosario Castellanos, desconoce si la nueva titular de la Secretar\u00eda de la Mujer tiene alg\u00fan m\u00e9rito para dirigir la dependencia que se cre\u00f3 en el actual sexenio, y que en dos meses y medio sufre un segundo cambio.<\/p>\n<p>\u201cNos preocupa que la titular de una secretar\u00eda con una raz\u00f3n de ser distinta, la de cultura, sea cambiada a otra que requiere perspectiva de g\u00e9nero y una visi\u00f3n intercultural, pero sobre todo un amplio conocimiento de las razones estructurales que propician que las brechas de desigualdad entre mujeres y hombres sigan sin acortarse y que la violencia feminicida llegue a niveles preocupantes\u201d, puntualiz\u00f3.  <!--codes_iframe--><!--\/codes_iframe--><\/p>\n","protected":false},"excerpt":{"rendered":"<p>El Grupo de Estudios sobre la Mujer \u201cRosario Castellanos\u201d (GESMujer), cuestion\u00f3 ayer la designaci\u00f3n de la nueva titular de la Secretar\u00eda de la Mujer Oaxaque\u00f1a, Ana V\u00e1squez Colmenares, quien fuera secretaria de las Culturas y las Artes de Oaxaca. La presidenta del GESMujer, Ximena Avellaneda D\u00edaz, lament\u00f3 los constantes cambios que se han dado en [&hellip;]<\/p>\n","protected":false},"author":4,"featured_media":2660,"comment_status":"closed","ping_status":"open","sticky":false,"template":"","format":"standard","meta":{"footnotes":""},"categories":[91,32],"tags":[],"class_list":["post-2659","post","type-post","status-publish","format-standard","has-post-thumbnail","hentry","category-notas","category-novedades"],"_links":{"self":[{"href":"https:\/\/www.gesmujer.org\/sitio\/index.php?rest_route=\/wp\/v2\/posts\/2659","targetHints":{"allow":["GET"]}}],"collection":[{"href":"https:\/\/www.gesmujer.org\/sitio\/index.php?rest_route=\/wp\/v2\/posts"}],"about":[{"href":"https:\/\/www.gesmujer.org\/sitio\/index.php?rest_route=\/wp\/v2\/types\/post"}],"author":[{"embeddable":true,"href":"https:\/\/www.gesmujer.org\/sitio\/index.php?rest_route=\/wp\/v2\/users\/4"}],"replies":[{"embeddable":true,"href":"https:\/\/www.gesmujer.org\/sitio\/index.php?rest_route=%2Fwp%2Fv2%2Fcomments&post=2659"}],"version-history":[{"count":4,"href":"https:\/\/www.gesmujer.org\/sitio\/index.php?rest_route=\/wp\/v2\/posts\/2659\/revisions"}],"predecessor-version":[{"id":58603,"href":"https:\/\/www.gesmujer.org\/sitio\/index.php?rest_route=\/wp\/v2\/posts\/2659\/revisions\/58603"}],"wp:featuredmedia":[{"embeddable":true,"href":"https:\/\/www.gesmujer.org\/sitio\/index.php?rest_route=\/wp\/v2\/media\/2660"}],"wp:attachment":[{"href":"https:\/\/www.gesmujer.org\/sitio\/index.php?rest_route=%2Fwp%2Fv2%2Fmedia&parent=2659"}],"wp:term":[{"taxonomy":"category","embeddable":true,"href":"https:\/\/www.gesmujer.org\/sitio\/index.php?rest_route=%2Fwp%2Fv2%2Fcategories&post=2659"},{"taxonomy":"post_tag","embeddable":true,"href":"https:\/\/www.gesmujer.org\/sitio\/index.php?rest_route=%2Fwp%2Fv2%2Ftags&post=2659"}],"curies":[{"name":"wp","href":"https:\/\/api.w.org\/{rel}","templated":true}]}}