{"id":26815,"date":"2022-06-29T09:25:12","date_gmt":"2022-06-29T15:25:12","guid":{"rendered":"https:\/\/www.gesmujer.org\/sitio\/?p=26815"},"modified":"2022-06-29T09:25:14","modified_gmt":"2022-06-29T15:25:14","slug":"en-oaxaca-han-sido-asesinadas-71-mujeres-en-lo-que-va-del-ano","status":"publish","type":"post","link":"https:\/\/www.gesmujer.org\/sitio\/?p=26815","title":{"rendered":"En Oaxaca han sido asesinadas 71 mujeres en lo que va del a\u00f1o"},"content":{"rendered":"\n<p><strong>Martes 28 de Junio del 2022, Pedro Mat\u00edas, Proceso.-<\/strong> Tres mujeres,\u00a0entre ellas, una menor de cinco a\u00f1os fueron asesinadas, con lo que suman 71 mujeres fallecidas del 1 de enero al 27 de junio de 2022.<\/p>\n\n\n\n<p>De acuerdo al Grupo de Estudios sobre la Mujer \u201cRosario Castellanos\u201d (GESMujer), en el gobierno del priista Alejandro Murat Hinojosa, se han registrado 653 casos de mujeres asesinadas.<\/p>\n\n\n\n<p>Los casos mas recientes ocurrieron en el Istmo de Tehuantepec y la Cuenca del Papaloapan, seg\u00fan confirm\u00f3 la Fiscal\u00eda General de Oaxaca a trav\u00e9s de su cuenta de Twitter:<\/p>\n\n\n\n<p>\u201cLa @FISCALIA_GobOax inici\u00f3 carpeta de investigaci\u00f3n 22251\/FIST\/TEHUANTEPEC\/2022, por el delito de homicidio calificado en agravio de una mujer y una menor de edad y lesiones calificadas contra un masculino, luego de una agresi\u00f3n con arma de fuego ocurrida la noche del 26 de junio en inmediaciones de la terminal de autobuses de primer clase de Santo Domingo Tehuantepec.<\/p>\n\n\n\n<p>De forma inmediata, la Vicefiscal\u00eda Regional del Istmo intervino, desplegando a su personal multidisciplinario que inici\u00f3 con la recopilaci\u00f3n de indicios que permitan esclarecer este crimen.<\/p>\n\n\n\n<p>En el ataque armado fueron ejecutadas Rosario V. P., de 24 a\u00f1os de edad y su hija Alejandra R. C., de cinco a\u00f1os de edad, hechos ocurridos en el barrio de Vixana en Santo Domingo Tehuantepec.<\/p>\n\n\n\n<p>Adem\u00e1s, result\u00f3 lesionado un individuo de nombre Carlos D. G., de 24 a\u00f1os, quien fue trasladado a un hospital de Tehuantepec.<\/p>\n\n\n\n<p>Antes, se inform\u00f3 que la polic\u00eda de San Miguel Soyaltepec, Zoila Flor A. V., de 32 a\u00f1os de edad, fue asesinada cuando viajaba en un camioneta de pasajeros que cubr\u00eda la ruta Temascal, Oaxaca-Tierra Blanca, Veracruz.<\/p>\n\n\n\n<p>Mientras que el s\u00e1bado, dos mujeres fueron lesionadas de bala por un conflicto agrario entre Santiago Mitlatongo y Santa Cruz Mitlatongo.<\/p>\n\n\n\n<p>La Fiscal\u00eda inici\u00f3 la carpeta de investigaci\u00f3n 22188\/FMIX\/NOCHIXTLAN\/2022, por el delito lesiones calificadas, en agravio de dos mujeres, quienes actualmente se encuentran recibiendo atenci\u00f3n m\u00e9dica.<\/p>\n\n\n\n<p>Fuente: https:\/\/www.proceso.com.mx\/nacional\/estados\/2022\/6\/28\/en-oaxaca-han-sido-asesinadas-71-mujeres-en-lo-que-va-del-ano-288559.html<\/p>\n","protected":false},"excerpt":{"rendered":"<p>Martes 28 de Junio del 2022, Pedro Mat\u00edas, Proceso.- Tres mujeres,\u00a0entre ellas, una menor de cinco a\u00f1os fueron asesinadas, con lo que suman 71 mujeres fallecidas del 1 de enero al 27 de junio de 2022. De acuerdo al Grupo de Estudios sobre la Mujer \u201cRosario Castellanos\u201d (GESMujer), en el gobierno del priista Alejandro Murat [&hellip;]<\/p>\n","protected":false},"author":4,"featured_media":26816,"comment_status":"closed","ping_status":"open","sticky":false,"template":"","format":"standard","meta":{"give_campaign_id":0,"rs_blank_template":"","rs_page_bg_color":"","slide_template_v7":"","footnotes":""},"categories":[575,568,91],"tags":[60,75,58,80,67],"class_list":["post-26815","post","type-post","status-publish","format-standard","has-post-thumbnail","hentry","category-blog","category-monitoreo","category-notas","tag-derechos-mujeres","tag-feminicidios","tag-gesmujer","tag-oaxaca","tag-violencia"],"_links":{"self":[{"href":"https:\/\/www.gesmujer.org\/sitio\/index.php?rest_route=\/wp\/v2\/posts\/26815","targetHints":{"allow":["GET"]}}],"collection":[{"href":"https:\/\/www.gesmujer.org\/sitio\/index.php?rest_route=\/wp\/v2\/posts"}],"about":[{"href":"https:\/\/www.gesmujer.org\/sitio\/index.php?rest_route=\/wp\/v2\/types\/post"}],"author":[{"embeddable":true,"href":"https:\/\/www.gesmujer.org\/sitio\/index.php?rest_route=\/wp\/v2\/users\/4"}],"replies":[{"embeddable":true,"href":"https:\/\/www.gesmujer.org\/sitio\/index.php?rest_route=%2Fwp%2Fv2%2Fcomments&post=26815"}],"version-history":[{"count":1,"href":"https:\/\/www.gesmujer.org\/sitio\/index.php?rest_route=\/wp\/v2\/posts\/26815\/revisions"}],"predecessor-version":[{"id":26817,"href":"https:\/\/www.gesmujer.org\/sitio\/index.php?rest_route=\/wp\/v2\/posts\/26815\/revisions\/26817"}],"wp:featuredmedia":[{"embeddable":true,"href":"https:\/\/www.gesmujer.org\/sitio\/index.php?rest_route=\/wp\/v2\/media\/26816"}],"wp:attachment":[{"href":"https:\/\/www.gesmujer.org\/sitio\/index.php?rest_route=%2Fwp%2Fv2%2Fmedia&parent=26815"}],"wp:term":[{"taxonomy":"category","embeddable":true,"href":"https:\/\/www.gesmujer.org\/sitio\/index.php?rest_route=%2Fwp%2Fv2%2Fcategories&post=26815"},{"taxonomy":"post_tag","embeddable":true,"href":"https:\/\/www.gesmujer.org\/sitio\/index.php?rest_route=%2Fwp%2Fv2%2Ftags&post=26815"}],"curies":[{"name":"wp","href":"https:\/\/api.w.org\/{rel}","templated":true}]}}