{"id":2706,"date":"2018-03-08T08:49:53","date_gmt":"2018-03-08T14:49:53","guid":{"rendered":"http:\/\/www.gesmujer.org\/sitio\/?p=2706"},"modified":"2024-04-05T15:00:07","modified_gmt":"2024-04-05T21:00:07","slug":"mujeres-blanco-de-la-violencia-en-oaxaca","status":"publish","type":"post","link":"https:\/\/www.gesmujer.org\/sitio\/?p=2706","title":{"rendered":"Mujeres, Blanco de la violencia en Oaxaca"},"content":{"rendered":"<p>Especialistas recalcan que es necesario una alerta de g\u00e9nero para Oaxaca ya que la violencia contra la mujer no cesa.<\/p>\n<p>Oaxaca ocupa el segundo lugar a nivel nacional por su alta incidencia de feminicidios y tambi\u00e9n se ubica en los primeros lugares en violencia en el noviazgo, intrafamiliar y pol\u00edtica, por lo cual, voces se han unido para denunciar estos abusos durante el D\u00eda internacional de la Mujer.<\/p>\n<p>Para las militantes de diferentes organizaciones sociales y movimientos feministas, Oaxaca requiere de manera urgente la emisi\u00f3n de la alerta de g\u00e9nero, ante la violencia contra la mujer que ha superado al Gobierno estatal.<\/p>\n<p>Pese a los constantes discursos para combatir la violencia por cuestiones de g\u00e9nero, la entidad se ha mantenido por varios a\u00f1os en los primeros sitios del pa\u00eds por el auge de esta problem\u00e1tica, disput\u00e1ndose el primero y segundo lugar con Sinaloa.<\/p>\n<p>En su momento, la presidenta del Grupo de Estudios sobre la Mujer Rosario Castellanos, Ximena Avellaneda D\u00edaz, lament\u00f3 que en la entidad se carezca de acciones contundentes de las autoridades, as\u00ed como proyectos y planes concretos que realmente influyan para combatir los feminicidios.<\/p>\n<p>Las \u00faltimas estad\u00edsticas del Secretariado Ejecutivo del Sistema Nacional de Seguridad P\u00fablica (SESNSP) evidenciaron que 2017 fue un a\u00f1o violento para las mujeres, donde estados como Sinaloa, Veracruz y Oaxaca encabezaron la lista con 82, 79 y 58 feminicidios, respectivamente.<\/p>\n<p>Apenas hace unos meses, por el n\u00famero de feminicidios y asesinatos violentos de mujeres, Oaxaca se posicion\u00f3 en el segundo lugar con esta problem\u00e1tica, siendo Juchit\u00e1n de Zaragoza el municipio donde hubo mayor registro de este problema social.<\/p>\n<p>Ante este panorama, integrantes del Consorcio para el Di\u00e1logo Parlamentario y la Equidad se\u00f1alaron que la violencia contra las mujeres ha tenido un incremento del 30 por ciento, corroborado con cifras del Instituto Nacional de Estad\u00edstica y Geograf\u00eda (INEGI).<\/p>\n<p>En los registros y an\u00e1lisis de la organizaci\u00f3n, se evidenci\u00f3 que en el 56% de los casos, las mujeres han sido asesinadas a balazos y las formas de violencia demuestran tambi\u00e9n un incremento en el odio y la sa\u00f1a.<\/p>\n<p>La organizaci\u00f3n record\u00f3 que el rango de edad de las v\u00edctimas es de 18 a 30 a\u00f1os, en promedio, y es en el Istmo, Valles Centrales y la Costa, las regiones que representan mayor peligro para las mujeres.<\/p>\n<p>Por ocupaci\u00f3n laboral, el Instituto Nacional de Estad\u00edstica y Geograf\u00eda (INEGI) se\u00f1al\u00f3 que en el \u00e1mbito nacional, en 2013 las mujeres tuvieron una participaci\u00f3n del 43.8 por ciento del personal ocupado en las actividades econ\u00f3micas, de acuerdo con los datos del Censo Econ\u00f3mico del 2014.<\/p>\n<p><img fetchpriority=\"high\" decoding=\"async\" class=\"wp-image-133748 size-full aligncenter\" src=\"http:\/\/imparcialoaxaca.mx\/wp-content\/uploads\/2018\/03\/Ni\u00f1as-son-obligadas-copia.jpg\" sizes=\"(max-width: 820px) 100vw, 820px\" srcset=\"http:\/\/imparcialoaxaca.mx\/wp-content\/uploads\/2018\/03\/Ni\u00f1as-son-obligadas-copia.jpg 820w, http:\/\/imparcialoaxaca.mx\/wp-content\/uploads\/2018\/03\/Ni\u00f1as-son-obligadas-copia-300x207.jpg 300w, http:\/\/imparcialoaxaca.mx\/wp-content\/uploads\/2018\/03\/Ni\u00f1as-son-obligadas-copia-768x530.jpg 768w\" alt=\"\" width=\"820\" height=\"566\" \/><\/p>\n<p>Vistos por sector, en las actividades de las asociaciones religiosas, los servicios p\u00fablicos y el comercio, es donde tienen una participaci\u00f3n similar al de los hombres.<\/p>\n<p>Por entidad federativa, Oaxaca ocupa el tercer lugar, solo por debajo de Tlaxcala y Guerrero, de los estados donde las mujeres ocuparon mayor porcentaje de los puestos de trabajo; mientras que en contraste, Nuevo Le\u00f3n present\u00f3 el 37.7%.<\/p>\n<p><img decoding=\"async\" class=\"wp-image-133744 size-full aligncenter\" src=\"http:\/\/imparcialoaxaca.mx\/wp-content\/uploads\/2018\/03\/El-sector-copia.jpg\" sizes=\"(max-width: 820px) 100vw, 820px\" srcset=\"http:\/\/imparcialoaxaca.mx\/wp-content\/uploads\/2018\/03\/El-sector-copia.jpg 820w, http:\/\/imparcialoaxaca.mx\/wp-content\/uploads\/2018\/03\/El-sector-copia-300x207.jpg 300w, http:\/\/imparcialoaxaca.mx\/wp-content\/uploads\/2018\/03\/El-sector-copia-768x530.jpg 768w\" alt=\"\" width=\"820\" height=\"566\" \/><\/p>\n<h2>Se agrava la violencia cada sexenio<\/h2>\n<p>Para las integrantes de la organizaci\u00f3n GESMujer, es preocupante que cada sexenio el panorama de la violencia contra las mujeres se agrave.<\/p>\n<blockquote><p><em>\u201cSi en el sexenio de Gabino Cu\u00e9 se documentaron 527 asesinatos violentos, casi 88 en promedio por a\u00f1o, en la actual administraci\u00f3n los 141 que se han conocido confirman que la violencia feminicida est\u00e1 desbordada\u201d.<\/em><\/p><\/blockquote>\n<p>Por esta misma raz\u00f3n consider\u00f3 la organizaci\u00f3n encabezada por Ximena Avellaneda D\u00edaz, es urgente que la solicitud de Alerta de Violencia de G\u00e9nero para el estado sea emitida para reconocer la magnitud del problema y se vea obligada a conjuntar esfuerzos: instituciones, sociedad civil y otros sectores interesados para acabar con \u00e9sta grave situaci\u00f3n.<\/p>\n<p><img decoding=\"async\" class=\"wp-image-133746 size-full aligncenter\" src=\"http:\/\/imparcialoaxaca.mx\/wp-content\/uploads\/2018\/03\/Las-oportunidades-copia.jpg\" sizes=\"(max-width: 820px) 100vw, 820px\" srcset=\"http:\/\/imparcialoaxaca.mx\/wp-content\/uploads\/2018\/03\/Las-oportunidades-copia.jpg 820w, http:\/\/imparcialoaxaca.mx\/wp-content\/uploads\/2018\/03\/Las-oportunidades-copia-300x207.jpg 300w, http:\/\/imparcialoaxaca.mx\/wp-content\/uploads\/2018\/03\/Las-oportunidades-copia-768x530.jpg 768w\" alt=\"\" width=\"820\" height=\"566\" \/><\/p>\n<h2>Inequidad en el trabajo no remunerado<\/h2>\n<p>Entre el sector femenino es recurrente el trabajo no remunerado en el hogar, incluso, cuando participan en el mercado laboral de forma remunerada, la mayor parte de las labores dom\u00e9sticas contin\u00faa recayendo sobre ellas.<\/p>\n<p>De acuerdo con las Naciones Unidas, esta inequidad provoca que las mujeres le dediquen menos tiempo a la educaci\u00f3n, y a la participaci\u00f3n laboral remunerada y pol\u00edtica, aspectos que indudablemente garantizan un mayor empoderamiento y mejores oportunidades de mejorar su calidad de vida.<\/p>\n<p><img loading=\"lazy\" decoding=\"async\" class=\"wp-image-133747 size-full aligncenter\" src=\"http:\/\/imparcialoaxaca.mx\/wp-content\/uploads\/2018\/03\/Mujeres-ind\u00edgenas-copia.jpg\" sizes=\"(max-width: 820px) 100vw, 820px\" srcset=\"http:\/\/imparcialoaxaca.mx\/wp-content\/uploads\/2018\/03\/Mujeres-ind\u00edgenas-copia.jpg 820w, http:\/\/imparcialoaxaca.mx\/wp-content\/uploads\/2018\/03\/Mujeres-ind\u00edgenas-copia-300x207.jpg 300w, http:\/\/imparcialoaxaca.mx\/wp-content\/uploads\/2018\/03\/Mujeres-ind\u00edgenas-copia-768x530.jpg 768w\" alt=\"\" width=\"820\" height=\"566\" \/><\/p>\n<p><a href=\"http:\/\/www.gesmujer.org\/SITIO\/wp-content\/uploads\/\/2018\/03\/obligadas.jpg\"><img loading=\"lazy\" decoding=\"async\" class=\"size-full wp-image-2707 alignnone\" src=\"http:\/\/www.gesmujer.org\/SITIO\/wp-content\/uploads\/\/2018\/03\/obligadas.jpg\" alt=\"\" width=\"820\" height=\"566\" srcset=\"https:\/\/www.gesmujer.org\/sitio\/wp-content\/uploads\/2018\/03\/obligadas.jpg 820w, https:\/\/www.gesmujer.org\/sitio\/wp-content\/uploads\/2018\/03\/obligadas-600x414.jpg 600w, https:\/\/www.gesmujer.org\/sitio\/wp-content\/uploads\/2018\/03\/obligadas-300x207.jpg 300w, https:\/\/www.gesmujer.org\/sitio\/wp-content\/uploads\/2018\/03\/obligadas-768x530.jpg 768w\" sizes=\"(max-width: 820px) 100vw, 820px\" \/><\/a>  <!--codes_iframe--><!--\/codes_iframe--><\/p>\n","protected":false},"excerpt":{"rendered":"<p>Especialistas recalcan que es necesario una alerta de g\u00e9nero para Oaxaca ya que la violencia contra la mujer no cesa. Oaxaca ocupa el segundo lugar a nivel nacional por su alta incidencia de feminicidios y tambi\u00e9n se ubica en los primeros lugares en violencia en el noviazgo, intrafamiliar y pol\u00edtica, por lo cual, voces se [&hellip;]<\/p>\n","protected":false},"author":4,"featured_media":2707,"comment_status":"closed","ping_status":"open","sticky":false,"template":"","format":"standard","meta":{"give_campaign_id":0,"rs_blank_template":"","rs_page_bg_color":"","slide_template_v7":"","footnotes":""},"categories":[3],"tags":[],"class_list":["post-2706","post","type-post","status-publish","format-standard","has-post-thumbnail","hentry","category-portada"],"_links":{"self":[{"href":"https:\/\/www.gesmujer.org\/sitio\/index.php?rest_route=\/wp\/v2\/posts\/2706","targetHints":{"allow":["GET"]}}],"collection":[{"href":"https:\/\/www.gesmujer.org\/sitio\/index.php?rest_route=\/wp\/v2\/posts"}],"about":[{"href":"https:\/\/www.gesmujer.org\/sitio\/index.php?rest_route=\/wp\/v2\/types\/post"}],"author":[{"embeddable":true,"href":"https:\/\/www.gesmujer.org\/sitio\/index.php?rest_route=\/wp\/v2\/users\/4"}],"replies":[{"embeddable":true,"href":"https:\/\/www.gesmujer.org\/sitio\/index.php?rest_route=%2Fwp%2Fv2%2Fcomments&post=2706"}],"version-history":[{"count":5,"href":"https:\/\/www.gesmujer.org\/sitio\/index.php?rest_route=\/wp\/v2\/posts\/2706\/revisions"}],"predecessor-version":[{"id":58627,"href":"https:\/\/www.gesmujer.org\/sitio\/index.php?rest_route=\/wp\/v2\/posts\/2706\/revisions\/58627"}],"wp:featuredmedia":[{"embeddable":true,"href":"https:\/\/www.gesmujer.org\/sitio\/index.php?rest_route=\/wp\/v2\/media\/2707"}],"wp:attachment":[{"href":"https:\/\/www.gesmujer.org\/sitio\/index.php?rest_route=%2Fwp%2Fv2%2Fmedia&parent=2706"}],"wp:term":[{"taxonomy":"category","embeddable":true,"href":"https:\/\/www.gesmujer.org\/sitio\/index.php?rest_route=%2Fwp%2Fv2%2Fcategories&post=2706"},{"taxonomy":"post_tag","embeddable":true,"href":"https:\/\/www.gesmujer.org\/sitio\/index.php?rest_route=%2Fwp%2Fv2%2Ftags&post=2706"}],"curies":[{"name":"wp","href":"https:\/\/api.w.org\/{rel}","templated":true}]}}