{"id":27076,"date":"2022-07-26T09:59:13","date_gmt":"2022-07-26T15:59:13","guid":{"rendered":"https:\/\/www.gesmujer.org\/sitio\/?p=27076"},"modified":"2022-07-26T09:59:16","modified_gmt":"2022-07-26T15:59:16","slug":"oaxaca-exigen-justicia-para-aide-murio-26-dias-despues-de-ser-agredida-con-arma-de-fuego","status":"publish","type":"post","link":"https:\/\/www.gesmujer.org\/sitio\/?p=27076","title":{"rendered":"Oaxaca: Exigen justicia para Aid\u00e9; muri\u00f3 26 d\u00edas despu\u00e9s de ser agredida con arma de fuego"},"content":{"rendered":"\n<p><strong>Diana Manzo, Lunes 25 de Julio del 2022, Aristegui Noticias.- <\/strong>Colectivas y feministas oaxaque\u00f1as exigieron<strong>\u00a0cero impunidad por el Feminicidio de Aid\u00e9 Hern\u00e1ndez,<\/strong>\u00a0qui\u00e9n falleci\u00f3 la ma\u00f1ana de este domingo luego de haber estado 26 d\u00edas hospitalizada por un ataque violento por arma de fuego.<\/p>\n\n\n\n<p>La exigencia de justicia para Aid\u00e9, quien muri\u00f3 a los 58 a\u00f1os de edad, ocurri\u00f3 la tarde de este domingo\u00a0<strong>en las instalaciones de una funeraria en el centro de la capital de Oaxaca.<\/strong><\/p>\n\n\n\n<p>Integrantes de la colectiva \u201cLa Campamenta\u201d y de la Colectiva Jur\u00eddica por la Dignidad Disidente ( Cojudidi) confirmaron el feminicidio y recordaron que el martes 28 de junio,<strong>&nbsp;hombres armados en el Fraccionamiento \u201cEl Rosario\u201d le dispararon a Aid\u00e9 Hern\u00e1ndez<\/strong>&nbsp;hiri\u00e9ndola de gravedad y huyeron sin que hasta el momento haya una persona detenida.<\/p>\n\n\n<div class=\"wp-block-image\">\n<figure class=\"aligncenter\"><img decoding=\"async\" src=\"https:\/\/editorial.aristeguinoticias.com\/wp-content\/uploads\/2022\/07\/comunicado-aide.jpg\" alt=\"\" class=\"wp-image-1197513\"\/><\/figure>\n<\/div>\n\n\n<p><strong>\u201cEl caso de Aid\u00e9 no es un hecho aislado<\/strong>, este sistema sigue neg\u00e1ndonos el derecho a vivir libremente, visten a Oaxaca de Progresista y presumen su Hospitalidad, pero ocultan las cifras que se acumulan de mujeres asesinadas, violentadas, desaparecidas, nosotras no les importamos y eso queda claro\u201d indicaron.<\/p>\n\n\n\n<p>Adem\u00e1s, se\u00f1alaron que no hay propuestas de ra\u00edz que pare esta violencia sistem\u00e1tica, ni del Estado, ni de sus instituciones,\u00a0<strong>sus instancias pro mujer son solo otro lugar para enriquecerse,<\/strong>\u00a0porque no pasan del asistencialismo que poco cambia esta perspectiva machista y mis\u00f3gina.<\/p>\n\n\n\n<p>La Fiscal\u00eda General del Estado de Oaxaca (FGEO) notific\u00f3 a trav\u00e9s de un comunicado que<strong>\u00a0inici\u00f3 una carpeta de investigaci\u00f3n del caso,<\/strong>\u00a0por el delito de tentativa de homicidio en contra de quien o quienes resulten responsables.<\/p>\n\n\n\n<p>Oaxaca de Ju\u00e1rez es uno de los 40 municipios en la entidad donde&nbsp;<strong>existe la alerta de g\u00e9nero desde el 2018,<\/strong>&nbsp;por lo que colectivas oaxaque\u00f1as exigieron un alto a las simulaciones.<\/p>\n\n\n\n<p><strong>\u201cLa violencia est\u00e1 a un lado de nosotrxs y en cualquier momento nos puede llegar\u201d,<\/strong>\u00a0recalcaron.<\/p>\n\n\n\n<p>De acuerdo con la Colectiva Ges Mujer,\u00a0<strong>en este a\u00f1o 78 oaxaque\u00f1as han sido asesinadas,<\/strong>\u00a0siendo la regi\u00f3n del Istmo de Tehuantepec y los Valles Centrales las m\u00e1s violentas para ser mujer.<\/p>\n\n\n\n<p>Fuente: https:\/\/aristeguinoticias.com\/2507\/mexico\/oaxaca-exigen-justicia-para-aide-murio-26-dias-despues-de-ser-baleada\/<\/p>\n","protected":false},"excerpt":{"rendered":"<p>Diana Manzo, Lunes 25 de Julio del 2022, Aristegui Noticias.- Colectivas y feministas oaxaque\u00f1as exigieron\u00a0cero impunidad por el Feminicidio de Aid\u00e9 Hern\u00e1ndez,\u00a0qui\u00e9n falleci\u00f3 la ma\u00f1ana de este domingo luego de haber estado 26 d\u00edas hospitalizada por un ataque violento por arma de fuego. La exigencia de justicia para Aid\u00e9, quien muri\u00f3 a los 58 a\u00f1os [&hellip;]<\/p>\n","protected":false},"author":4,"featured_media":27077,"comment_status":"closed","ping_status":"open","sticky":false,"template":"","format":"standard","meta":{"give_campaign_id":0,"rs_blank_template":"","rs_page_bg_color":"","slide_template_v7":"","footnotes":""},"categories":[575,568,32,3],"tags":[75,58,80,67],"class_list":["post-27076","post","type-post","status-publish","format-standard","has-post-thumbnail","hentry","category-blog","category-monitoreo","category-novedades","category-portada","tag-feminicidios","tag-gesmujer","tag-oaxaca","tag-violencia"],"_links":{"self":[{"href":"https:\/\/www.gesmujer.org\/sitio\/index.php?rest_route=\/wp\/v2\/posts\/27076","targetHints":{"allow":["GET"]}}],"collection":[{"href":"https:\/\/www.gesmujer.org\/sitio\/index.php?rest_route=\/wp\/v2\/posts"}],"about":[{"href":"https:\/\/www.gesmujer.org\/sitio\/index.php?rest_route=\/wp\/v2\/types\/post"}],"author":[{"embeddable":true,"href":"https:\/\/www.gesmujer.org\/sitio\/index.php?rest_route=\/wp\/v2\/users\/4"}],"replies":[{"embeddable":true,"href":"https:\/\/www.gesmujer.org\/sitio\/index.php?rest_route=%2Fwp%2Fv2%2Fcomments&post=27076"}],"version-history":[{"count":1,"href":"https:\/\/www.gesmujer.org\/sitio\/index.php?rest_route=\/wp\/v2\/posts\/27076\/revisions"}],"predecessor-version":[{"id":27078,"href":"https:\/\/www.gesmujer.org\/sitio\/index.php?rest_route=\/wp\/v2\/posts\/27076\/revisions\/27078"}],"wp:featuredmedia":[{"embeddable":true,"href":"https:\/\/www.gesmujer.org\/sitio\/index.php?rest_route=\/wp\/v2\/media\/27077"}],"wp:attachment":[{"href":"https:\/\/www.gesmujer.org\/sitio\/index.php?rest_route=%2Fwp%2Fv2%2Fmedia&parent=27076"}],"wp:term":[{"taxonomy":"category","embeddable":true,"href":"https:\/\/www.gesmujer.org\/sitio\/index.php?rest_route=%2Fwp%2Fv2%2Fcategories&post=27076"},{"taxonomy":"post_tag","embeddable":true,"href":"https:\/\/www.gesmujer.org\/sitio\/index.php?rest_route=%2Fwp%2Fv2%2Ftags&post=27076"}],"curies":[{"name":"wp","href":"https:\/\/api.w.org\/{rel}","templated":true}]}}