{"id":27083,"date":"2022-08-02T14:17:37","date_gmt":"2022-08-02T20:17:37","guid":{"rendered":"https:\/\/www.gesmujer.org\/sitio\/?p=27083"},"modified":"2022-08-02T14:20:44","modified_gmt":"2022-08-02T20:20:44","slug":"preocupa-falta-de-capacidad-de-fiscalia-para-tipificar-el-feminicidio","status":"publish","type":"post","link":"https:\/\/www.gesmujer.org\/sitio\/preocupa-falta-de-capacidad-de-fiscalia-para-tipificar-el-feminicidio\/","title":{"rendered":"Preocupa falta de capacidad de Fiscal\u00eda para tipificar el feminicidio"},"content":{"rendered":"\n<p><strong>Citlalli L\u00f3pez Vel\u00e1squez, S\u00e1bado 30 de Julio del 2022.- <\/strong>Tras el llamado del Congreso de Oaxaca, Arturo Peimbert Calvo comparezca ante la legislatura, la presidenta del Grupo de Estudios Sobre la Mujer Rosario Castellanos (GESMujer), Ang\u00e9lica Ayala Ortiz subray\u00f3 que dentro de este espacio tendr\u00e1 que precisar los datos oficiales de los feminicidios.<\/p>\n\n\n\n<p> <strong>&#8220;Nos preocupa la falta de capacidad en tipificar el delito de feminicidio o m\u00e1s grave a\u00fan, que exista un inter\u00e9s pol\u00edtico en minimizar el problema&#8221;, indic\u00f3<\/strong> <strong>Ang\u00e9lica Ayala Ortiz, Presidenta del GESMujer <\/strong><\/p>\n\n\n\n<p>Arturo Peimbert- dijo- debe comparecer ante el Congreso, pues los resultados de su gesti\u00f3n son cuestionables, los n\u00fameros son alarmantes y cada caso es una ni\u00f1a o mujer a quien se les niega el derecho a vivir libres de todas las formas de violencias y en los casos de feminicidio, son agravios a las familias y a sus comunidades, quienes cada d\u00eda exigen justicia y un alto a la impunidad.<\/p>\n\n\n\n<p><strong>&#8220;El pr\u00f3ximo mes se cumplir\u00e1n cuatro a\u00f1os de la Declaratoria de Alerta por Violencia de G\u00e9nero, desde entonces 445 ni\u00f1as y mujeres han sido v\u00edctimas de feminicidio, que es el indicador de que fallaron los mecanismo de atenci\u00f3n y protecci\u00f3n para garantizar su libertad, integridad y su vida&#8221;, se\u00f1al\u00f3 Ang\u00e9lica Ayala <\/strong><\/p>\n\n\n\n<p>Apunt\u00f3 que por ello es urgente transparentar los procesos de investigaci\u00f3n para los casos de muertes violentas de mujeres, de manera que sea posible valorar p\u00fablicamente los criterios de actuaci\u00f3n de la FGEO. Desde el movimiento feminista, cuestionamos los datos oficiales, nos preocupa la falta de capacidad en tipificar el delito de feminicidio o m\u00e1s grave a\u00fan, que exista un inter\u00e9s pol\u00edtico en minimizar el problema.<\/p>\n\n\n\n<p>En este sentido, consider\u00f3 fundamental que explique cu\u00e1ntos casos se han iniciado bajo la aplicaci\u00f3n de un protocolo acorde al delito de feminicidio y posteriormente se han reclasificado como homicidios dolosos y los criterios utilizados.<\/p>\n\n\n\n<p><strong> Mapeo de los delitos<\/strong><\/p>\n\n\n\n<p>Adem\u00e1s de que presente informaci\u00f3n sobre los avances en las investigaciones, para contar con datos fidedignos acerca del nivel de impunidad.<\/p>\n\n\n\n<p>Pues de acuerdo al seguimiento de los casos de violencia, los procesos de investigaci\u00f3n se ven afectados como consecuencia de negligencia en la integraci\u00f3n de las carpetas de investigaci\u00f3n y cuando se logra que se dicte una orden de aprehensi\u00f3n, se carece de la capacidad para ejecutarla, resalt\u00f3.<\/p>\n\n\n\n<p>De igual manera, tendr\u00e1 que explicar las acciones estrat\u00e9gicas realizadas, que contemplen el mapeo de los delitos cometidos en contra de las mujeres, particularmente feminicidios, homicidios culposos, violencia sexual, desapariciones de ni\u00f1as y mujeres y sus tentativas, al fin de focalizar pol\u00edticas p\u00fablicas de prevenci\u00f3n.<\/p>\n\n\n\n<p><strong>&#8220;Que se expliquen los procesos de monitoreo y evaluaci\u00f3n de resultados de la Fiscal\u00eda Especializada de atenci\u00f3n a delitos por raz\u00f3n de g\u00e9nero, debido a que en el seguimiento a casos, encontrados que desafortunadamente las mujeres se siguen enfrentando a la revictimizaci\u00f3n, a la negligencia, a las omisiones y a las barreras que les impiden acceder a \u00f3rdenes de protecci\u00f3n, peritajes profesionales as\u00ed como anticonceptivos de emergencia en casos de violencia sexual, por citar algunos aspectos&#8221;. recalc\u00f3 Ayala Ortiz del GESMuje<\/strong>r. <\/p>\n\n\n\n<p>Finalmente indic\u00f3 que la comparecencia del FGEO debe presentar de manera urgente un plan atienda la deficiencias detectadas y que se valore si existe la capacidad de atender la responsabilidad que le fue conferida o que renuncie al cargo, debido a que es inadmisible que las ni\u00f1as y mujeres oaxaque\u00f1as sigan pagando con su vida las negligencias y omisiones de los sistemas de procuraci\u00f3n e impartici\u00f3n de justicia. <\/p>\n\n\n\n<p>Fuente:  https:\/\/www.nvinoticias.com\/oaxaca\/general\/preocupa-falta-de-capacidad-de-fiscalia-para-tipificar-el-feminicidio\/134352     <\/p>\n\n\n\n<p>    <\/p>\n","protected":false},"excerpt":{"rendered":"<p>Citlalli L\u00f3pez Vel\u00e1squez, S\u00e1bado 30 de Julio del 2022.- Tras el llamado del Congreso de Oaxaca, Arturo Peimbert Calvo comparezca ante la legislatura, la presidenta del Grupo de Estudios Sobre la Mujer Rosario Castellanos (GESMujer), Ang\u00e9lica Ayala Ortiz subray\u00f3 que dentro de este espacio tendr\u00e1 que precisar los datos oficiales de los feminicidios. &#8220;Nos preocupa [&hellip;]<\/p>\n","protected":false},"author":4,"featured_media":27084,"comment_status":"closed","ping_status":"open","sticky":false,"template":"","format":"standard","meta":{"give_campaign_id":0,"footnotes":""},"categories":[575,568,32,3],"tags":[75,58,80,67],"class_list":["post-27083","post","type-post","status-publish","format-standard","has-post-thumbnail","hentry","category-blog","category-monitoreo","category-novedades","category-portada","tag-feminicidios","tag-gesmujer","tag-oaxaca","tag-violencia"],"yoast_head":"<!-- This site is optimized with the Yoast SEO plugin v27.4 - https:\/\/yoast.com\/product\/yoast-seo-wordpress\/ -->\n<title>Preocupa falta de capacidad de Fiscal\u00eda para tipificar el feminicidio - GESMujer &quot;Rosario Castellanos&quot;<\/title>\n<meta name=\"robots\" content=\"index, follow, max-snippet:-1, max-image-preview:large, max-video-preview:-1\" \/>\n<link rel=\"canonical\" href=\"https:\/\/www.gesmujer.org\/sitio\/preocupa-falta-de-capacidad-de-fiscalia-para-tipificar-el-feminicidio\/\" \/>\n<meta property=\"og:locale\" content=\"es_MX\" \/>\n<meta property=\"og:type\" content=\"article\" \/>\n<meta property=\"og:title\" content=\"Preocupa falta de capacidad de Fiscal\u00eda para tipificar el feminicidio - GESMujer &quot;Rosario Castellanos&quot;\" \/>\n<meta property=\"og:description\" content=\"Citlalli L\u00f3pez Vel\u00e1squez, S\u00e1bado 30 de Julio del 2022.- Tras el llamado del Congreso de Oaxaca, Arturo Peimbert Calvo comparezca ante la legislatura, la presidenta del Grupo de Estudios Sobre la Mujer Rosario Castellanos (GESMujer), Ang\u00e9lica Ayala Ortiz subray\u00f3 que dentro de este espacio tendr\u00e1 que precisar los datos oficiales de los feminicidios. &#8220;Nos preocupa [&hellip;]\" \/>\n<meta property=\"og:url\" content=\"https:\/\/www.gesmujer.org\/sitio\/preocupa-falta-de-capacidad-de-fiscalia-para-tipificar-el-feminicidio\/\" \/>\n<meta property=\"og:site_name\" content=\"GESMujer &quot;Rosario Castellanos&quot;\" \/>\n<meta property=\"article:publisher\" content=\"https:\/\/www.facebook.com\/gesmujer.rosario.castellanos.ac\" \/>\n<meta property=\"article:published_time\" content=\"2022-08-02T20:17:37+00:00\" \/>\n<meta property=\"article:modified_time\" content=\"2022-08-02T20:20:44+00:00\" \/>\n<meta property=\"og:image\" content=\"https:\/\/www.gesmujer.org\/sitio\/wp-content\/uploads\/2022\/08\/descarga-14.jpg\" \/>\n\t<meta property=\"og:image:width\" content=\"276\" \/>\n\t<meta property=\"og:image:height\" content=\"182\" \/>\n\t<meta property=\"og:image:type\" content=\"image\/jpeg\" \/>\n<meta name=\"author\" content=\"cendoc\" \/>\n<meta name=\"twitter:card\" content=\"summary_large_image\" \/>\n<meta name=\"twitter:creator\" content=\"@GES_Mujer\" \/>\n<meta name=\"twitter:site\" content=\"@GES_Mujer\" \/>\n<meta name=\"twitter:label1\" content=\"Escrito por\" \/>\n\t<meta name=\"twitter:data1\" content=\"cendoc\" \/>\n\t<meta name=\"twitter:label2\" content=\"Tiempo de lectura\" \/>\n\t<meta name=\"twitter:data2\" content=\"3 minutos\" \/>\n<script type=\"application\/ld+json\" class=\"yoast-schema-graph\">{\"@context\":\"https:\\\/\\\/schema.org\",\"@graph\":[{\"@type\":\"Article\",\"@id\":\"https:\\\/\\\/www.gesmujer.org\\\/sitio\\\/preocupa-falta-de-capacidad-de-fiscalia-para-tipificar-el-feminicidio\\\/#article\",\"isPartOf\":{\"@id\":\"https:\\\/\\\/www.gesmujer.org\\\/sitio\\\/preocupa-falta-de-capacidad-de-fiscalia-para-tipificar-el-feminicidio\\\/\"},\"author\":{\"name\":\"cendoc\",\"@id\":\"https:\\\/\\\/www.gesmujer.org\\\/sitio\\\/#\\\/schema\\\/person\\\/50e03387f883646c2714c51783a7e288\"},\"headline\":\"Preocupa falta de capacidad de Fiscal\u00eda para tipificar el feminicidio\",\"datePublished\":\"2022-08-02T20:17:37+00:00\",\"dateModified\":\"2022-08-02T20:20:44+00:00\",\"mainEntityOfPage\":{\"@id\":\"https:\\\/\\\/www.gesmujer.org\\\/sitio\\\/preocupa-falta-de-capacidad-de-fiscalia-para-tipificar-el-feminicidio\\\/\"},\"wordCount\":645,\"publisher\":{\"@id\":\"https:\\\/\\\/www.gesmujer.org\\\/sitio\\\/#organization\"},\"image\":{\"@id\":\"https:\\\/\\\/www.gesmujer.org\\\/sitio\\\/preocupa-falta-de-capacidad-de-fiscalia-para-tipificar-el-feminicidio\\\/#primaryimage\"},\"thumbnailUrl\":\"https:\\\/\\\/www.gesmujer.org\\\/sitio\\\/wp-content\\\/uploads\\\/2022\\\/08\\\/descarga-14.jpg\",\"keywords\":[\"Feminicidios\",\"GESMujer\",\"Oaxaca\",\"Violencia\"],\"articleSection\":[\"Blog\",\"MONITOREO\",\"NOTICIAS\",\"portada\"],\"inLanguage\":\"es\"},{\"@type\":\"WebPage\",\"@id\":\"https:\\\/\\\/www.gesmujer.org\\\/sitio\\\/preocupa-falta-de-capacidad-de-fiscalia-para-tipificar-el-feminicidio\\\/\",\"url\":\"https:\\\/\\\/www.gesmujer.org\\\/sitio\\\/preocupa-falta-de-capacidad-de-fiscalia-para-tipificar-el-feminicidio\\\/\",\"name\":\"Preocupa falta de capacidad de Fiscal\u00eda para tipificar el feminicidio - GESMujer &quot;Rosario Castellanos&quot;\",\"isPartOf\":{\"@id\":\"https:\\\/\\\/www.gesmujer.org\\\/sitio\\\/#website\"},\"primaryImageOfPage\":{\"@id\":\"https:\\\/\\\/www.gesmujer.org\\\/sitio\\\/preocupa-falta-de-capacidad-de-fiscalia-para-tipificar-el-feminicidio\\\/#primaryimage\"},\"image\":{\"@id\":\"https:\\\/\\\/www.gesmujer.org\\\/sitio\\\/preocupa-falta-de-capacidad-de-fiscalia-para-tipificar-el-feminicidio\\\/#primaryimage\"},\"thumbnailUrl\":\"https:\\\/\\\/www.gesmujer.org\\\/sitio\\\/wp-content\\\/uploads\\\/2022\\\/08\\\/descarga-14.jpg\",\"datePublished\":\"2022-08-02T20:17:37+00:00\",\"dateModified\":\"2022-08-02T20:20:44+00:00\",\"breadcrumb\":{\"@id\":\"https:\\\/\\\/www.gesmujer.org\\\/sitio\\\/preocupa-falta-de-capacidad-de-fiscalia-para-tipificar-el-feminicidio\\\/#breadcrumb\"},\"inLanguage\":\"es\",\"potentialAction\":[{\"@type\":\"ReadAction\",\"target\":[\"https:\\\/\\\/www.gesmujer.org\\\/sitio\\\/preocupa-falta-de-capacidad-de-fiscalia-para-tipificar-el-feminicidio\\\/\"]}]},{\"@type\":\"ImageObject\",\"inLanguage\":\"es\",\"@id\":\"https:\\\/\\\/www.gesmujer.org\\\/sitio\\\/preocupa-falta-de-capacidad-de-fiscalia-para-tipificar-el-feminicidio\\\/#primaryimage\",\"url\":\"https:\\\/\\\/www.gesmujer.org\\\/sitio\\\/wp-content\\\/uploads\\\/2022\\\/08\\\/descarga-14.jpg\",\"contentUrl\":\"https:\\\/\\\/www.gesmujer.org\\\/sitio\\\/wp-content\\\/uploads\\\/2022\\\/08\\\/descarga-14.jpg\",\"width\":276,\"height\":182},{\"@type\":\"BreadcrumbList\",\"@id\":\"https:\\\/\\\/www.gesmujer.org\\\/sitio\\\/preocupa-falta-de-capacidad-de-fiscalia-para-tipificar-el-feminicidio\\\/#breadcrumb\",\"itemListElement\":[{\"@type\":\"ListItem\",\"position\":1,\"name\":\"Home\",\"item\":\"https:\\\/\\\/www.gesmujer.org\\\/sitio\\\/\"},{\"@type\":\"ListItem\",\"position\":2,\"name\":\"Preocupa falta de capacidad de Fiscal\u00eda para tipificar el feminicidio\"}]},{\"@type\":\"WebSite\",\"@id\":\"https:\\\/\\\/www.gesmujer.org\\\/sitio\\\/#website\",\"url\":\"https:\\\/\\\/www.gesmujer.org\\\/sitio\\\/\",\"name\":\"GESMujer \\\"Rosario Castellanos\\\"\",\"description\":\"M\u00e1s de 45 a\u00f1os ha llevado a cabo acciones para erradicar la violencia de g\u00e9nero y construir entornos donde las mujeres encuentren su resiliencia, incrementen su agencia y autonom\u00eda que les permita lograr su empoderamiento a trav\u00e9s de cinco l\u00edneas de acci\u00f3n.\",\"publisher\":{\"@id\":\"https:\\\/\\\/www.gesmujer.org\\\/sitio\\\/#organization\"},\"alternateName\":\"GESMujer\",\"potentialAction\":[{\"@type\":\"SearchAction\",\"target\":{\"@type\":\"EntryPoint\",\"urlTemplate\":\"https:\\\/\\\/www.gesmujer.org\\\/sitio\\\/?s={search_term_string}\"},\"query-input\":{\"@type\":\"PropertyValueSpecification\",\"valueRequired\":true,\"valueName\":\"search_term_string\"}}],\"inLanguage\":\"es\"},{\"@type\":\"Organization\",\"@id\":\"https:\\\/\\\/www.gesmujer.org\\\/sitio\\\/#organization\",\"name\":\"Grupo de estudios sobre la mujer Rosario Castellanos ac\",\"alternateName\":\"GESMujer\",\"url\":\"https:\\\/\\\/www.gesmujer.org\\\/sitio\\\/\",\"logo\":{\"@type\":\"ImageObject\",\"inLanguage\":\"es\",\"@id\":\"https:\\\/\\\/www.gesmujer.org\\\/sitio\\\/#\\\/schema\\\/logo\\\/image\\\/\",\"url\":\"https:\\\/\\\/www.gesmujer.org\\\/sitio\\\/wp-content\\\/uploads\\\/2026\\\/03\\\/Logo-GESMujer-300.png\",\"contentUrl\":\"https:\\\/\\\/www.gesmujer.org\\\/sitio\\\/wp-content\\\/uploads\\\/2026\\\/03\\\/Logo-GESMujer-300.png\",\"width\":300,\"height\":141,\"caption\":\"Grupo de estudios sobre la mujer Rosario Castellanos ac\"},\"image\":{\"@id\":\"https:\\\/\\\/www.gesmujer.org\\\/sitio\\\/#\\\/schema\\\/logo\\\/image\\\/\"},\"sameAs\":[\"https:\\\/\\\/www.facebook.com\\\/gesmujer.rosario.castellanos.ac\",\"https:\\\/\\\/x.com\\\/GES_Mujer\",\"https:\\\/\\\/www.instagram.com\\\/ges_mujer\\\/?hl=es\",\"https:\\\/\\\/www.youtube.com\\\/c\\\/GESMujerRosarioCastellanos\\\/videos\",\"https:\\\/\\\/soundcloud.com\\\/gesmujerac\",\"https:\\\/\\\/www.tiktok.com\\\/@gesmujer\"]},{\"@type\":\"Person\",\"@id\":\"https:\\\/\\\/www.gesmujer.org\\\/sitio\\\/#\\\/schema\\\/person\\\/50e03387f883646c2714c51783a7e288\",\"name\":\"cendoc\",\"image\":{\"@type\":\"ImageObject\",\"inLanguage\":\"es\",\"@id\":\"https:\\\/\\\/secure.gravatar.com\\\/avatar\\\/2f187338ccb33c33bc1b08e92e2247a6891db221398e12bbc0f5ff0cfc462495?s=96&d=mm&r=g\",\"url\":\"https:\\\/\\\/secure.gravatar.com\\\/avatar\\\/2f187338ccb33c33bc1b08e92e2247a6891db221398e12bbc0f5ff0cfc462495?s=96&d=mm&r=g\",\"contentUrl\":\"https:\\\/\\\/secure.gravatar.com\\\/avatar\\\/2f187338ccb33c33bc1b08e92e2247a6891db221398e12bbc0f5ff0cfc462495?s=96&d=mm&r=g\",\"caption\":\"cendoc\"},\"sameAs\":[\"http:\\\/\\\/gesmujer.org\"],\"url\":\"https:\\\/\\\/www.gesmujer.org\\\/sitio\\\/author\\\/cendoc\\\/\"}]}<\/script>\n<!-- \/ Yoast SEO plugin. -->","yoast_head_json":{"title":"Preocupa falta de capacidad de Fiscal\u00eda para tipificar el feminicidio - GESMujer &quot;Rosario Castellanos&quot;","robots":{"index":"index","follow":"follow","max-snippet":"max-snippet:-1","max-image-preview":"max-image-preview:large","max-video-preview":"max-video-preview:-1"},"canonical":"https:\/\/www.gesmujer.org\/sitio\/preocupa-falta-de-capacidad-de-fiscalia-para-tipificar-el-feminicidio\/","og_locale":"es_MX","og_type":"article","og_title":"Preocupa falta de capacidad de Fiscal\u00eda para tipificar el feminicidio - GESMujer &quot;Rosario Castellanos&quot;","og_description":"Citlalli L\u00f3pez Vel\u00e1squez, S\u00e1bado 30 de Julio del 2022.- Tras el llamado del Congreso de Oaxaca, Arturo Peimbert Calvo comparezca ante la legislatura, la presidenta del Grupo de Estudios Sobre la Mujer Rosario Castellanos (GESMujer), Ang\u00e9lica Ayala Ortiz subray\u00f3 que dentro de este espacio tendr\u00e1 que precisar los datos oficiales de los feminicidios. &#8220;Nos preocupa [&hellip;]","og_url":"https:\/\/www.gesmujer.org\/sitio\/preocupa-falta-de-capacidad-de-fiscalia-para-tipificar-el-feminicidio\/","og_site_name":"GESMujer &quot;Rosario Castellanos&quot;","article_publisher":"https:\/\/www.facebook.com\/gesmujer.rosario.castellanos.ac","article_published_time":"2022-08-02T20:17:37+00:00","article_modified_time":"2022-08-02T20:20:44+00:00","og_image":[{"width":276,"height":182,"url":"https:\/\/www.gesmujer.org\/sitio\/wp-content\/uploads\/2022\/08\/descarga-14.jpg","type":"image\/jpeg"}],"author":"cendoc","twitter_card":"summary_large_image","twitter_creator":"@GES_Mujer","twitter_site":"@GES_Mujer","twitter_misc":{"Escrito por":"cendoc","Tiempo de lectura":"3 minutos"},"schema":{"@context":"https:\/\/schema.org","@graph":[{"@type":"Article","@id":"https:\/\/www.gesmujer.org\/sitio\/preocupa-falta-de-capacidad-de-fiscalia-para-tipificar-el-feminicidio\/#article","isPartOf":{"@id":"https:\/\/www.gesmujer.org\/sitio\/preocupa-falta-de-capacidad-de-fiscalia-para-tipificar-el-feminicidio\/"},"author":{"name":"cendoc","@id":"https:\/\/www.gesmujer.org\/sitio\/#\/schema\/person\/50e03387f883646c2714c51783a7e288"},"headline":"Preocupa falta de capacidad de Fiscal\u00eda para tipificar el feminicidio","datePublished":"2022-08-02T20:17:37+00:00","dateModified":"2022-08-02T20:20:44+00:00","mainEntityOfPage":{"@id":"https:\/\/www.gesmujer.org\/sitio\/preocupa-falta-de-capacidad-de-fiscalia-para-tipificar-el-feminicidio\/"},"wordCount":645,"publisher":{"@id":"https:\/\/www.gesmujer.org\/sitio\/#organization"},"image":{"@id":"https:\/\/www.gesmujer.org\/sitio\/preocupa-falta-de-capacidad-de-fiscalia-para-tipificar-el-feminicidio\/#primaryimage"},"thumbnailUrl":"https:\/\/www.gesmujer.org\/sitio\/wp-content\/uploads\/2022\/08\/descarga-14.jpg","keywords":["Feminicidios","GESMujer","Oaxaca","Violencia"],"articleSection":["Blog","MONITOREO","NOTICIAS","portada"],"inLanguage":"es"},{"@type":"WebPage","@id":"https:\/\/www.gesmujer.org\/sitio\/preocupa-falta-de-capacidad-de-fiscalia-para-tipificar-el-feminicidio\/","url":"https:\/\/www.gesmujer.org\/sitio\/preocupa-falta-de-capacidad-de-fiscalia-para-tipificar-el-feminicidio\/","name":"Preocupa falta de capacidad de Fiscal\u00eda para tipificar el feminicidio - GESMujer &quot;Rosario Castellanos&quot;","isPartOf":{"@id":"https:\/\/www.gesmujer.org\/sitio\/#website"},"primaryImageOfPage":{"@id":"https:\/\/www.gesmujer.org\/sitio\/preocupa-falta-de-capacidad-de-fiscalia-para-tipificar-el-feminicidio\/#primaryimage"},"image":{"@id":"https:\/\/www.gesmujer.org\/sitio\/preocupa-falta-de-capacidad-de-fiscalia-para-tipificar-el-feminicidio\/#primaryimage"},"thumbnailUrl":"https:\/\/www.gesmujer.org\/sitio\/wp-content\/uploads\/2022\/08\/descarga-14.jpg","datePublished":"2022-08-02T20:17:37+00:00","dateModified":"2022-08-02T20:20:44+00:00","breadcrumb":{"@id":"https:\/\/www.gesmujer.org\/sitio\/preocupa-falta-de-capacidad-de-fiscalia-para-tipificar-el-feminicidio\/#breadcrumb"},"inLanguage":"es","potentialAction":[{"@type":"ReadAction","target":["https:\/\/www.gesmujer.org\/sitio\/preocupa-falta-de-capacidad-de-fiscalia-para-tipificar-el-feminicidio\/"]}]},{"@type":"ImageObject","inLanguage":"es","@id":"https:\/\/www.gesmujer.org\/sitio\/preocupa-falta-de-capacidad-de-fiscalia-para-tipificar-el-feminicidio\/#primaryimage","url":"https:\/\/www.gesmujer.org\/sitio\/wp-content\/uploads\/2022\/08\/descarga-14.jpg","contentUrl":"https:\/\/www.gesmujer.org\/sitio\/wp-content\/uploads\/2022\/08\/descarga-14.jpg","width":276,"height":182},{"@type":"BreadcrumbList","@id":"https:\/\/www.gesmujer.org\/sitio\/preocupa-falta-de-capacidad-de-fiscalia-para-tipificar-el-feminicidio\/#breadcrumb","itemListElement":[{"@type":"ListItem","position":1,"name":"Home","item":"https:\/\/www.gesmujer.org\/sitio\/"},{"@type":"ListItem","position":2,"name":"Preocupa falta de capacidad de Fiscal\u00eda para tipificar el feminicidio"}]},{"@type":"WebSite","@id":"https:\/\/www.gesmujer.org\/sitio\/#website","url":"https:\/\/www.gesmujer.org\/sitio\/","name":"GESMujer \"Rosario Castellanos\"","description":"M\u00e1s de 45 a\u00f1os ha llevado a cabo acciones para erradicar la violencia de g\u00e9nero y construir entornos donde las mujeres encuentren su resiliencia, incrementen su agencia y autonom\u00eda que les permita lograr su empoderamiento a trav\u00e9s de cinco l\u00edneas de acci\u00f3n.","publisher":{"@id":"https:\/\/www.gesmujer.org\/sitio\/#organization"},"alternateName":"GESMujer","potentialAction":[{"@type":"SearchAction","target":{"@type":"EntryPoint","urlTemplate":"https:\/\/www.gesmujer.org\/sitio\/?s={search_term_string}"},"query-input":{"@type":"PropertyValueSpecification","valueRequired":true,"valueName":"search_term_string"}}],"inLanguage":"es"},{"@type":"Organization","@id":"https:\/\/www.gesmujer.org\/sitio\/#organization","name":"Grupo de estudios sobre la mujer Rosario Castellanos ac","alternateName":"GESMujer","url":"https:\/\/www.gesmujer.org\/sitio\/","logo":{"@type":"ImageObject","inLanguage":"es","@id":"https:\/\/www.gesmujer.org\/sitio\/#\/schema\/logo\/image\/","url":"https:\/\/www.gesmujer.org\/sitio\/wp-content\/uploads\/2026\/03\/Logo-GESMujer-300.png","contentUrl":"https:\/\/www.gesmujer.org\/sitio\/wp-content\/uploads\/2026\/03\/Logo-GESMujer-300.png","width":300,"height":141,"caption":"Grupo de estudios sobre la mujer Rosario Castellanos ac"},"image":{"@id":"https:\/\/www.gesmujer.org\/sitio\/#\/schema\/logo\/image\/"},"sameAs":["https:\/\/www.facebook.com\/gesmujer.rosario.castellanos.ac","https:\/\/x.com\/GES_Mujer","https:\/\/www.instagram.com\/ges_mujer\/?hl=es","https:\/\/www.youtube.com\/c\/GESMujerRosarioCastellanos\/videos","https:\/\/soundcloud.com\/gesmujerac","https:\/\/www.tiktok.com\/@gesmujer"]},{"@type":"Person","@id":"https:\/\/www.gesmujer.org\/sitio\/#\/schema\/person\/50e03387f883646c2714c51783a7e288","name":"cendoc","image":{"@type":"ImageObject","inLanguage":"es","@id":"https:\/\/secure.gravatar.com\/avatar\/2f187338ccb33c33bc1b08e92e2247a6891db221398e12bbc0f5ff0cfc462495?s=96&d=mm&r=g","url":"https:\/\/secure.gravatar.com\/avatar\/2f187338ccb33c33bc1b08e92e2247a6891db221398e12bbc0f5ff0cfc462495?s=96&d=mm&r=g","contentUrl":"https:\/\/secure.gravatar.com\/avatar\/2f187338ccb33c33bc1b08e92e2247a6891db221398e12bbc0f5ff0cfc462495?s=96&d=mm&r=g","caption":"cendoc"},"sameAs":["http:\/\/gesmujer.org"],"url":"https:\/\/www.gesmujer.org\/sitio\/author\/cendoc\/"}]}},"_links":{"self":[{"href":"https:\/\/www.gesmujer.org\/sitio\/wp-json\/wp\/v2\/posts\/27083","targetHints":{"allow":["GET"]}}],"collection":[{"href":"https:\/\/www.gesmujer.org\/sitio\/wp-json\/wp\/v2\/posts"}],"about":[{"href":"https:\/\/www.gesmujer.org\/sitio\/wp-json\/wp\/v2\/types\/post"}],"author":[{"embeddable":true,"href":"https:\/\/www.gesmujer.org\/sitio\/wp-json\/wp\/v2\/users\/4"}],"replies":[{"embeddable":true,"href":"https:\/\/www.gesmujer.org\/sitio\/wp-json\/wp\/v2\/comments?post=27083"}],"version-history":[{"count":2,"href":"https:\/\/www.gesmujer.org\/sitio\/wp-json\/wp\/v2\/posts\/27083\/revisions"}],"predecessor-version":[{"id":27087,"href":"https:\/\/www.gesmujer.org\/sitio\/wp-json\/wp\/v2\/posts\/27083\/revisions\/27087"}],"wp:featuredmedia":[{"embeddable":true,"href":"https:\/\/www.gesmujer.org\/sitio\/wp-json\/wp\/v2\/media\/27084"}],"wp:attachment":[{"href":"https:\/\/www.gesmujer.org\/sitio\/wp-json\/wp\/v2\/media?parent=27083"}],"wp:term":[{"taxonomy":"category","embeddable":true,"href":"https:\/\/www.gesmujer.org\/sitio\/wp-json\/wp\/v2\/categories?post=27083"},{"taxonomy":"post_tag","embeddable":true,"href":"https:\/\/www.gesmujer.org\/sitio\/wp-json\/wp\/v2\/tags?post=27083"}],"curies":[{"name":"wp","href":"https:\/\/api.w.org\/{rel}","templated":true}]}}