{"id":27195,"date":"2022-08-03T11:41:51","date_gmt":"2022-08-03T17:41:51","guid":{"rendered":"https:\/\/www.gesmujer.org\/sitio\/?p=27195"},"modified":"2022-08-03T11:41:53","modified_gmt":"2022-08-03T17:41:53","slug":"oaxaca-registra-87-feminicidios-en-lo-que-va-del-ano-asesinan-a-cinco-mujeres-en-48-horas","status":"publish","type":"post","link":"https:\/\/www.gesmujer.org\/sitio\/?p=27195","title":{"rendered":"Oaxaca registra 87 feminicidios en lo que va del a\u00f1o; asesinan a cinco mujeres en 48 horas"},"content":{"rendered":"\n<p><strong>Pedro Mat\u00edas, Mi\u00e9rcoles 03 de Agosto del 2022, Proceso.- <\/strong>La violencia feminicida en Oaxaca sigue incontenible luego que en menos de 48 horas fueron asesinadas cinco mujeres con lo que suman 87 feminicidios en lo que va del a\u00f1o, seg\u00fan el informe de muertes violentas del Grupo de Estudios Sobre la Mujer \u201cRosario Castellanos\u201d(GESMujer).<\/p>\n\n\n\n<p>En las \u00faltimas horas, Mar\u00eda Elena S. C., de 48 a\u00f1os de edad; Edith Castro B., de 42 a\u00f1os; Amelia L. S., de 56 a\u00f1os; Carmen N., de 36 a\u00f1os de edad; y G. H., de 37 a\u00f1os de edad, son las mujeres que pasaron a formar parte de las estad\u00edsticas de mujeres asesinadas en el gobierno del priista Alejandro Murat Hinojosa.<\/p>\n\n\n\n<p>La Fiscal\u00eda General inici\u00f3 la carpeta de investigaci\u00f3n 26376\/FMIX\/NOCHIXTL\u00c1N\/2022 por el ataque armado perpetrado alrededor de las 13:00 horas del s\u00e1bado 30 de julio en&nbsp;la Agencia de Hermenegildo Galeana, perteneciente al municipio de Santiago Tilantongo, donde fue emboscada una camioneta de pasaje en la que viajaban habitantes de Santa Cruz Mitlatongo.<\/p>\n\n\n\n<p>En el ataque armado murieron cuatro personas, entre ellas, Mar\u00eda Elena S. C., de 48 a\u00f1os de edad; Edith Castro B., de 42 a\u00f1os; Amelia L. S., de 56 a\u00f1os, adem\u00e1s resultaron lesionadas con arma de fuego otras cuatro personas quienes fueron internadas en el Hospital Comunitario de Asunci\u00f3n Nochixtl\u00e1n.<\/p>\n\n\n\n<p>Mientras que en la madrugada del domingo 31 de julio, en el municipio de Tlacolula de Matamoros, ubicado en los Valles Centrales de Oaxaca, se registr\u00f3 otro hecho violento donde fue asesinada Carmen N., de 36 a\u00f1os de edad, y result\u00f3 lesionado Alexander, de 26 a\u00f1os.<\/p>\n\n\n\n<p>Y el lunes 1 de agosto, fue asesinada G. H., de 37 a\u00f1os de edad, en el municipio de Pinotepa de Don Luis, en la regi\u00f3n de la Costa.<\/p>\n\n\n\n<p>Con los recientes cr\u00edmenes de mujeres, suman 671 v\u00edctimas durante el sexenio, seg\u00fan el recuento de la organizaci\u00f3n feminista Consorcio para el Di\u00e1logo Parlamentario y la Equidad en Oaxaca.<\/p>\n\n\n\n<p>Por su parte, desde el Congreso local se aprob\u00f3 el punto de acuerdo propuesto por la Comisi\u00f3n Permanente de Igualdad de G\u00e9nero y aprobado por el Pleno con 28 votos a favor donde exigieron al fiscal general de Oaxaca, Arturo Peimbert Calvo, garantizar la justicia a mujeres en cada regi\u00f3n por lo que solicita que las carpetas de investigaci\u00f3n en los delitos contra las mujeres, se integren en las propias regiones y no sean remitidas a la ciudad de Oaxaca.<\/p>\n\n\n\n<p>D e acuerdo con lo se\u00f1alado por la diputada Lizbeth Anaid Concha Ojeda, en este territorio de Oaxaca donde la violencia en contra de las mujeres es cr\u00edtica, principalmente la de tipo familiar, a las carpetas de investigaci\u00f3n no se les da seguimiento en la zona, sino son remitidas a la ciudad de Oaxaca, lo que obstaculiza el acceso a la justicia.<\/p>\n\n\n\n<p>Resaltaron que en Oaxaca, el 29.1% de las mujeres no denuncia por considerarlo una p\u00e9rdida de tiempo y un 15.9% desconf\u00eda de las autoridades, de acuerdo con datos de la Encuesta Nacional de Victimizaci\u00f3n y Percepci\u00f3n sobre Seguridad P\u00fablica (ENVIPE).<\/p>\n\n\n\n<p>Por tal motivo, se exhorta al Fiscal General tomar las previsiones administrativas necesarias para que las carpetas de investigaci\u00f3n en los delitos contra las mujeres, se integren en las propias regiones y no sean remitidas a la ciudad Oaxaca, a fin de asegurar el acceso a la justicia a este sector.<\/p>\n\n\n\n<p>Fuente: https:\/\/www.proceso.com.mx\/nacional\/2022\/8\/3\/oaxaca-registra-87-feminicidios-en-lo-que-va-del-ano-asesinan-cinco-mujeres-en-48-horas-290802.html<\/p>\n","protected":false},"excerpt":{"rendered":"<p>Pedro Mat\u00edas, Mi\u00e9rcoles 03 de Agosto del 2022, Proceso.- La violencia feminicida en Oaxaca sigue incontenible luego que en menos de 48 horas fueron asesinadas cinco mujeres con lo que suman 87 feminicidios en lo que va del a\u00f1o, seg\u00fan el informe de muertes violentas del Grupo de Estudios Sobre la Mujer \u201cRosario Castellanos\u201d(GESMujer). En [&hellip;]<\/p>\n","protected":false},"author":4,"featured_media":27199,"comment_status":"closed","ping_status":"open","sticky":false,"template":"","format":"standard","meta":{"footnotes":""},"categories":[575,32,3],"tags":[75,58,80,67],"class_list":["post-27195","post","type-post","status-publish","format-standard","has-post-thumbnail","hentry","category-blog","category-novedades","category-portada","tag-feminicidios","tag-gesmujer","tag-oaxaca","tag-violencia"],"_links":{"self":[{"href":"https:\/\/www.gesmujer.org\/sitio\/index.php?rest_route=\/wp\/v2\/posts\/27195","targetHints":{"allow":["GET"]}}],"collection":[{"href":"https:\/\/www.gesmujer.org\/sitio\/index.php?rest_route=\/wp\/v2\/posts"}],"about":[{"href":"https:\/\/www.gesmujer.org\/sitio\/index.php?rest_route=\/wp\/v2\/types\/post"}],"author":[{"embeddable":true,"href":"https:\/\/www.gesmujer.org\/sitio\/index.php?rest_route=\/wp\/v2\/users\/4"}],"replies":[{"embeddable":true,"href":"https:\/\/www.gesmujer.org\/sitio\/index.php?rest_route=%2Fwp%2Fv2%2Fcomments&post=27195"}],"version-history":[{"count":1,"href":"https:\/\/www.gesmujer.org\/sitio\/index.php?rest_route=\/wp\/v2\/posts\/27195\/revisions"}],"predecessor-version":[{"id":27200,"href":"https:\/\/www.gesmujer.org\/sitio\/index.php?rest_route=\/wp\/v2\/posts\/27195\/revisions\/27200"}],"wp:featuredmedia":[{"embeddable":true,"href":"https:\/\/www.gesmujer.org\/sitio\/index.php?rest_route=\/wp\/v2\/media\/27199"}],"wp:attachment":[{"href":"https:\/\/www.gesmujer.org\/sitio\/index.php?rest_route=%2Fwp%2Fv2%2Fmedia&parent=27195"}],"wp:term":[{"taxonomy":"category","embeddable":true,"href":"https:\/\/www.gesmujer.org\/sitio\/index.php?rest_route=%2Fwp%2Fv2%2Fcategories&post=27195"},{"taxonomy":"post_tag","embeddable":true,"href":"https:\/\/www.gesmujer.org\/sitio\/index.php?rest_route=%2Fwp%2Fv2%2Ftags&post=27195"}],"curies":[{"name":"wp","href":"https:\/\/api.w.org\/{rel}","templated":true}]}}