{"id":27266,"date":"2022-08-16T11:37:30","date_gmt":"2022-08-16T17:37:30","guid":{"rendered":"https:\/\/www.gesmujer.org\/sitio\/?p=27266"},"modified":"2022-08-16T11:37:33","modified_gmt":"2022-08-16T17:37:33","slug":"oaxaca-registra-4-casos-de-mujeres-privadas-de-la-vida-durante-agosto","status":"publish","type":"post","link":"https:\/\/www.gesmujer.org\/sitio\/?p=27266","title":{"rendered":"Oaxaca registra 4 casos de mujeres privadas de la vida durante agosto"},"content":{"rendered":"\n<p><strong>Citlalli L\u00f3pez Vel\u00e1squez, Mi\u00e9rcoles 16 de agosto del 2022, NVINOTICIAS .- <\/strong>Con el asesinato de M\u00f3nica en Mixtequilla, suman cuatro mujeres privadas de la vida durante agosto. En lo que va del 2022 han sido contabilizadas 90, el 28 por ciento de los casos registrados en la regi\u00f3n del Istmo, siendo la zona de mayor riesgo para las mujeres en Oaxaca.<\/p>\n\n\n\n<blockquote class=\"wp-block-quote is-layout-flow wp-block-quote-is-layout-flow\"><p>&#8220;La regi\u00f3n del Istmo, se mantiene como la zona de mayor riesgo para la vida de las ni\u00f1as y mujeres de Oaxaca. Con la m\u00e1s reciente muerte violenta en Santa Mar\u00eda Mixtequilla de una mujer en su hogar, se ha superado el registro de feminicidios del 2021, pues en el 2022 ya se han acumulado 90 lamentables casos, frente a los 87 con los que se cerr\u00f3 el a\u00f1o anterior&#8221;, se\u00f1al\u00f3 la presidenta del Grupo de Estudios Sobre la Mujer Rosario Castellanos (GESMujer), Ang\u00e9lica Ayala Ortiz.<\/p><\/blockquote>\n\n\n\n<p>En el an\u00e1lisis realizado por la organizaci\u00f3n feminista, basada en su monitoreo, detalla que el primer lugar en el cual las mujeres y ni\u00f1as han sido v\u00edctimas de violencia extrema, con un 36% ha sido en su propia casa, e increment\u00e1ndose cada d\u00eda las muertes violentas por impacto de bala, con un 78% de los casos.<\/p>\n\n\n\n<blockquote class=\"wp-block-quote is-layout-flow wp-block-quote-is-layout-flow\"><p>&#8220;Frente a esta indignante situaci\u00f3n, se urge a las instancias encargadas de la prevenci\u00f3n, atenci\u00f3n y sanci\u00f3n de todas las formas de violencias hacia las ni\u00f1as y mujeres, a atender a una de las recomendaciones de la declaratoria de alerta por violencia de g\u00e9nero: Realizar un mapeo de las condiciones del contexto social en las que ocurren estas violencias&#8221; pidi\u00f3 la presidenta del GESMujer, Ang\u00e9lica Ayala.<\/p><\/blockquote>\n\n\n\n<p><strong>En la regi\u00f3n del Istmo- abund\u00f3- hay dos indicadores claros sobre los cuales hay que hacer una revisi\u00f3n puntual: &#8220;los feminicidios ocurren en las casas y con armas de fuego, lo que implica hacer un diagn\u00f3stico de las deficiencias que enfrentan las instancias oficiales, los programas federales, estatales y municipales que tiene dentro de sus responsabilidades atender la grave problem\u00e1tica de violencia que se vive en la regi\u00f3n&#8221;.<\/strong><\/p>\n\n\n\n<p>Agreg\u00f3 que uno de los principales problemas identificados ha sido la falta de mecanismos de coordinaci\u00f3n para prevenir y atender las violencias, lo que genera que las mujeres pierdan valioso tiempo recorriendo diferentes oficinas, sin lograr una atenci\u00f3n resolutiva.<\/p>\n\n\n\n<p> En materia de sanci\u00f3n, el problema es la impunidad, dado que no se garantiza una investigaci\u00f3n adecuada, profesional y con perspectiva de g\u00e9nero, lo que limita la posibilidad de integrar carpetas que lleven a la sanci\u00f3n de quienes ejercen violencias, incluyendo la violencia feminicida, sostuvo.<\/p>\n\n\n\n<blockquote class=\"wp-block-quote is-layout-flow wp-block-quote-is-layout-flow\"><p>&#8220;La administraci\u00f3n de Alejandro Murat, a punto de concluir deja una deuda invaluable de 672 v\u00edctimas de violencia feminicida, sus familias, comunidades y sociedad en general, exigimos justicia y alto a la impunidad&#8221;. resalt\u00f3 Ang\u00e9lica Ayala Ortiz presidenta del GESMujer.<\/p><\/blockquote>\n\n\n\n<p>Peligro en el hogar, 36% ha sido v\u00edctima en su propia casa.<\/p>\n\n\n\n<p>Fuente: https:\/\/www.nvinoticias.com\/oaxaca\/general\/oaxaca-registra-4-casos-de-mujeres-privadas-de-la-vida-durante-agosto\/135060<\/p>\n","protected":false},"excerpt":{"rendered":"<p>Citlalli L\u00f3pez Vel\u00e1squez, Mi\u00e9rcoles 16 de agosto del 2022, NVINOTICIAS .- Con el asesinato de M\u00f3nica en Mixtequilla, suman cuatro mujeres privadas de la vida durante agosto. En lo que va del 2022 han sido contabilizadas 90, el 28 por ciento de los casos registrados en la regi\u00f3n del Istmo, siendo la zona de mayor [&hellip;]<\/p>\n","protected":false},"author":4,"featured_media":27267,"comment_status":"closed","ping_status":"open","sticky":false,"template":"","format":"standard","meta":{"give_campaign_id":0,"rs_blank_template":"","rs_page_bg_color":"","slide_template_v7":"","footnotes":""},"categories":[575,568,91,3],"tags":[75,58,80,67],"class_list":["post-27266","post","type-post","status-publish","format-standard","has-post-thumbnail","hentry","category-blog","category-monitoreo","category-notas","category-portada","tag-feminicidios","tag-gesmujer","tag-oaxaca","tag-violencia"],"_links":{"self":[{"href":"https:\/\/www.gesmujer.org\/sitio\/index.php?rest_route=\/wp\/v2\/posts\/27266","targetHints":{"allow":["GET"]}}],"collection":[{"href":"https:\/\/www.gesmujer.org\/sitio\/index.php?rest_route=\/wp\/v2\/posts"}],"about":[{"href":"https:\/\/www.gesmujer.org\/sitio\/index.php?rest_route=\/wp\/v2\/types\/post"}],"author":[{"embeddable":true,"href":"https:\/\/www.gesmujer.org\/sitio\/index.php?rest_route=\/wp\/v2\/users\/4"}],"replies":[{"embeddable":true,"href":"https:\/\/www.gesmujer.org\/sitio\/index.php?rest_route=%2Fwp%2Fv2%2Fcomments&post=27266"}],"version-history":[{"count":1,"href":"https:\/\/www.gesmujer.org\/sitio\/index.php?rest_route=\/wp\/v2\/posts\/27266\/revisions"}],"predecessor-version":[{"id":27268,"href":"https:\/\/www.gesmujer.org\/sitio\/index.php?rest_route=\/wp\/v2\/posts\/27266\/revisions\/27268"}],"wp:featuredmedia":[{"embeddable":true,"href":"https:\/\/www.gesmujer.org\/sitio\/index.php?rest_route=\/wp\/v2\/media\/27267"}],"wp:attachment":[{"href":"https:\/\/www.gesmujer.org\/sitio\/index.php?rest_route=%2Fwp%2Fv2%2Fmedia&parent=27266"}],"wp:term":[{"taxonomy":"category","embeddable":true,"href":"https:\/\/www.gesmujer.org\/sitio\/index.php?rest_route=%2Fwp%2Fv2%2Fcategories&post=27266"},{"taxonomy":"post_tag","embeddable":true,"href":"https:\/\/www.gesmujer.org\/sitio\/index.php?rest_route=%2Fwp%2Fv2%2Ftags&post=27266"}],"curies":[{"name":"wp","href":"https:\/\/api.w.org\/{rel}","templated":true}]}}