{"id":27269,"date":"2022-08-16T12:04:47","date_gmt":"2022-08-16T18:04:47","guid":{"rendered":"https:\/\/www.gesmujer.org\/sitio\/?p=27269"},"modified":"2022-08-16T12:04:49","modified_gmt":"2022-08-16T18:04:49","slug":"a-presuntos-asesinos-de-estela-los-ubicaron-feministas-ahora-familia-lucha-en-oaxaca-para-que-no-queden-impunes","status":"publish","type":"post","link":"https:\/\/www.gesmujer.org\/sitio\/?p=27269","title":{"rendered":"A presuntos asesinos de Estela los ubicaron feministas, ahora familia lucha en Oaxaca para que no queden impunes"},"content":{"rendered":"\n<p><strong>Christian Jim\u00e9nez, Viernes 12 de agosto del 2022, El Universal.- <\/strong>El 27 de noviembre de 2019 fue la \u00faltima vez que la hija y el resto de la familia de\u00a0<strong>Estela Rojas Pe\u00f1a<\/strong>\u00a0supieron de ella, despu\u00e9s de que sali\u00f3 de casa para ver a un cliente en\u00a0<strong>Santa Mar\u00eda El Tule<\/strong>.<\/p>\n\n\n\n<p>D\u00edas despu\u00e9s, el cuerpo de Estela fue hallado en&nbsp;<strong>Zimatl\u00e1n de \u00c1lvarez<\/strong>, Valles Centrales. Por el homicidio calificado de Estela hay dos detenidos que enfrentan desde el 4 de agosto una audiencia final; su familia espera la pena m\u00e1xima para los presuntos responsables.<\/p>\n\n\n\n<p>En entrevista con EL UNIVERSAL, Elizabeth Rojas Pe\u00f1a, hermana de Estela, cuenta que desde hace tres a\u00f1os la vida de su familia cambi\u00f3 de manera radical, pues enfrentan a un sistema en el que la justicia para las mujeres no llega.<\/p>\n\n\n\n<figure class=\"wp-block-image\"><img decoding=\"async\" src=\"https:\/\/oaxaca.eluniversal.com.mx\/sites\/default\/files\/u24137\/estela_2.jpg\" alt=\"estela_2.jpg\"\/><\/figure>\n\n\n\n<p>Grupos feministas como&nbsp;<strong>Consorcio para el Di\u00e1logo Parlamentario y la Equidad&nbsp;<\/strong>apuntan que en M\u00e9xico la impunidad en los casos de violencia para las mujeres alcanza 95%.<\/p>\n\n\n\n<p>Estela ten\u00eda 38 a\u00f1os y era originaria de Huazolotitl\u00e1n, Pinotepa Nacional; al igual que sus hermanos, abandon\u00f3 su comunidad para acudir a estudiar Contadur\u00eda en la Universidad Aut\u00f3noma Benito Ju\u00e1rez de Oaxaca (UABJO).&nbsp;<\/p>\n\n\n\n<p>\u201cMi pap\u00e1 es carpintero y mi mam\u00e1 costurera. Mi hermana era una persona tranquila, quer\u00eda vivir y&nbsp; tener un hijo, porque los doctores le dijeron que no pod\u00eda\u201d, dice Elizabeth Rojas, quien agrega que su hermana fue diagnosticada desde los 16 a\u00f1os con artritis juvenil, enfermedad degenerativa.<\/p>\n\n\n\n<h2 class=\"wp-block-heading\">Iba a una reuni\u00f3n de trabajo<\/h2>\n\n\n\n<p>Su hermana recuerda que el d\u00eda de su desaparici\u00f3n tuvo contacto con Estela a lo largo de la tarde, pero despu\u00e9s de las 17:00 horas su celular fue apagado.&nbsp;<\/p>\n\n\n\n<p>El 27 de noviembre, la contadora fue a una reuni\u00f3n para acordar el pago de un dinero que le deb\u00eda Armando N., quien acudi\u00f3 con su chofer, Joel N.; sin embargo, ambas personas volvieron a la ciudad y afirmaron no saber nada de ella.&nbsp;<\/p>\n\n\n\n<p>La camioneta de Estela fue hallada&nbsp; el&nbsp;<strong>29 de noviembre<\/strong>&nbsp;con los vidrios estrellados&nbsp; y sin sus pertenencias; el mismo d\u00eda, la polic\u00eda&nbsp; avis\u00f3 a la familia que un cuerpo fue encontrado en el puente de&nbsp;<strong>Valdeflores, Zimatl\u00e1n<\/strong>. Fue Elizabeth quien identific\u00f3 a su hermana.<\/p>\n\n\n\n<figure class=\"wp-block-image\"><img decoding=\"async\" src=\"https:\/\/oaxaca.eluniversal.com.mx\/sites\/default\/files\/u24137\/estela_1.jpg\" alt=\"estela_1.jpg\"\/><\/figure>\n\n\n\n<p>La fiscal\u00eda determin\u00f3 que Estela<strong>&nbsp;fue asesinada<\/strong>&nbsp;el d\u00eda en el que sali\u00f3 de su casa,&nbsp;<strong>entre las 4:20 y las 4:30 pm<\/strong>. La autopsia se\u00f1al\u00f3 que la causa de muerte fueron golpes.<\/p>\n\n\n\n<p>La asesora legal de la familia Rojas Pe\u00f1a, Miriam del Rayo Alonso, puntualiza que se recuperaron videos de negocios, del C4 y pruebas circunstanciales entre las que se enlistan llamadas, muestras de ADN, entrevistas y fotograf\u00edas, por las que se pudo determinar la presunta responsabilidad de Armando N. y Joel N.<\/p>\n\n\n\n<p>Fue la Fiscal\u00eda de G\u00e9nero de Valles Centrales, mediante las investigaciones que encabez\u00f3 la comandante Elizabeth Torrija, quien recab\u00f3 las pruebas y llev\u00f3 el caso a la vicefiscal\u00eda de la regi\u00f3n, en donde se liberaron las \u00f3rdenes de aprehensi\u00f3n.<\/p>\n\n\n\n<h2 class=\"wp-block-heading\">Activistas, factor clave<\/h2>\n\n\n\n<p><strong>Joel N.<\/strong>&nbsp;fue detenido el 7 de octubre de 2020;&nbsp;<strong>Armando N.<\/strong>, quien huy\u00f3 y cambi\u00f3 su apariencia, fue aprehendido el 20 de mayo de 2021 en Canc\u00fan, gracias a la colaboraci\u00f3n activa de colectivas feministas de&nbsp;<strong>Quintana Roo y Oaxaca<\/strong>. Ellas aportaron datos suficientes para que la fiscal\u00eda de ese estado localizara a uno de los&nbsp; presuntos responsables del crimen, una de las&nbsp;<strong>135 muertes violentas de mujeres&nbsp;<\/strong>que el Grupo de Estudios Sobre la Mujer Rosario Castellanos contabiliz\u00f3 en 2019 en Oaxaca.<\/p>\n\n\n\n<p>Aunque la fiscal\u00eda local consider\u00f3 el delito como feminicidio, el Tribunal Superior de Justicia del Estado de Oaxaca (TSJO) lo reclasific\u00f3 como homicidio calificado.<\/p>\n\n\n\n<figure class=\"wp-block-image\"><img decoding=\"async\" src=\"https:\/\/oaxaca.eluniversal.com.mx\/sites\/default\/files\/u24137\/estela_3.jpg\" alt=\"estela_3.jpg\"\/><\/figure>\n\n\n\n<p>De los 146 cr\u00edmenes contra mujeres registrados por la FGEO en 2019, s\u00f3lo 29 fueron tipificados como feminicidio, mientras que 117 se consideraron homicidio; uno de \u00e9stos es el de Estela.<\/p>\n\n\n\n<p>\u201cLe pedimos al Tribunal que juzgue con objetividad. Y a las personas que conocen a Armando N. y Joel N., que si son v\u00edctimas de alg\u00fan delito cometido por ellos, se acerquen\u201d, dice Elizabeth, en espera de justicia para su hermana.<\/p>\n\n\n\n<p>Fuente: https:\/\/oaxaca.eluniversal.com.mx\/sociedad\/presuntos-asesinos-de-estela-los-ubicaron-feministas-ahora-familia-lucha-en-oaxaca-para-que<\/p>\n","protected":false},"excerpt":{"rendered":"<p>Christian Jim\u00e9nez, Viernes 12 de agosto del 2022, El Universal.- El 27 de noviembre de 2019 fue la \u00faltima vez que la hija y el resto de la familia de\u00a0Estela Rojas Pe\u00f1a\u00a0supieron de ella, despu\u00e9s de que sali\u00f3 de casa para ver a un cliente en\u00a0Santa Mar\u00eda El Tule. D\u00edas despu\u00e9s, el cuerpo de Estela [&hellip;]<\/p>\n","protected":false},"author":4,"featured_media":27270,"comment_status":"closed","ping_status":"open","sticky":false,"template":"","format":"standard","meta":{"give_campaign_id":0,"rs_blank_template":"","rs_page_bg_color":"","slide_template_v7":"","footnotes":""},"categories":[575,568,32],"tags":[75,58,80,67],"class_list":["post-27269","post","type-post","status-publish","format-standard","has-post-thumbnail","hentry","category-blog","category-monitoreo","category-novedades","tag-feminicidios","tag-gesmujer","tag-oaxaca","tag-violencia"],"_links":{"self":[{"href":"https:\/\/www.gesmujer.org\/sitio\/index.php?rest_route=\/wp\/v2\/posts\/27269","targetHints":{"allow":["GET"]}}],"collection":[{"href":"https:\/\/www.gesmujer.org\/sitio\/index.php?rest_route=\/wp\/v2\/posts"}],"about":[{"href":"https:\/\/www.gesmujer.org\/sitio\/index.php?rest_route=\/wp\/v2\/types\/post"}],"author":[{"embeddable":true,"href":"https:\/\/www.gesmujer.org\/sitio\/index.php?rest_route=\/wp\/v2\/users\/4"}],"replies":[{"embeddable":true,"href":"https:\/\/www.gesmujer.org\/sitio\/index.php?rest_route=%2Fwp%2Fv2%2Fcomments&post=27269"}],"version-history":[{"count":1,"href":"https:\/\/www.gesmujer.org\/sitio\/index.php?rest_route=\/wp\/v2\/posts\/27269\/revisions"}],"predecessor-version":[{"id":27271,"href":"https:\/\/www.gesmujer.org\/sitio\/index.php?rest_route=\/wp\/v2\/posts\/27269\/revisions\/27271"}],"wp:featuredmedia":[{"embeddable":true,"href":"https:\/\/www.gesmujer.org\/sitio\/index.php?rest_route=\/wp\/v2\/media\/27270"}],"wp:attachment":[{"href":"https:\/\/www.gesmujer.org\/sitio\/index.php?rest_route=%2Fwp%2Fv2%2Fmedia&parent=27269"}],"wp:term":[{"taxonomy":"category","embeddable":true,"href":"https:\/\/www.gesmujer.org\/sitio\/index.php?rest_route=%2Fwp%2Fv2%2Fcategories&post=27269"},{"taxonomy":"post_tag","embeddable":true,"href":"https:\/\/www.gesmujer.org\/sitio\/index.php?rest_route=%2Fwp%2Fv2%2Ftags&post=27269"}],"curies":[{"name":"wp","href":"https:\/\/api.w.org\/{rel}","templated":true}]}}