{"id":27391,"date":"2022-08-30T10:30:15","date_gmt":"2022-08-30T16:30:15","guid":{"rendered":"https:\/\/www.gesmujer.org\/sitio\/?p=27391"},"modified":"2022-08-30T10:30:18","modified_gmt":"2022-08-30T16:30:18","slug":"demanda-congreso-garantizar-justicia-por-crimenes-contra-mujeres-en-oaxaca","status":"publish","type":"post","link":"https:\/\/www.gesmujer.org\/sitio\/?p=27391","title":{"rendered":"Demanda Congreso garantizar justicia por cr\u00edmenes contra mujeres en Oaxaca"},"content":{"rendered":"\n<p><strong>Viernes 26 de Agosto del 20022 ,Staff Estado Actual, EstadoActual.-<\/strong> El Congreso local le exigi\u00f3 a la Fiscal\u00eda General del Estado el esclarecimiento de la muerte de Abigail Hay Urrutia, quien fue hallada sin vida dentro de la c\u00e1rcel municipal de Salina Cruz; as\u00ed como garantizar a la familia de la v\u00edctima el acceso a la justicia.<\/p>\n\n\n\n<p>De acuerdo con el reporte policial, la joven fue detenida por polic\u00edas municipales de Salina Cruz el 19 de agosto de 2022 por faltas administrativas; tres horas despu\u00e9s fue localizada muerta dentro de la c\u00e1rcel de este municipio de la regi\u00f3n del Istmo de Tehuantepec.<\/p>\n\n\n\n<p>Al respecto, el pleno de la 65 Legislatura local aprob\u00f3 dos puntos de acuerdo con 32 y 30 votos, mediante los cuales exhorta al Fiscal de Oaxaca a desarrollar una investigaci\u00f3n con el protocolo correspondiente para garantizar a los familiares de la v\u00edctima el derecho a la justicia.<\/p>\n\n\n\n<p>Asimismo, pidi\u00f3 que se reconozcan como v\u00edctimas indirectas a los hijos y padres de la persona hallada muerta, para que se les brinde una atenci\u00f3n integral.<\/p>\n\n\n\n<p>En este sentido, tambi\u00e9n demand\u00f3 a la Defensor\u00eda de los Derechos Humanos del Pueblo de Oaxaca (DDHPO) dictar los acuerdos necesarios para que la autoridad municipal informe sobre la actuaci\u00f3n e intervenci\u00f3n de la Polic\u00eda Municipal.<\/p>\n\n\n\n<p>Adem\u00e1s, exigi\u00f3 al edil de ese municipio istme\u00f1o nombrar al titular de la Comisar\u00eda y Director de Seguridad P\u00fablica Municipal, conforme al art\u00edculo 53 de la Ley Estatal del Sistema de Seguridad P\u00fablica de Oaxaca.<\/p>\n\n\n\n<p>En el estado, de acuerdo con el Grupo de Estudios sobre la Mujer \u201cRosario Castellanos\u201d (GESMujer), durante el actual sexenio del gobierno estatal se contabilizan 673 posible feminicidios; en lo que va de este 2022, suman 91 mujeres asesinadas.<\/p>\n\n\n\n<p>Sobre la violencia de g\u00e9nero, desde el Poder Legislativo tambi\u00e9n se demand\u00f3 justicia por la desaparici\u00f3n de mujeres, como el caso de la joven identificada con las iniciales Z.L.M.L., quien fue vista por \u00faltima vez en octubre de 2020 en Huajuapan de Le\u00f3n, en la regi\u00f3n de la Mixteca.<\/p>\n\n\n\n<p>Fuente: https:\/\/estadoactual.com\/demanda-congreso-garantizar-justicia-por-crimenes-contra-mujeres-en-oaxaca\/<\/p>\n","protected":false},"excerpt":{"rendered":"<p>Viernes 26 de Agosto del 20022 ,Staff Estado Actual, EstadoActual.- El Congreso local le exigi\u00f3 a la Fiscal\u00eda General del Estado el esclarecimiento de la muerte de Abigail Hay Urrutia, quien fue hallada sin vida dentro de la c\u00e1rcel municipal de Salina Cruz; as\u00ed como garantizar a la familia de la v\u00edctima el acceso a [&hellip;]<\/p>\n","protected":false},"author":4,"featured_media":27392,"comment_status":"closed","ping_status":"open","sticky":false,"template":"","format":"standard","meta":{"give_campaign_id":0,"rs_blank_template":"","rs_page_bg_color":"","slide_template_v7":"","footnotes":""},"categories":[575,32,3],"tags":[43,60,75,58,42,80,67],"class_list":["post-27391","post","type-post","status-publish","format-standard","has-post-thumbnail","hentry","category-blog","category-novedades","category-portada","tag-derechos","tag-derechos-mujeres","tag-feminicidios","tag-gesmujer","tag-mujeres","tag-oaxaca","tag-violencia"],"_links":{"self":[{"href":"https:\/\/www.gesmujer.org\/sitio\/index.php?rest_route=\/wp\/v2\/posts\/27391","targetHints":{"allow":["GET"]}}],"collection":[{"href":"https:\/\/www.gesmujer.org\/sitio\/index.php?rest_route=\/wp\/v2\/posts"}],"about":[{"href":"https:\/\/www.gesmujer.org\/sitio\/index.php?rest_route=\/wp\/v2\/types\/post"}],"author":[{"embeddable":true,"href":"https:\/\/www.gesmujer.org\/sitio\/index.php?rest_route=\/wp\/v2\/users\/4"}],"replies":[{"embeddable":true,"href":"https:\/\/www.gesmujer.org\/sitio\/index.php?rest_route=%2Fwp%2Fv2%2Fcomments&post=27391"}],"version-history":[{"count":1,"href":"https:\/\/www.gesmujer.org\/sitio\/index.php?rest_route=\/wp\/v2\/posts\/27391\/revisions"}],"predecessor-version":[{"id":27393,"href":"https:\/\/www.gesmujer.org\/sitio\/index.php?rest_route=\/wp\/v2\/posts\/27391\/revisions\/27393"}],"wp:featuredmedia":[{"embeddable":true,"href":"https:\/\/www.gesmujer.org\/sitio\/index.php?rest_route=\/wp\/v2\/media\/27392"}],"wp:attachment":[{"href":"https:\/\/www.gesmujer.org\/sitio\/index.php?rest_route=%2Fwp%2Fv2%2Fmedia&parent=27391"}],"wp:term":[{"taxonomy":"category","embeddable":true,"href":"https:\/\/www.gesmujer.org\/sitio\/index.php?rest_route=%2Fwp%2Fv2%2Fcategories&post=27391"},{"taxonomy":"post_tag","embeddable":true,"href":"https:\/\/www.gesmujer.org\/sitio\/index.php?rest_route=%2Fwp%2Fv2%2Ftags&post=27391"}],"curies":[{"name":"wp","href":"https:\/\/api.w.org\/{rel}","templated":true}]}}