{"id":27404,"date":"2022-09-01T10:30:38","date_gmt":"2022-09-01T16:30:38","guid":{"rendered":"https:\/\/www.gesmujer.org\/sitio\/?p=27404"},"modified":"2022-09-01T10:30:41","modified_gmt":"2022-09-01T16:30:41","slug":"con-guelaguetza-de-la-salud-de-las-mujeres-arranca-gesmujer-campana-de-recaudacion-de-fondos-en-oaxaca","status":"publish","type":"post","link":"https:\/\/www.gesmujer.org\/sitio\/?p=27404","title":{"rendered":"Con Guelaguetza de la salud de las mujeres, arranca GESMujer campa\u00f1a de recaudaci\u00f3n de fondos en Oaxaca"},"content":{"rendered":"\n<p><strong>Christian Jim\u00e9nez, Mi\u00e9rcoles 31 de agosto del 2022, El Universal Oaxaca.- <\/strong> El\u00a0<strong>Grupo de Estudios Sobre la Mujer (GESMujer)<\/strong>, \u201cRosario Castellanos\u201d, anunci\u00f3 el inicio de su campa\u00f1a de procuraci\u00f3n de fondos 2022, que busca transformar realidades injustas en oportunidades de desarrollo, afirm\u00f3 la presidenta de la organizaci\u00f3n, Ang\u00e9lica Ayala Ortiz.<\/p>\n\n\n\n<p>Este a\u00f1o, la organizaci\u00f3n con 45 a\u00f1os de trayectoria se traz\u00f3 la meta de recaudar<strong>&nbsp;un mill\u00f3n de pesos<\/strong>, para los cuales se estableci\u00f3 como&nbsp;<strong>l\u00edmite el 22 de diciembre<\/strong>, fecha en la que culmina la campa\u00f1a.<\/p>\n\n\n\n<p>Explic\u00f3 que la campa\u00f1a que arranca hoy, comenz\u00f3 con la Guelaguetza de la salud de las mujeres, un espacio para compartir saberes y buenas pr\u00e1cticas, orientadas a la salud f\u00edsica, sexual, mental y emocional de las mujeres, en coordinaci\u00f3n con Mexfam, los Servicios de Salud, Coesida y el Instituto Mexicano del Seguro Social, que otorgan servicios gratuitos.<\/p>\n\n\n\n<p>\u201cEsta iniciativa nos permite conocer que la suma de voluntades va marcando la diferencia\u201d, dijo la presidenta de la organizaci\u00f3n que realiza acciones para prevenir y erradicar la violencia de g\u00e9nero en Oaxaca.<\/p>\n\n\n\n<p>En esta ocasi\u00f3n, el GESMujer retom\u00f3 la idea de las mayordom\u00edas y nombr\u00f3 a Aleida Ruiz Sosa, la aliada de este a\u00f1o. Aleida es una reconocida bailarina y activista, quien se ha pronunciado en m\u00faltiples ocasiones contra el matrimonio infantil y la violencia contra las mujeres.<\/p>\n\n\n\n<p>A la conferencia de prensa tambi\u00e9n asistieron: la fot\u00f3grafa, Judith Romero y la activista, Estela Nolasco, quienes representaron y promovieron la campa\u00f1a durante 2021.<\/p>\n\n\n\n<p>En un video que se proyect\u00f3 durante la presentaci\u00f3n de la campa\u00f1a, Aleida mencion\u00f3 el tema del matrimonio infantil, uno de los que, apunt\u00f3, son preocupantes en Oaxaca, lo que le motiv\u00f3 a sumarse a la iniciativa de GESMujer.<\/p>\n\n\n\n<p>\u00a0Los fondos para la campa\u00f1a 2022 se reciben de manera directa en el GESMujer, pero tambi\u00e9n a trav\u00e9s de transferencias, pagos por Paypal y dep\u00f3sitos bancarios.<\/p>\n\n\n\n<p>Fuente: https:\/\/oaxaca.eluniversal.com.mx\/sociedad\/con-guelaguetza-de-la-salud-de-las-mujeres-arranca-gesmujer-campana-de-recaudacion-de<\/p>\n","protected":false},"excerpt":{"rendered":"<p>Christian Jim\u00e9nez, Mi\u00e9rcoles 31 de agosto del 2022, El Universal Oaxaca.- El\u00a0Grupo de Estudios Sobre la Mujer (GESMujer), \u201cRosario Castellanos\u201d, anunci\u00f3 el inicio de su campa\u00f1a de procuraci\u00f3n de fondos 2022, que busca transformar realidades injustas en oportunidades de desarrollo, afirm\u00f3 la presidenta de la organizaci\u00f3n, Ang\u00e9lica Ayala Ortiz. Este a\u00f1o, la organizaci\u00f3n con 45 [&hellip;]<\/p>\n","protected":false},"author":4,"featured_media":27405,"comment_status":"closed","ping_status":"open","sticky":false,"template":"","format":"standard","meta":{"give_campaign_id":0,"rs_blank_template":"","rs_page_bg_color":"","slide_template_v7":"","footnotes":""},"categories":[575,64,91,32,3],"tags":[60,63,58,39,42,77,80],"class_list":["post-27404","post","type-post","status-publish","format-standard","has-post-thumbnail","hentry","category-blog","category-procuracion","category-notas","category-novedades","category-portada","tag-derechos-mujeres","tag-equidad-de-genero","tag-gesmujer","tag-igualdad","tag-mujeres","tag-mujeres-indigenas","tag-oaxaca"],"_links":{"self":[{"href":"https:\/\/www.gesmujer.org\/sitio\/index.php?rest_route=\/wp\/v2\/posts\/27404","targetHints":{"allow":["GET"]}}],"collection":[{"href":"https:\/\/www.gesmujer.org\/sitio\/index.php?rest_route=\/wp\/v2\/posts"}],"about":[{"href":"https:\/\/www.gesmujer.org\/sitio\/index.php?rest_route=\/wp\/v2\/types\/post"}],"author":[{"embeddable":true,"href":"https:\/\/www.gesmujer.org\/sitio\/index.php?rest_route=\/wp\/v2\/users\/4"}],"replies":[{"embeddable":true,"href":"https:\/\/www.gesmujer.org\/sitio\/index.php?rest_route=%2Fwp%2Fv2%2Fcomments&post=27404"}],"version-history":[{"count":1,"href":"https:\/\/www.gesmujer.org\/sitio\/index.php?rest_route=\/wp\/v2\/posts\/27404\/revisions"}],"predecessor-version":[{"id":27406,"href":"https:\/\/www.gesmujer.org\/sitio\/index.php?rest_route=\/wp\/v2\/posts\/27404\/revisions\/27406"}],"wp:featuredmedia":[{"embeddable":true,"href":"https:\/\/www.gesmujer.org\/sitio\/index.php?rest_route=\/wp\/v2\/media\/27405"}],"wp:attachment":[{"href":"https:\/\/www.gesmujer.org\/sitio\/index.php?rest_route=%2Fwp%2Fv2%2Fmedia&parent=27404"}],"wp:term":[{"taxonomy":"category","embeddable":true,"href":"https:\/\/www.gesmujer.org\/sitio\/index.php?rest_route=%2Fwp%2Fv2%2Fcategories&post=27404"},{"taxonomy":"post_tag","embeddable":true,"href":"https:\/\/www.gesmujer.org\/sitio\/index.php?rest_route=%2Fwp%2Fv2%2Ftags&post=27404"}],"curies":[{"name":"wp","href":"https:\/\/api.w.org\/{rel}","templated":true}]}}