{"id":27441,"date":"2022-09-02T10:55:22","date_gmt":"2022-09-02T16:55:22","guid":{"rendered":"https:\/\/www.gesmujer.org\/sitio\/?p=27441"},"modified":"2022-09-02T10:55:24","modified_gmt":"2022-09-02T16:55:24","slug":"susana-otra-victima-de-feminicidio-en-oaxaca","status":"publish","type":"post","link":"https:\/\/www.gesmujer.org\/sitio\/susana-otra-victima-de-feminicidio-en-oaxaca\/","title":{"rendered":"Susana, otra v\u00edctima de feminicidio en Oaxaca"},"content":{"rendered":"\n<p><strong>Jueves 01 de Septiembre del 2022, Lupita Thomas, Quadrat\u00edn Oaxaca.- <\/strong>Susana es otra v\u00edctima de feminicidio en Oaxaca. Ten\u00eda apenas tres meses de casada y muri\u00f3, despu\u00e9s de recibir una golpiza por parte de su esposo.<\/p>\n\n\n\n<p>Jhovani, el presunto feminicida, qued\u00f3 a disposici\u00f3n del juez, para investigar las causas de la muerte.<\/p>\n\n\n\n<p>La noticia del fallecimiento estremeci\u00f3 a San Agust\u00edn de las Juntas, donde viv\u00eda el matrimonio.<\/p>\n\n\n\n<p>Ella era profesora, originaria de Santiago Amoltepec, una comunidad ind\u00edgena de la Sierra Sur de Oaxaca. \u00c9l era miembro de las fuerzas armadas, personal de la Secretar\u00eda de la Defensa Nacional (Sedena).<\/p>\n\n\n\n<p>El lunes 29 de agosto, Jhovani la golpe\u00f3, seg\u00fan cuentan los vecinos. Pero por la ma\u00f1ana del martes, Susana pidi\u00f3 ayuda justificando que se hab\u00eda ca\u00eddo.<\/p>\n\n\n\n<p>Param\u00e9dicos municipales de San Jacinto Amilpas acudieron, sin embargo, al hacer la revisi\u00f3n notaron que los golpes fueron hechos por un tercero y no en una ca\u00edda como mencion\u00f3.<\/p>\n\n\n\n<p>El esposo qued\u00f3 sujeto a investigaci\u00f3n, debido a que tambi\u00e9n presentaba golpes, aunque no lesiones que pusieran en riesgo su vida.<\/p>\n\n\n\n<p>La profesora fuera trasladada al hospital Presidente Ju\u00e1rez del ISSSTE, donde muri\u00f3 a consecuencia de los golpes, seg\u00fan determinaron como causa del fallecimiento.<\/p>\n\n\n\n<p>Las autoridades municipales cuentan con antecedentes de violencia, pues hab\u00edan recibido denuncias verbales e intervenido en ese lapso del matrimonio.<\/p>\n\n\n\n<p>El domicilio que compart\u00eda el matrimonio qued\u00f3 asegurado.<\/p>\n\n\n\n<p>La violencia feminicida en Oaxaca ha cobrado varias vidas en esta semana. Una mujer y su hija fueron asesinadas en Santa Mar\u00eda Mixtequilla; otra mujer fue asesinada a balazos en la Central de Abasto y Susana muri\u00f3 a consecuencia de los golpes.<\/p>\n\n\n\n<p>Recientemente el caso de Abigail ocurri\u00f3 en los separos de la polic\u00eda municipal de Salina Cruz y sigue el proceso de investigaci\u00f3n, pues la autoridad no ha determinado lo que sucedi\u00f3 con su muerte.<\/p>\n\n\n\n<p>GESMujer inform\u00f3 que la declatoria de alerta por violencia de g\u00e9nero en 40 municipios de Oaxaca ha fracasado para enfrentar y erradicar la violencia de g\u00e9nero.<\/p>\n\n\n\n<p>Su manifestaci\u00f3n m\u00e1s grave, la violencia feminicida, sigue ocurriendo.<\/p>\n\n\n\n<p>En Oaxaca, 676 ni\u00f1as y mujeres han sido v\u00edctimas de asesinatos violentos, de los cuales 461 han ocurrido despu\u00e9s de la declaratoria de alerta por violencia de g\u00e9nero.<\/p>\n\n\n\n<p>Las regiones m\u00e1s violentas son el Istmo, la Costa y los Valles Centrales, donde est\u00e1 ubicado el municipio de San Agust\u00edn de las juntas.<\/p>\n\n\n\n<p>Fuente: <a href=\"https:\/\/www.nvinoticias.com\/roja\/delitos\/profesora-en-oaxaca-fallece-tras-ser-atacada-golpes-por-su-esposo\/135811\">https:\/\/www.nvinoticias.com\/roja\/delitos\/profesora-en-oaxaca-fallece-tras-ser-atacada-golpes-por-su-esposo\/135811<\/a><\/p>\n","protected":false},"excerpt":{"rendered":"<p>Jueves 01 de Septiembre del 2022, Lupita Thomas, Quadrat\u00edn Oaxaca.- Susana es otra v\u00edctima de feminicidio en Oaxaca. Ten\u00eda apenas tres meses de casada y muri\u00f3, despu\u00e9s de recibir una golpiza por parte de su esposo. Jhovani, el presunto feminicida, qued\u00f3 a disposici\u00f3n del juez, para investigar las causas de la muerte. La noticia del [&hellip;]<\/p>\n","protected":false},"author":4,"featured_media":27442,"comment_status":"closed","ping_status":"open","sticky":false,"template":"","format":"standard","meta":{"give_campaign_id":0,"footnotes":""},"categories":[575,568,32,3],"tags":[75,58,80,67],"class_list":["post-27441","post","type-post","status-publish","format-standard","has-post-thumbnail","hentry","category-blog","category-monitoreo","category-novedades","category-portada","tag-feminicidios","tag-gesmujer","tag-oaxaca","tag-violencia"],"yoast_head":"<!-- This site is optimized with the Yoast SEO plugin v27.4 - https:\/\/yoast.com\/product\/yoast-seo-wordpress\/ -->\n<title>Susana, otra v\u00edctima de feminicidio en Oaxaca - GESMujer &quot;Rosario Castellanos&quot;<\/title>\n<meta name=\"robots\" content=\"index, follow, max-snippet:-1, max-image-preview:large, max-video-preview:-1\" \/>\n<link rel=\"canonical\" href=\"https:\/\/www.gesmujer.org\/sitio\/susana-otra-victima-de-feminicidio-en-oaxaca\/\" \/>\n<meta property=\"og:locale\" content=\"es_MX\" \/>\n<meta property=\"og:type\" content=\"article\" \/>\n<meta property=\"og:title\" content=\"Susana, otra v\u00edctima de feminicidio en Oaxaca - GESMujer &quot;Rosario Castellanos&quot;\" \/>\n<meta property=\"og:description\" content=\"Jueves 01 de Septiembre del 2022, Lupita Thomas, Quadrat\u00edn Oaxaca.- Susana es otra v\u00edctima de feminicidio en Oaxaca. Ten\u00eda apenas tres meses de casada y muri\u00f3, despu\u00e9s de recibir una golpiza por parte de su esposo. Jhovani, el presunto feminicida, qued\u00f3 a disposici\u00f3n del juez, para investigar las causas de la muerte. La noticia del [&hellip;]\" \/>\n<meta property=\"og:url\" content=\"https:\/\/www.gesmujer.org\/sitio\/susana-otra-victima-de-feminicidio-en-oaxaca\/\" \/>\n<meta property=\"og:site_name\" content=\"GESMujer &quot;Rosario Castellanos&quot;\" \/>\n<meta property=\"article:publisher\" content=\"https:\/\/www.facebook.com\/gesmujer.rosario.castellanos.ac\" \/>\n<meta property=\"article:published_time\" content=\"2022-09-02T16:55:22+00:00\" \/>\n<meta property=\"article:modified_time\" content=\"2022-09-02T16:55:24+00:00\" \/>\n<meta property=\"og:image\" content=\"https:\/\/www.gesmujer.org\/sitio\/wp-content\/uploads\/2022\/09\/femincidio-susana.png\" \/>\n\t<meta property=\"og:image:width\" content=\"900\" \/>\n\t<meta property=\"og:image:height\" content=\"560\" \/>\n\t<meta property=\"og:image:type\" content=\"image\/png\" \/>\n<meta name=\"author\" content=\"cendoc\" \/>\n<meta name=\"twitter:card\" content=\"summary_large_image\" \/>\n<meta name=\"twitter:creator\" content=\"@GES_Mujer\" \/>\n<meta name=\"twitter:site\" content=\"@GES_Mujer\" \/>\n<meta name=\"twitter:label1\" content=\"Escrito por\" \/>\n\t<meta name=\"twitter:data1\" content=\"cendoc\" \/>\n\t<meta name=\"twitter:label2\" content=\"Tiempo de lectura\" \/>\n\t<meta name=\"twitter:data2\" content=\"2 minutos\" \/>\n<script type=\"application\/ld+json\" class=\"yoast-schema-graph\">{\"@context\":\"https:\\\/\\\/schema.org\",\"@graph\":[{\"@type\":\"Article\",\"@id\":\"https:\\\/\\\/www.gesmujer.org\\\/sitio\\\/susana-otra-victima-de-feminicidio-en-oaxaca\\\/#article\",\"isPartOf\":{\"@id\":\"https:\\\/\\\/www.gesmujer.org\\\/sitio\\\/susana-otra-victima-de-feminicidio-en-oaxaca\\\/\"},\"author\":{\"name\":\"cendoc\",\"@id\":\"https:\\\/\\\/www.gesmujer.org\\\/sitio\\\/#\\\/schema\\\/person\\\/50e03387f883646c2714c51783a7e288\"},\"headline\":\"Susana, otra v\u00edctima de feminicidio en Oaxaca\",\"datePublished\":\"2022-09-02T16:55:22+00:00\",\"dateModified\":\"2022-09-02T16:55:24+00:00\",\"mainEntityOfPage\":{\"@id\":\"https:\\\/\\\/www.gesmujer.org\\\/sitio\\\/susana-otra-victima-de-feminicidio-en-oaxaca\\\/\"},\"wordCount\":435,\"publisher\":{\"@id\":\"https:\\\/\\\/www.gesmujer.org\\\/sitio\\\/#organization\"},\"image\":{\"@id\":\"https:\\\/\\\/www.gesmujer.org\\\/sitio\\\/susana-otra-victima-de-feminicidio-en-oaxaca\\\/#primaryimage\"},\"thumbnailUrl\":\"https:\\\/\\\/www.gesmujer.org\\\/sitio\\\/wp-content\\\/uploads\\\/2022\\\/09\\\/femincidio-susana.png\",\"keywords\":[\"Feminicidios\",\"GESMujer\",\"Oaxaca\",\"Violencia\"],\"articleSection\":[\"Blog\",\"MONITOREO\",\"NOTICIAS\",\"portada\"],\"inLanguage\":\"es\"},{\"@type\":\"WebPage\",\"@id\":\"https:\\\/\\\/www.gesmujer.org\\\/sitio\\\/susana-otra-victima-de-feminicidio-en-oaxaca\\\/\",\"url\":\"https:\\\/\\\/www.gesmujer.org\\\/sitio\\\/susana-otra-victima-de-feminicidio-en-oaxaca\\\/\",\"name\":\"Susana, otra v\u00edctima de feminicidio en Oaxaca - GESMujer &quot;Rosario Castellanos&quot;\",\"isPartOf\":{\"@id\":\"https:\\\/\\\/www.gesmujer.org\\\/sitio\\\/#website\"},\"primaryImageOfPage\":{\"@id\":\"https:\\\/\\\/www.gesmujer.org\\\/sitio\\\/susana-otra-victima-de-feminicidio-en-oaxaca\\\/#primaryimage\"},\"image\":{\"@id\":\"https:\\\/\\\/www.gesmujer.org\\\/sitio\\\/susana-otra-victima-de-feminicidio-en-oaxaca\\\/#primaryimage\"},\"thumbnailUrl\":\"https:\\\/\\\/www.gesmujer.org\\\/sitio\\\/wp-content\\\/uploads\\\/2022\\\/09\\\/femincidio-susana.png\",\"datePublished\":\"2022-09-02T16:55:22+00:00\",\"dateModified\":\"2022-09-02T16:55:24+00:00\",\"breadcrumb\":{\"@id\":\"https:\\\/\\\/www.gesmujer.org\\\/sitio\\\/susana-otra-victima-de-feminicidio-en-oaxaca\\\/#breadcrumb\"},\"inLanguage\":\"es\",\"potentialAction\":[{\"@type\":\"ReadAction\",\"target\":[\"https:\\\/\\\/www.gesmujer.org\\\/sitio\\\/susana-otra-victima-de-feminicidio-en-oaxaca\\\/\"]}]},{\"@type\":\"ImageObject\",\"inLanguage\":\"es\",\"@id\":\"https:\\\/\\\/www.gesmujer.org\\\/sitio\\\/susana-otra-victima-de-feminicidio-en-oaxaca\\\/#primaryimage\",\"url\":\"https:\\\/\\\/www.gesmujer.org\\\/sitio\\\/wp-content\\\/uploads\\\/2022\\\/09\\\/femincidio-susana.png\",\"contentUrl\":\"https:\\\/\\\/www.gesmujer.org\\\/sitio\\\/wp-content\\\/uploads\\\/2022\\\/09\\\/femincidio-susana.png\",\"width\":900,\"height\":560},{\"@type\":\"BreadcrumbList\",\"@id\":\"https:\\\/\\\/www.gesmujer.org\\\/sitio\\\/susana-otra-victima-de-feminicidio-en-oaxaca\\\/#breadcrumb\",\"itemListElement\":[{\"@type\":\"ListItem\",\"position\":1,\"name\":\"Home\",\"item\":\"https:\\\/\\\/www.gesmujer.org\\\/sitio\\\/\"},{\"@type\":\"ListItem\",\"position\":2,\"name\":\"Susana, otra v\u00edctima de feminicidio en Oaxaca\"}]},{\"@type\":\"WebSite\",\"@id\":\"https:\\\/\\\/www.gesmujer.org\\\/sitio\\\/#website\",\"url\":\"https:\\\/\\\/www.gesmujer.org\\\/sitio\\\/\",\"name\":\"GESMujer \\\"Rosario Castellanos\\\"\",\"description\":\"M\u00e1s de 45 a\u00f1os ha llevado a cabo acciones para erradicar la violencia de g\u00e9nero y construir entornos donde las mujeres encuentren su resiliencia, incrementen su agencia y autonom\u00eda que les permita lograr su empoderamiento a trav\u00e9s de cinco l\u00edneas de acci\u00f3n.\",\"publisher\":{\"@id\":\"https:\\\/\\\/www.gesmujer.org\\\/sitio\\\/#organization\"},\"alternateName\":\"GESMujer\",\"potentialAction\":[{\"@type\":\"SearchAction\",\"target\":{\"@type\":\"EntryPoint\",\"urlTemplate\":\"https:\\\/\\\/www.gesmujer.org\\\/sitio\\\/?s={search_term_string}\"},\"query-input\":{\"@type\":\"PropertyValueSpecification\",\"valueRequired\":true,\"valueName\":\"search_term_string\"}}],\"inLanguage\":\"es\"},{\"@type\":\"Organization\",\"@id\":\"https:\\\/\\\/www.gesmujer.org\\\/sitio\\\/#organization\",\"name\":\"Grupo de estudios sobre la mujer Rosario Castellanos ac\",\"alternateName\":\"GESMujer\",\"url\":\"https:\\\/\\\/www.gesmujer.org\\\/sitio\\\/\",\"logo\":{\"@type\":\"ImageObject\",\"inLanguage\":\"es\",\"@id\":\"https:\\\/\\\/www.gesmujer.org\\\/sitio\\\/#\\\/schema\\\/logo\\\/image\\\/\",\"url\":\"https:\\\/\\\/www.gesmujer.org\\\/sitio\\\/wp-content\\\/uploads\\\/2026\\\/03\\\/Logo-GESMujer-300.png\",\"contentUrl\":\"https:\\\/\\\/www.gesmujer.org\\\/sitio\\\/wp-content\\\/uploads\\\/2026\\\/03\\\/Logo-GESMujer-300.png\",\"width\":300,\"height\":141,\"caption\":\"Grupo de estudios sobre la mujer Rosario Castellanos ac\"},\"image\":{\"@id\":\"https:\\\/\\\/www.gesmujer.org\\\/sitio\\\/#\\\/schema\\\/logo\\\/image\\\/\"},\"sameAs\":[\"https:\\\/\\\/www.facebook.com\\\/gesmujer.rosario.castellanos.ac\",\"https:\\\/\\\/x.com\\\/GES_Mujer\",\"https:\\\/\\\/www.instagram.com\\\/ges_mujer\\\/?hl=es\",\"https:\\\/\\\/www.youtube.com\\\/c\\\/GESMujerRosarioCastellanos\\\/videos\",\"https:\\\/\\\/soundcloud.com\\\/gesmujerac\",\"https:\\\/\\\/www.tiktok.com\\\/@gesmujer\"]},{\"@type\":\"Person\",\"@id\":\"https:\\\/\\\/www.gesmujer.org\\\/sitio\\\/#\\\/schema\\\/person\\\/50e03387f883646c2714c51783a7e288\",\"name\":\"cendoc\",\"image\":{\"@type\":\"ImageObject\",\"inLanguage\":\"es\",\"@id\":\"https:\\\/\\\/secure.gravatar.com\\\/avatar\\\/2f187338ccb33c33bc1b08e92e2247a6891db221398e12bbc0f5ff0cfc462495?s=96&d=mm&r=g\",\"url\":\"https:\\\/\\\/secure.gravatar.com\\\/avatar\\\/2f187338ccb33c33bc1b08e92e2247a6891db221398e12bbc0f5ff0cfc462495?s=96&d=mm&r=g\",\"contentUrl\":\"https:\\\/\\\/secure.gravatar.com\\\/avatar\\\/2f187338ccb33c33bc1b08e92e2247a6891db221398e12bbc0f5ff0cfc462495?s=96&d=mm&r=g\",\"caption\":\"cendoc\"},\"sameAs\":[\"http:\\\/\\\/gesmujer.org\"],\"url\":\"https:\\\/\\\/www.gesmujer.org\\\/sitio\\\/author\\\/cendoc\\\/\"}]}<\/script>\n<!-- \/ Yoast SEO plugin. -->","yoast_head_json":{"title":"Susana, otra v\u00edctima de feminicidio en Oaxaca - GESMujer &quot;Rosario Castellanos&quot;","robots":{"index":"index","follow":"follow","max-snippet":"max-snippet:-1","max-image-preview":"max-image-preview:large","max-video-preview":"max-video-preview:-1"},"canonical":"https:\/\/www.gesmujer.org\/sitio\/susana-otra-victima-de-feminicidio-en-oaxaca\/","og_locale":"es_MX","og_type":"article","og_title":"Susana, otra v\u00edctima de feminicidio en Oaxaca - GESMujer &quot;Rosario Castellanos&quot;","og_description":"Jueves 01 de Septiembre del 2022, Lupita Thomas, Quadrat\u00edn Oaxaca.- Susana es otra v\u00edctima de feminicidio en Oaxaca. Ten\u00eda apenas tres meses de casada y muri\u00f3, despu\u00e9s de recibir una golpiza por parte de su esposo. Jhovani, el presunto feminicida, qued\u00f3 a disposici\u00f3n del juez, para investigar las causas de la muerte. La noticia del [&hellip;]","og_url":"https:\/\/www.gesmujer.org\/sitio\/susana-otra-victima-de-feminicidio-en-oaxaca\/","og_site_name":"GESMujer &quot;Rosario Castellanos&quot;","article_publisher":"https:\/\/www.facebook.com\/gesmujer.rosario.castellanos.ac","article_published_time":"2022-09-02T16:55:22+00:00","article_modified_time":"2022-09-02T16:55:24+00:00","og_image":[{"width":900,"height":560,"url":"https:\/\/www.gesmujer.org\/sitio\/wp-content\/uploads\/2022\/09\/femincidio-susana.png","type":"image\/png"}],"author":"cendoc","twitter_card":"summary_large_image","twitter_creator":"@GES_Mujer","twitter_site":"@GES_Mujer","twitter_misc":{"Escrito por":"cendoc","Tiempo de lectura":"2 minutos"},"schema":{"@context":"https:\/\/schema.org","@graph":[{"@type":"Article","@id":"https:\/\/www.gesmujer.org\/sitio\/susana-otra-victima-de-feminicidio-en-oaxaca\/#article","isPartOf":{"@id":"https:\/\/www.gesmujer.org\/sitio\/susana-otra-victima-de-feminicidio-en-oaxaca\/"},"author":{"name":"cendoc","@id":"https:\/\/www.gesmujer.org\/sitio\/#\/schema\/person\/50e03387f883646c2714c51783a7e288"},"headline":"Susana, otra v\u00edctima de feminicidio en Oaxaca","datePublished":"2022-09-02T16:55:22+00:00","dateModified":"2022-09-02T16:55:24+00:00","mainEntityOfPage":{"@id":"https:\/\/www.gesmujer.org\/sitio\/susana-otra-victima-de-feminicidio-en-oaxaca\/"},"wordCount":435,"publisher":{"@id":"https:\/\/www.gesmujer.org\/sitio\/#organization"},"image":{"@id":"https:\/\/www.gesmujer.org\/sitio\/susana-otra-victima-de-feminicidio-en-oaxaca\/#primaryimage"},"thumbnailUrl":"https:\/\/www.gesmujer.org\/sitio\/wp-content\/uploads\/2022\/09\/femincidio-susana.png","keywords":["Feminicidios","GESMujer","Oaxaca","Violencia"],"articleSection":["Blog","MONITOREO","NOTICIAS","portada"],"inLanguage":"es"},{"@type":"WebPage","@id":"https:\/\/www.gesmujer.org\/sitio\/susana-otra-victima-de-feminicidio-en-oaxaca\/","url":"https:\/\/www.gesmujer.org\/sitio\/susana-otra-victima-de-feminicidio-en-oaxaca\/","name":"Susana, otra v\u00edctima de feminicidio en Oaxaca - GESMujer &quot;Rosario Castellanos&quot;","isPartOf":{"@id":"https:\/\/www.gesmujer.org\/sitio\/#website"},"primaryImageOfPage":{"@id":"https:\/\/www.gesmujer.org\/sitio\/susana-otra-victima-de-feminicidio-en-oaxaca\/#primaryimage"},"image":{"@id":"https:\/\/www.gesmujer.org\/sitio\/susana-otra-victima-de-feminicidio-en-oaxaca\/#primaryimage"},"thumbnailUrl":"https:\/\/www.gesmujer.org\/sitio\/wp-content\/uploads\/2022\/09\/femincidio-susana.png","datePublished":"2022-09-02T16:55:22+00:00","dateModified":"2022-09-02T16:55:24+00:00","breadcrumb":{"@id":"https:\/\/www.gesmujer.org\/sitio\/susana-otra-victima-de-feminicidio-en-oaxaca\/#breadcrumb"},"inLanguage":"es","potentialAction":[{"@type":"ReadAction","target":["https:\/\/www.gesmujer.org\/sitio\/susana-otra-victima-de-feminicidio-en-oaxaca\/"]}]},{"@type":"ImageObject","inLanguage":"es","@id":"https:\/\/www.gesmujer.org\/sitio\/susana-otra-victima-de-feminicidio-en-oaxaca\/#primaryimage","url":"https:\/\/www.gesmujer.org\/sitio\/wp-content\/uploads\/2022\/09\/femincidio-susana.png","contentUrl":"https:\/\/www.gesmujer.org\/sitio\/wp-content\/uploads\/2022\/09\/femincidio-susana.png","width":900,"height":560},{"@type":"BreadcrumbList","@id":"https:\/\/www.gesmujer.org\/sitio\/susana-otra-victima-de-feminicidio-en-oaxaca\/#breadcrumb","itemListElement":[{"@type":"ListItem","position":1,"name":"Home","item":"https:\/\/www.gesmujer.org\/sitio\/"},{"@type":"ListItem","position":2,"name":"Susana, otra v\u00edctima de feminicidio en Oaxaca"}]},{"@type":"WebSite","@id":"https:\/\/www.gesmujer.org\/sitio\/#website","url":"https:\/\/www.gesmujer.org\/sitio\/","name":"GESMujer \"Rosario Castellanos\"","description":"M\u00e1s de 45 a\u00f1os ha llevado a cabo acciones para erradicar la violencia de g\u00e9nero y construir entornos donde las mujeres encuentren su resiliencia, incrementen su agencia y autonom\u00eda que les permita lograr su empoderamiento a trav\u00e9s de cinco l\u00edneas de acci\u00f3n.","publisher":{"@id":"https:\/\/www.gesmujer.org\/sitio\/#organization"},"alternateName":"GESMujer","potentialAction":[{"@type":"SearchAction","target":{"@type":"EntryPoint","urlTemplate":"https:\/\/www.gesmujer.org\/sitio\/?s={search_term_string}"},"query-input":{"@type":"PropertyValueSpecification","valueRequired":true,"valueName":"search_term_string"}}],"inLanguage":"es"},{"@type":"Organization","@id":"https:\/\/www.gesmujer.org\/sitio\/#organization","name":"Grupo de estudios sobre la mujer Rosario Castellanos ac","alternateName":"GESMujer","url":"https:\/\/www.gesmujer.org\/sitio\/","logo":{"@type":"ImageObject","inLanguage":"es","@id":"https:\/\/www.gesmujer.org\/sitio\/#\/schema\/logo\/image\/","url":"https:\/\/www.gesmujer.org\/sitio\/wp-content\/uploads\/2026\/03\/Logo-GESMujer-300.png","contentUrl":"https:\/\/www.gesmujer.org\/sitio\/wp-content\/uploads\/2026\/03\/Logo-GESMujer-300.png","width":300,"height":141,"caption":"Grupo de estudios sobre la mujer Rosario Castellanos ac"},"image":{"@id":"https:\/\/www.gesmujer.org\/sitio\/#\/schema\/logo\/image\/"},"sameAs":["https:\/\/www.facebook.com\/gesmujer.rosario.castellanos.ac","https:\/\/x.com\/GES_Mujer","https:\/\/www.instagram.com\/ges_mujer\/?hl=es","https:\/\/www.youtube.com\/c\/GESMujerRosarioCastellanos\/videos","https:\/\/soundcloud.com\/gesmujerac","https:\/\/www.tiktok.com\/@gesmujer"]},{"@type":"Person","@id":"https:\/\/www.gesmujer.org\/sitio\/#\/schema\/person\/50e03387f883646c2714c51783a7e288","name":"cendoc","image":{"@type":"ImageObject","inLanguage":"es","@id":"https:\/\/secure.gravatar.com\/avatar\/2f187338ccb33c33bc1b08e92e2247a6891db221398e12bbc0f5ff0cfc462495?s=96&d=mm&r=g","url":"https:\/\/secure.gravatar.com\/avatar\/2f187338ccb33c33bc1b08e92e2247a6891db221398e12bbc0f5ff0cfc462495?s=96&d=mm&r=g","contentUrl":"https:\/\/secure.gravatar.com\/avatar\/2f187338ccb33c33bc1b08e92e2247a6891db221398e12bbc0f5ff0cfc462495?s=96&d=mm&r=g","caption":"cendoc"},"sameAs":["http:\/\/gesmujer.org"],"url":"https:\/\/www.gesmujer.org\/sitio\/author\/cendoc\/"}]}},"_links":{"self":[{"href":"https:\/\/www.gesmujer.org\/sitio\/wp-json\/wp\/v2\/posts\/27441","targetHints":{"allow":["GET"]}}],"collection":[{"href":"https:\/\/www.gesmujer.org\/sitio\/wp-json\/wp\/v2\/posts"}],"about":[{"href":"https:\/\/www.gesmujer.org\/sitio\/wp-json\/wp\/v2\/types\/post"}],"author":[{"embeddable":true,"href":"https:\/\/www.gesmujer.org\/sitio\/wp-json\/wp\/v2\/users\/4"}],"replies":[{"embeddable":true,"href":"https:\/\/www.gesmujer.org\/sitio\/wp-json\/wp\/v2\/comments?post=27441"}],"version-history":[{"count":1,"href":"https:\/\/www.gesmujer.org\/sitio\/wp-json\/wp\/v2\/posts\/27441\/revisions"}],"predecessor-version":[{"id":27443,"href":"https:\/\/www.gesmujer.org\/sitio\/wp-json\/wp\/v2\/posts\/27441\/revisions\/27443"}],"wp:featuredmedia":[{"embeddable":true,"href":"https:\/\/www.gesmujer.org\/sitio\/wp-json\/wp\/v2\/media\/27442"}],"wp:attachment":[{"href":"https:\/\/www.gesmujer.org\/sitio\/wp-json\/wp\/v2\/media?parent=27441"}],"wp:term":[{"taxonomy":"category","embeddable":true,"href":"https:\/\/www.gesmujer.org\/sitio\/wp-json\/wp\/v2\/categories?post=27441"},{"taxonomy":"post_tag","embeddable":true,"href":"https:\/\/www.gesmujer.org\/sitio\/wp-json\/wp\/v2\/tags?post=27441"}],"curies":[{"name":"wp","href":"https:\/\/api.w.org\/{rel}","templated":true}]}}